{"id":23665,"date":"2018-02-09T16:36:46","date_gmt":"2018-02-09T13:36:46","guid":{"rendered":"http:\/\/www.bbyhaber.com\/bby\/?p=23665"},"modified":"2018-02-09T16:37:02","modified_gmt":"2018-02-09T13:37:02","slug":"kizilayin-arsivleri-acildi","status":"publish","type":"post","link":"https:\/\/www.bbyhaber.com\/bby\/2018\/02\/09\/kizilayin-arsivleri-acildi","title":{"rendered":"K\u0131z\u0131lay\u2019\u0131n ar\u015fivleri a\u00e7\u0131ld\u0131"},"content":{"rendered":"<p><a href=\"http:\/\/www.bbyhaber.com\/bby\/wp-content\/uploads\/2018\/02\/kizilay-arsivi.jpg\"><img loading=\"lazy\" decoding=\"async\" class=\"alignleft size-full wp-image-23667\" src=\"http:\/\/www.bbyhaber.com\/bby\/wp-content\/uploads\/2018\/02\/kizilay-arsivi.jpg\" alt=\"\" width=\"390\" height=\"180\" \/><\/a>K\u0131z\u0131lay sava\u015flarda, m\u00fcbadele yollar\u0131nda, depremlerde,afet b\u00f6lgelerinde, \u00fclke topraklarda ve uzak co\u011frafyalarda verdi\u011fi hizmetin 149 y\u0131ll\u0131k foto\u011fraflar\u0131n\u0131 kullan\u0131m\u0131na a\u00e7t\u0131.<\/p>\n<p><strong>KIZILAY AR\u015e\u0130V\u0130 HAKKINDA<\/strong><\/p>\n<p>K\u0131z\u0131lay 149 y\u0131ld\u0131r, sava\u015flarda, m\u00fcbadele yollar\u0131nda, depremlerde, y\u00fczlerce afet b\u00f6lgesinde, a\u00e7l\u0131k ve yoksullukla m\u00fccadele eden topraklarda, \u00fclkemizde ve uzak co\u011frafyalarda insanl\u0131\u011f\u0131n hizmetinde olmu\u015f ve insani yard\u0131m \u00e7al\u0131\u015fmalar\u0131 y\u00fcr\u00fctm\u00fc\u015ft\u00fcr.<!--more--><\/p>\n<p>Asr\u0131 a\u015fan bu yolculuk hem \u00fclkemiz hem de d\u00fcnya tarihine tan\u0131kl\u0131k eden ve gelece\u011fe \u0131\u015f\u0131k tutacak binlerce bilgi, belge ve objeyi de beraberinde getirmi\u015ftir. \u00dclkemizin en k\u00f6kl\u00fc kurumlardan biri olan K\u0131z\u0131lay yine \u00fclkemizin en \u00f6nemli ar\u015fivlerinden birisine sahiptir. K\u0131z\u0131lay olarak k\u00f6kl\u00fc tarihimizle duydu\u011fumuz gururu, bu tarihin olu\u015fmas\u0131nda en b\u00fcy\u00fck paya sahip ba\u011f\u0131\u015f\u00e7\u0131lar\u0131m\u0131zla ve bu k\u00f6kl\u00fc kurumun ger\u00e7ek sahibi olan halk\u0131m\u0131zla ar\u015fivimiz arac\u0131l\u0131\u011f\u0131yla payla\u015f\u0131yoruz.<\/p>\n<p>K\u0131z\u0131lay ar\u015fivi; 1868 y\u0131l\u0131 Mecruhin ve Marda-y\u0131 Askeriyeye \u0130mdat ve Muavenet Cemiyeti\u2019nden T\u00fcrk K\u0131z\u0131lay\u0131\u2019na kadar uzanan d\u00f6neme ait belgelere sahiplik etmektedir. K\u0131z\u0131lay, sava\u015f d\u00f6nemlerinde \u00fcstlendi\u011fi rol ve sorumluluklar\u0131 nedeniyle T\u00fcrk ve D\u00fcnya tarihine \u0131\u015f\u0131k tutacak nitelikteki tarihi belgeleri ar\u015fivinde bulundurmaktad\u0131r. Osmanl\u0131 \u0130mparatorlu\u011funun son d\u00f6nemleri ile T\u00fcrkiye Cumhuriyetinin kurulu\u015fundan g\u00fcn\u00fcm\u00fcze kadar ge\u00e7en d\u00f6nemini yans\u0131tmaktad\u0131r. 1868 \u2018de Derne\u011fin kurulmas\u0131n\u0131 takiben, T\u00fcrk-Yunan Sava\u015f\u0131 ile ba\u015flayan, ard\u0131ndan Trablusgarp, Balkan Sava\u015flar\u0131, I. D\u00fcnya Sava\u015f\u0131 ile devam eden ve Kurtulu\u015f Sava\u015f\u0131\u2019yla son bulan d\u00f6neme ait binlerce belge ar\u015fivimizde bulunmaktad\u0131r. Cephelerde ve cephe gerisinde ger\u00e7ekle\u015ftirilen faaliyetler, yurti\u00e7i ve yurtd\u0131\u015f\u0131 \u00e7al\u0131\u015fmalar ve ilgili kurumlarla yap\u0131lan i\u015fbirlikleri, Hilal-i Ahmer\u2019in sosyal hayata kat\u0131l\u0131m\u0131 gibi konular bu d\u00f6nemin incelenmeye de\u011fer kesitlerinin en \u00f6nemlilerinden sadece bir ka\u00e7\u0131d\u0131r.<\/p>\n<p>Cumhuriyetin kurulu\u015fundan itibaren, Cemiyetin ad\u0131m ad\u0131m sosyal ve ekonomik hayata kat\u0131l\u0131m\u0131 ve y\u00fckselen ivmesinin yan\u0131 s\u0131ra \u00fclkemizin yard\u0131mla\u015fma k\u00fclt\u00fcr\u00fc, bireylerin sosyal ya\u015fama kat\u0131l\u0131m\u0131, dili, uluslararas\u0131 ili\u015fkileri, sa\u011fl\u0131k alan\u0131ndaki geli\u015fmeler, afetlerin seyri, kad\u0131n ve gen\u00e7lik \u00e7al\u0131\u015fmalar\u0131 da ar\u015fivimizden takip edilebilir. K\u0131z\u0131lay ar\u015fivi, K\u0131z\u0131lay\u2019\u0131n bug\u00fcn oldu\u011fu gibi kuruldu\u011fu ilk andan itibaren, insani yard\u0131m alan\u0131nda iz b\u0131rakan ve toplumumuzun t\u00fcm bireylerine \u201cBiz Oradayd\u0131k\u201d gururunu ya\u015fatan iyilik \u00e7al\u0131\u015fmalar\u0131n\u0131 sunman\u0131n yan\u0131 s\u0131ra \u00fclkemizin tarihine tan\u0131kl\u0131k etmektedir.<\/p>\n<p>K\u0131z\u0131lay, tarihe tan\u0131kl\u0131k eden belgelerini belirli bir s\u00fcre Eski\u015fehir\u2019de muhafaza ettikten sonra 1928 y\u0131l\u0131nda Ankara\u2019daki K\u0131z\u0131lay Genel Merkez binas\u0131na nakletmi\u015f ancak daha geni\u015f yere ihtiya\u00e7 duyulmas\u0131 sebebi ile 1941 y\u0131l\u0131nda K\u0131z\u0131lay Etimesgut yerle\u015fkesinde ambarlar\u0131ndan biri Ar\u015fiv haline d\u00f6n\u00fc\u015ft\u00fcr\u00fclm\u00fc\u015ft\u00fcr. Bu g\u00fc\u00e7l\u00fc tarihe ilk andan itibaren sahip \u00e7\u0131kan K\u0131z\u0131lay, ar\u015fivini korumu\u015f, yeniden yap\u0131lanma ve modernizasyon \u00e7al\u0131\u015fmalar\u0131 kapsam\u0131nda 2006 y\u0131l\u0131nda \u201cAr\u015fiv Projesi\u201d ni hayata ge\u00e7irmi\u015ftir.<\/p>\n<p>Kurulu\u015ftan 1928 y\u0131l\u0131na kadar ge\u00e7en d\u00f6neme ait eski yaz\u0131 belgelerin tasnifi 2010 y\u0131l\u0131n\u0131n sonunda tamamlanarak modern ar\u015fiv binas\u0131nda muhafaza edilen belgeler ara\u015ft\u0131rmac\u0131lara a\u00e7\u0131lm\u0131\u015ft\u0131r. 1928 y\u0131l\u0131 sonras\u0131 yeni yaz\u0131 d\u00f6neme ait belgeler \u00fczerinde tasnif \u00e7al\u0131\u015fmalar\u0131 devam etmektedir.<\/p>\n<p>1868\u2019den Harf \u0130nk\u0131lab\u0131na kadar olan d\u00f6neme ait \u00e7o\u011funlu\u011fu Osmanl\u0131ca olan Frans\u0131zca, \u0130ngilizce, Rus\u00e7a vd. dillerde yakla\u015f\u0131k 1600 kutu belge, 550 adet defter ile Balkan ve D\u00fcnya Sava\u015flar\u0131\u2019ndaki T\u00fcrk ve yabanc\u0131 esirlere ait yakla\u015f\u0131k 308.645 adet esir kart\u0131 bulunmaktad\u0131r.<\/p>\n<p>Ar\u015fivdeki en eski belge 8 May\u0131s 1864 tarihli Abd\u00fclaziz taraf\u0131ndan Marko Pa\u015fa\u2019ya feriklik \u00fcnvan\u0131 verildi\u011fini g\u00f6sterir beratt\u0131r (Dr. Marko Pa\u015fa\u2019n\u0131n torunu Say\u0131n Despina ANATS taraf\u0131ndan 2015 y\u0131l\u0131nda T\u00fcrk K\u0131z\u0131lay\u0131 Ar\u015fivi\u2019ne ba\u011f\u0131\u015flanm\u0131\u015ft\u0131r).<\/p>\n<p>1868 y\u0131l\u0131ndan 1928 y\u0131l\u0131na kadar olan Osmanl\u0131ca, Frans\u0131zca, \u0130ngilizce belgelerin b\u00fcy\u00fck bir b\u00f6l\u00fcm\u00fcn\u00fcn i\u00e7erik analizi yap\u0131lm\u0131\u015ft\u0131r ve katalog kay\u0131tlar\u0131na web sitemiz \u00fczerinden eri\u015fim m\u00fcmk\u00fcnd\u00fcr.<\/p>\n<p><strong>Belgeler:<\/strong><\/p>\n<p>Yard\u0131m Yaz\u0131\u015fmalar\u0131<br \/>\nHastane Yaz\u0131\u015fmalar\u0131<br \/>\nHasta Raporlar\u0131<br \/>\nEsir mektup ve yaz\u0131\u015fmalar\u0131<br \/>\nEsir Listeleri<br \/>\nEsir Kartlar\u0131<\/p>\n<p><strong>Defterler:<\/strong><\/p>\n<p>Hesap Defterleri<br \/>\nHastane Yaz\u0131\u015fma Defterleri<br \/>\nEsir Defterleri<br \/>\nYevmiye Defterleri<br \/>\nAmbar Defterleri<br \/>\nProtokol Defterleri<br \/>\nKarantina Defterleri<br \/>\nMuhaberat Defterleri<br \/>\nK\u0131z\u0131lha\u00e7larla Yap\u0131lan Yaz\u0131\u015fma Defterleri<\/p>\n<p><strong>G\u00f6rsel Materyaller:<\/strong><\/p>\n<p>Haritalar, krokiler<br \/>\nKartpostallar<br \/>\nFoto\u011fraflar<br \/>\nResimler<br \/>\nPullar<br \/>\nAfi\u015fler<\/p>\n<p><a href=\"http:\/\/kizilaytarih.org\" target=\"_blank\" rel=\"noopener\"><strong>K\u0131z\u0131lay Ar\u015fiv sitesi i\u00e7in t\u0131klay\u0131n\u0131z<\/strong><\/a><\/p>\n","protected":false},"excerpt":{"rendered":"<p>K\u0131z\u0131lay sava\u015flarda, m\u00fcbadele yollar\u0131nda, depremlerde,afet b\u00f6lgelerinde, \u00fclke topraklarda ve uzak co\u011frafyalarda verdi\u011fi hizmetin 149 y\u0131ll\u0131k foto\u011fraflar\u0131n\u0131 kullan\u0131m\u0131na a\u00e7t\u0131. KIZILAY AR\u015e\u0130V\u0130 HAKKINDA K\u0131z\u0131lay 149 y\u0131ld\u0131r, sava\u015flarda, m\u00fcbadele yollar\u0131nda, depremlerde, y\u00fczlerce afet b\u00f6lgesinde, a\u00e7l\u0131k ve yoksullukla m\u00fccadele eden topraklarda, \u00fclkemizde ve uzak co\u011frafyalarda insanl\u0131\u011f\u0131n hizmetinde olmu\u015f ve insani yard\u0131m \u00e7al\u0131\u015fmalar\u0131 y\u00fcr\u00fctm\u00fc\u015ft\u00fcr.<\/p>\n","protected":false},"author":1,"featured_media":23667,"comment_status":"open","ping_status":"open","sticky":false,"template":"","format":"standard","meta":{"footnotes":""},"categories":[],"tags":[1096],"class_list":["post-23665","post","type-post","status-publish","format-standard","has-post-thumbnail","hentry","tag-arsivcilik"],"_links":{"self":[{"href":"https:\/\/www.bbyhaber.com\/bby\/wp-json\/wp\/v2\/posts\/23665"}],"collection":[{"href":"https:\/\/www.bbyhaber.com\/bby\/wp-json\/wp\/v2\/posts"}],"about":[{"href":"https:\/\/www.bbyhaber.com\/bby\/wp-json\/wp\/v2\/types\/post"}],"author":[{"embeddable":true,"href":"https:\/\/www.bbyhaber.com\/bby\/wp-json\/wp\/v2\/users\/1"}],"replies":[{"embeddable":true,"href":"https:\/\/www.bbyhaber.com\/bby\/wp-json\/wp\/v2\/comments?post=23665"}],"version-history":[{"count":2,"href":"https:\/\/www.bbyhaber.com\/bby\/wp-json\/wp\/v2\/posts\/23665\/revisions"}],"predecessor-version":[{"id":23669,"href":"https:\/\/www.bbyhaber.com\/bby\/wp-json\/wp\/v2\/posts\/23665\/revisions\/23669"}],"wp:featuredmedia":[{"embeddable":true,"href":"https:\/\/www.bbyhaber.com\/bby\/wp-json\/wp\/v2\/media\/23667"}],"wp:attachment":[{"href":"https:\/\/www.bbyhaber.com\/bby\/wp-json\/wp\/v2\/media?parent=23665"}],"wp:term":[{"taxonomy":"category","embeddable":true,"href":"https:\/\/www.bbyhaber.com\/bby\/wp-json\/wp\/v2\/categories?post=23665"},{"taxonomy":"post_tag","embeddable":true,"href":"https:\/\/www.bbyhaber.com\/bby\/wp-json\/wp\/v2\/tags?post=23665"}],"curies":[{"name":"wp","href":"https:\/\/api.w.org\/{rel}","templated":true}]}}