{"id":23656,"date":"2018-02-08T16:02:01","date_gmt":"2018-02-08T13:02:01","guid":{"rendered":"http:\/\/www.bbyhaber.com\/bby\/?p=23656"},"modified":"2018-04-08T15:59:18","modified_gmt":"2018-04-08T12:59:18","slug":"okuma-kulturunun-gelistirilmesi-calistayi7-8-nisan-2018-istanbul","status":"publish","type":"post","link":"https:\/\/www.bbyhaber.com\/bby\/2018\/02\/08\/okuma-kulturunun-gelistirilmesi-calistayi7-8-nisan-2018-istanbul","title":{"rendered":"Okuma K\u00fclt\u00fcr\u00fcn\u00fcn Geli\u015ftirilmesi \u00c7al\u0131\u015ftay\u0131,7-8 Nisan 2018, \u0130stanbul"},"content":{"rendered":"<p><a href=\"http:\/\/www.bbyhaber.com\/bby\/wp-content\/uploads\/2018\/02\/okuma-kulturu-calistayi-manset.jpg\"><img loading=\"lazy\" decoding=\"async\" class=\"alignleft wp-image-23662 size-full\" src=\"http:\/\/www.bbyhaber.com\/bby\/wp-content\/uploads\/2018\/02\/okuma-kulturu-calistayi-manset.jpg\" alt=\"\" width=\"390\" height=\"180\" \/><\/a>Toplumlar\u0131n geli\u015fmi\u015flik d\u00fczeyini belirleyen en \u00f6nemli \u00f6\u011felerden birisi okuma k\u00fclt\u00fcr\u00fcd\u00fcr. Okuma k\u00fclt\u00fcr\u00fcne sahip olan toplumlar; k\u00fclt\u00fcrel, ekonomik ve toplumsal geli\u015fimlerini tamamlam\u0131\u015f toplumlard\u0131r. Okuma al\u0131\u015fkanl\u0131\u011f\u0131, uzun s\u00fcre\u00e7te kazan\u0131lan bir edinimdir. Okurun \u201cyaz\u0131\u201d d\u00fcnyas\u0131ndaki tercihleri, takip etti\u011fi yazarlar, yay\u0131nevleri, s\u00fcreli yay\u0131nlar ve b\u00fct\u00fcn bunlara y\u00f6nelik tutumu bireylerin \u2018okuma k\u00fclt\u00fcr\u00fc\u2019n\u00fc olu\u015fturmaktad\u0131r.<!--more--><\/p>\n<p>T.C. K\u00fclt\u00fcr ve Turizm Bakanl\u0131\u011f\u0131 III. Milli K\u00fclt\u00fcr \u015euras\u0131 Eylem Plan\u0131\u2019n\u0131n Yay\u0131nc\u0131l\u0131k ve K\u00fct\u00fcphanecilik b\u00f6l\u00fcm\u00fcnde \u201cOkuma k\u00fclt\u00fcr\u00fcn\u00fcn geli\u015ftirilmesi i\u00e7in projeler ger\u00e7ekle\u015ftirilmesi\u201d ikinci eylem maddesi olarak belirlenmi\u015ftir.\u00a0<strong>Okuma K\u00fclt\u00fcr\u00fcn\u00fcn Geli\u015ftirilmesi \u00c7al\u0131\u015ftay\u0131\u00a0<\/strong>bu eylemin ger\u00e7ekle\u015ftirilmesine d\u00f6n\u00fck bir \u00e7al\u0131\u015fma olarak K\u00fclt\u00fcr ve Turizm Bakanl\u0131\u011f\u0131, Bas\u0131n Yay\u0131n Birli\u011fi ve Uluslararas\u0131 \u00d6nc\u00fc E\u011fitimciler Derne\u011fi ortakl\u0131\u011f\u0131nda d\u00fczenlenmektedir.<\/p>\n<p><strong>Okuma K\u00fclt\u00fcr\u00fcn\u00fcn Geli\u015ftirilmesi \u00c7al\u0131\u015ftay\u0131\u2019nda<\/strong>\u00a0okuma k\u00fclt\u00fcr\u00fcn\u00fcn olu\u015fmas\u0131nda etkili olan s\u00fcre\u00e7 ve etkinlikler ele al\u0131nacakt\u0131r. Bu kapsamda \u00f6\u011frenci, \u00f6\u011fretmen, sivil toplum kurulu\u015flar\u0131, kamu kurumlar\u0131, kamuoyu, medya ve yay\u0131n evlerinin misyon, vizyon ve uygulamalar\u0131n\u0131 amaca y\u00f6neltecek proje ve etkinliklerin geli\u015ftirilmesi planlanmaktad\u0131r.\u00a0<strong>\u00c7al\u0131\u015ftay sonunda haz\u0131rlanacak rapor ile okuma k\u00fclt\u00fcr\u00fcn\u00fcn geli\u015ftirilmesine y\u00f6nelik elde edilen etkinlik ve proje \u00f6nerilerinin hayata ge\u00e7irilmesi hedeflenmektedir.<\/strong><\/p>\n<p>Okuma k\u00fclt\u00fcr\u00fcne sahip; d\u00fc\u015f\u00fcnen, ele\u015ftiren, \u00fcreten ve duyarl\u0131 bireylerin yeti\u015fmesine katk\u0131 sa\u011flamak amac\u0131yla d\u00fczenledi\u011fimiz \u00e7al\u0131\u015ftaya\u00a0<strong>m\u00fczakere ve etkinlik \u2013 proje<\/strong>\u00a0<strong>\u00f6nerilerinizle\u00a0<\/strong>kat\u0131lman\u0131z\u0131 bekliyoruz. De\u011ferli katk\u0131lar\u0131n\u0131z bizi bu yolda g\u00fc\u00e7lendirecek, amac\u0131m\u0131z do\u011frultusunda nitelikli bir \u00e7al\u0131\u015fma y\u00fcr\u00fctmemizi destekleyecektir.<\/p>\n<p><strong>\u00c7al\u0131\u015ftay M\u00fczakere \u00d6nerisi ve Etkinlik \u2013 Proje \u00d6nerisi Alanlar\u0131:<\/strong><\/p>\n<p><em>[\u00c7al\u0131\u015ftaya\u00a0<u>yedi \u00e7al\u0131\u015fma alan\u0131<\/u>ndan birini se\u00e7erek m\u00fczakere etmek istedi\u011finiz \u00f6neriyi ve hayata ge\u00e7irilmesini istedi\u011finiz bir etkinli\u011fi \u2013 projeyi yazarak ba\u015fvurunuz.]<\/em><\/p>\n<ol>\n<li>Kamuoyunda Okuma K\u00fclt\u00fcr\u00fcn\u00fcn Geli\u015ftirilmesine Y\u00f6nelik Yap\u0131lacak \u00c7al\u0131\u015fmalar,<\/li>\n<li>Yay\u0131nevlerinin Okuma K\u00fclt\u00fcr\u00fcn\u00fc Geli\u015ftirilmesine Y\u00f6nelik Yay\u0131n Politikalar\u0131 ve Yelpazesinin Olu\u015fturulmas\u0131,<\/li>\n<li>STK\u2019lar\u0131n Okuma K\u00fclt\u00fcr\u00fcn\u00fcn Geli\u015ftirilmesine Y\u00f6nelik Politikalar\u0131 ve Faaliyet Alanlar\u0131n\u0131n Olu\u015fturulmas\u0131,<\/li>\n<li>Kamunun Okuma K\u00fclt\u00fcr\u00fcn\u00fcn Geli\u015ftirilmesine Y\u00f6nelik Politikalar\u0131n\u0131n Olu\u015fturulmas\u0131,<\/li>\n<li>\u00d6\u011frencilerin Okuma K\u00fclt\u00fcr\u00fcn\u00fcn Geli\u015ftirilmesine Y\u00f6nelik Yap\u0131lacak Faaliyetlerin Olu\u015fturulmas\u0131<\/li>\n<li>\u00d6\u011fretmenlerin Okuma K\u00fclt\u00fcr\u00fcn\u00fcn Geli\u015ftirilmesine Y\u00f6nelik \u00c7al\u0131\u015fmalar,<\/li>\n<li>E\u011fitim Programlar\u0131n\u0131n Okuma K\u00fclt\u00fcr\u00fcn\u00fc Te\u015fvik Etmesine Y\u00f6nelik Yap\u0131lacak \u00c7al\u0131\u015fmalar.<\/li>\n<\/ol>\n<p><strong>\u00d6rnek M\u00fczakere ve Etkinlik \u2013 Proje Konular\u0131<\/strong><\/p>\n<ul>\n<li>\u00d6\u011fretmen E\u011fitimleri<\/li>\n<li>\u00d6\u011frenci Yar\u0131\u015fmalar\u0131<\/li>\n<li>Okuma Kamplar\u0131<\/li>\n<li>STK Etkinlikleri<\/li>\n<li>Yay\u0131nevi Kampanyalar\u0131<\/li>\n<li>K\u00fct\u00fcphane Bulu\u015fmalar\u0131<\/li>\n<li>K\u00fct\u00fcphane Tasar\u0131mlar\u0131<\/li>\n<li>K\u00fct\u00fcphaneye Eri\u015fim<\/li>\n<li>Sosyal Medya Etkinlikleri<\/li>\n<li>Uzaktan E\u011fitim Etkinlikleri<\/li>\n<li>\u00c7ocuk Yazarlar<\/li>\n<li>Animasyon<\/li>\n<li>Karikat\u00fcr<\/li>\n<li>Kamu Spotu<\/li>\n<li>Afi\u015f<\/li>\n<li>\u00c7izgi Film<\/li>\n<li>Cami Etkinlikleri<\/li>\n<li>Fiziksel Mek\u00e2n Tasar\u0131m\u0131<\/li>\n<li>E\u011fitsel Uygulamalar<\/li>\n<li>S\u0131n\u0131f \u0130\u00e7i E\u011fitim Etkinlikleri<\/li>\n<li>Sosyal Medya Kullan\u0131m\u0131<\/li>\n<li>\u0130nternet Siteleri<\/li>\n<li>Yazar \u00d6\u011fretmen Etkinlikleri<\/li>\n<li>Okur \u2013 Yazar Bulu\u015fmalar\u0131<\/li>\n<li>Kitap Fuarlar\u0131<\/li>\n<li>Mobil Uygulamalar<\/li>\n<li>Bilgi-Belge Okumalar\u0131<\/li>\n<li>Sanat Okumalar\u0131<\/li>\n<li>\u015eehir Okumalar\u0131<\/li>\n<li>Medya Okuryazarl\u0131\u011f\u0131<\/li>\n<\/ul>\n<p><strong>\u00c7ER\u00c7EVE<\/strong><\/p>\n<ul>\n<li>Okuma K\u00fclt\u00fcr\u00fcn\u00fcn Geli\u015ftirilmesi \u00c7al\u0131\u015ftay\u0131\u2019n\u0131n dili T\u00fcrk\u00e7edir.<\/li>\n<li>\u00c7al\u0131\u015ftaya iki ayr\u0131 \u00f6neri ile ba\u015fvuru al\u0131nmaktad\u0131r. Kat\u0131l\u0131mc\u0131 \u00f6ncelikle m\u00fczakere \u00f6nerisinde bulunacak, ard\u0131ndan etkinlik \u2013 proje \u00f6nerisiyle ba\u015fvurusunu tamamlayacakt\u0131r.<\/li>\n<li>\u00c7al\u0131\u015ftay; \u201c\u00c7al\u0131\u015ftay \u00d6neri Alanlar\u0131n\u0131n M\u00fczakeresi ve \u00c7\u00f6z\u00fcm \u00d6nerileri\u201d ile \u201c\u00c7al\u0131\u015fma Komisyonlar\u0131 Proje \u00d6rneklerinin Olu\u015fturulmas\u0131\u201d oturumlar\u0131ndan olu\u015facakt\u0131r.<\/li>\n<li>Ba\u015fvurular internet sitesinden \u00e7evrimi\u00e7i yap\u0131lacakt\u0131r.<\/li>\n<\/ul>\n<p><strong>K\u0130MLER BA\u015eVURAB\u0130L\u0130R?<\/strong><\/p>\n<ul>\n<li>\u00d6\u011fretmenler, STK Temsilcileri ve G\u00f6n\u00fcll\u00fcleri, \u0130lgili Kamu Kurumu Y\u00f6neticileri, Medya Temsilcileri, Yay\u0131nevleri, \u00d6\u011fretim \u00dcyeleri, Ara\u015ft\u0131rmac\u0131lar, Gazeteciler, Yazarlar, \u00dcniversite \u00d6\u011frencileri\u2026<\/li>\n<li>\u00c7al\u0131\u015ftay kat\u0131l\u0131m\u0131 \u00fclkemizdeki okuma k\u00fclt\u00fcr\u00fcn\u00fcn geli\u015ftirilmesine y\u00f6nelik \u00e7al\u0131\u015fmalarda yer alm\u0131\u015f \/ alacak t\u00fcm payda\u015flara, ki\u015fi, kurum ve kurulu\u015flara a\u00e7\u0131kt\u0131r.<\/li>\n<\/ul>\n<p><span style=\"color: #0000ff;\"><strong>NASIL BA\u015eVURAB\u0130L\u0130R\u0130M?<\/strong><\/span><\/p>\n<ul>\n<li>\u00c7al\u0131\u015ftay \u00f6nerilerinizle birlikte k\u0131sa \u00f6zge\u00e7mi\u015finizi haz\u0131rlay\u0131n\u0131z.<\/li>\n<li><span style=\"color: #ff0000;\"><strong>Ba\u015fvurunuzu 10 Mart 2018 tarihine kadar<\/strong><\/span>\u00a0\u00a0<a href=\"http:\/\/www.oncuegitimciler.org.tr\/okumakulturucalistayi\" target=\"_blank\" rel=\"noopener\">http:\/\/www.oncuegitimciler.org.tr\/okumakulturucalistayi<\/a>\u00a0adresinden \u00e7evrimi\u00e7i olarak yap\u0131n\u0131z.<\/li>\n<\/ul>\n<p><strong>YOL VE KONAKLAMA<\/strong><\/p>\n<ul>\n<li>\u00c7al\u0131\u015ftaya kat\u0131l\u0131m \u00fccretsizdir.<\/li>\n<li>\u00d6nerisi kabul edilenlerin ula\u015f\u0131m, konaklama ve ia\u015feleri taraf\u0131m\u0131zdan kar\u015f\u0131lanacakt\u0131r.<\/li>\n<\/ul>\n<p><strong>\u0130LET\u0130\u015e\u0130M<\/strong><\/p>\n<p>Dr. \u0130smail TONBULO\u011eLU \u2013 Uluslararas\u0131 \u00d6nc\u00fc E\u011fitimciler Derne\u011fi \u2013\u00a0<a href=\"mailto:oncuegitimciler@gmail.com\">oncuegitimciler@gmail.com<\/a><\/p>\n<p><strong>\u00d6NEML\u0130 TAR\u0130HLER<\/strong><\/p>\n<ul>\n<li>\u00c7al\u0131\u015ftay M\u00fczakere ve Etkinlik \u2013 Proje \u00d6neri Ba\u015fvurular\u0131 \u0130\u00e7in Son Tarih:\u00a0<strong>10 Mart 2018<\/strong><\/li>\n<li>Kabul Edilen Ba\u015fvurular\u0131n Duyurulmas\u0131 ve Program\u0131n \u0130lan\u0131:\u00a0<strong>15 Mart 2018<\/strong><\/li>\n<li>M\u00fczakere ve Etkinlik \u2013 Proje \u00d6neri Tam Metinlerin Al\u0131m\u0131:\u00a0<strong>22 Mart\u00a0 2018<\/strong><\/li>\n<li>Okuma K\u00fclt\u00fcr\u00fcn\u00fcn Geli\u015ftirilmesi \u00c7al\u0131\u015ftay\u0131:\u00a0<strong>7 \u2013 8 Nisan 2018<\/strong><\/li>\n<\/ul>\n","protected":false},"excerpt":{"rendered":"<p>Toplumlar\u0131n geli\u015fmi\u015flik d\u00fczeyini belirleyen en \u00f6nemli \u00f6\u011felerden birisi okuma k\u00fclt\u00fcr\u00fcd\u00fcr. Okuma k\u00fclt\u00fcr\u00fcne sahip olan toplumlar; k\u00fclt\u00fcrel, ekonomik ve toplumsal geli\u015fimlerini tamamlam\u0131\u015f toplumlard\u0131r. Okuma al\u0131\u015fkanl\u0131\u011f\u0131, uzun s\u00fcre\u00e7te kazan\u0131lan bir edinimdir. Okurun \u201cyaz\u0131\u201d d\u00fcnyas\u0131ndaki tercihleri, takip etti\u011fi yazarlar, yay\u0131nevleri, s\u00fcreli yay\u0131nlar ve b\u00fct\u00fcn bunlara y\u00f6nelik tutumu bireylerin \u2018okuma k\u00fclt\u00fcr\u00fc\u2019n\u00fc olu\u015fturmaktad\u0131r.<\/p>\n","protected":false},"author":1,"featured_media":23662,"comment_status":"open","ping_status":"open","sticky":false,"template":"","format":"standard","meta":{"footnotes":""},"categories":[],"tags":[1395],"class_list":["post-23656","post","type-post","status-publish","format-standard","has-post-thumbnail","hentry","tag-bby-mesleki-etkinlikler-arsivi"],"_links":{"self":[{"href":"https:\/\/www.bbyhaber.com\/bby\/wp-json\/wp\/v2\/posts\/23656"}],"collection":[{"href":"https:\/\/www.bbyhaber.com\/bby\/wp-json\/wp\/v2\/posts"}],"about":[{"href":"https:\/\/www.bbyhaber.com\/bby\/wp-json\/wp\/v2\/types\/post"}],"author":[{"embeddable":true,"href":"https:\/\/www.bbyhaber.com\/bby\/wp-json\/wp\/v2\/users\/1"}],"replies":[{"embeddable":true,"href":"https:\/\/www.bbyhaber.com\/bby\/wp-json\/wp\/v2\/comments?post=23656"}],"version-history":[{"count":3,"href":"https:\/\/www.bbyhaber.com\/bby\/wp-json\/wp\/v2\/posts\/23656\/revisions"}],"predecessor-version":[{"id":23663,"href":"https:\/\/www.bbyhaber.com\/bby\/wp-json\/wp\/v2\/posts\/23656\/revisions\/23663"}],"wp:featuredmedia":[{"embeddable":true,"href":"https:\/\/www.bbyhaber.com\/bby\/wp-json\/wp\/v2\/media\/23662"}],"wp:attachment":[{"href":"https:\/\/www.bbyhaber.com\/bby\/wp-json\/wp\/v2\/media?parent=23656"}],"wp:term":[{"taxonomy":"category","embeddable":true,"href":"https:\/\/www.bbyhaber.com\/bby\/wp-json\/wp\/v2\/categories?post=23656"},{"taxonomy":"post_tag","embeddable":true,"href":"https:\/\/www.bbyhaber.com\/bby\/wp-json\/wp\/v2\/tags?post=23656"}],"curies":[{"name":"wp","href":"https:\/\/api.w.org\/{rel}","templated":true}]}}