{"id":23638,"date":"2018-02-08T09:21:11","date_gmt":"2018-02-08T06:21:11","guid":{"rendered":"http:\/\/www.bbyhaber.com\/bby\/?p=23638"},"modified":"2018-02-25T09:17:05","modified_gmt":"2018-02-25T06:17:05","slug":"karadeniz-4-kitap-fuari-20-25-subat-2018-samsun","status":"publish","type":"post","link":"https:\/\/www.bbyhaber.com\/bby\/2018\/02\/08\/karadeniz-4-kitap-fuari-20-25-subat-2018-samsun","title":{"rendered":"Karadeniz 4. Kitap Fuar\u0131, 20-25 \u015eubat 2018, Samsun"},"content":{"rendered":"<p><a href=\"http:\/\/www.bbyhaber.com\/bby\/wp-content\/uploads\/2018\/02\/karadeniz-kitap-fuari.jpg\"><img loading=\"lazy\" decoding=\"async\" class=\"alignleft size-full wp-image-23641\" src=\"http:\/\/www.bbyhaber.com\/bby\/wp-content\/uploads\/2018\/02\/karadeniz-kitap-fuari.jpg\" alt=\"\" width=\"390\" height=\"180\" \/><\/a>Karadeniz Kitap Fuar\u0131 i\u00e7in geri say\u0131m ba\u015flad\u0131. Bu y\u0131l d\u00f6rd\u00fcnc\u00fc kez d\u00fczenlenecek fuar <strong>20-25 \u015eubat<\/strong> tarihleri aras\u0131nda sanatseverlerle bulu\u015facak. T\u00dcYAP T\u00fcm Fuarc\u0131l\u0131k Yap\u0131m A.\u015e. taraf\u0131ndan, T\u00fcrkiye Yay\u0131nc\u0131lar Birli\u011fi i\u015fbirli\u011fi beraberinde Samsun Valili\u011fi, B\u00fcy\u00fck\u015fehir Belediyesi, Ticaret ve Sanayi Odas\u0131, Ticaret Borsas\u0131, Esnaf ve Sanatkarlar Odalar\u0131 Birli\u011fi ve \u0130l Milli E\u011fitim M\u00fcd\u00fcrl\u00fc\u011f\u00fc deste\u011fi ile haz\u0131rlanan Karadeniz 4. Kitap Fuar\u0131, 20-25 \u015eubat 2018 tarihleri aras\u0131nda T\u00dcYAP Samsun Fuar ve Kongre Merkezi\u2019nde kap\u0131lar\u0131n\u0131 a\u00e7maya haz\u0131rlan\u0131yor.<!--more--><\/p>\n<p>220 YAYINEV\u0130 60 ETK\u0130NL\u0130K<\/p>\n<p>B\u00f6lgenin k\u00fclt\u00fcrel ya\u015fam\u0131na \u00f6nemli katk\u0131 sa\u011flayacak olan Karadeniz Kitap Fuar\u0131\u2019na 220 yay\u0131nevi ve sivil toplum kurulu\u015fu kat\u0131l\u0131rken, fuar s\u00fcresince panel, s\u00f6yle\u015fi, at\u00f6lye \u00e7al\u0131\u015fmas\u0131 ve \u00e7ocuk etkinliklerinden olu\u015fan 60 k\u00fclt\u00fcr etkinli\u011fi d\u00fczenlenecek.<\/p>\n<p>20 \u015eubat&#8217;ta a\u00e7\u0131lacak olan ve giri\u015fin \u00fccretsiz oldu\u011fu Karadeniz Kitap Fuar\u0131 her g\u00fcn 10.00-19.30, kapan\u0131\u015f g\u00fcn\u00fc olan 25 \u015eubat 2018 Pazar g\u00fcn\u00fc ise 10.00-19.00 saatleri aras\u0131nda ziyaret edilebilir.<\/p>\n<p><strong>Adres:<\/strong> T\u00dcYAP Samsun Fuar ve Kongre Merkezi Atat\u00fcrk Bulvar\u0131 Cumhuriyet Mah. Cumhuriyet Sk. No:2 Tekkek\u00f6y \/ SAMSUN (Ya\u015far Do\u011fu Spor Salonu Yan\u0131)<\/p>\n<p><strong>Web Sayfas\u0131:\u00a0<\/strong><a href=\"http:\/\/karadenizkitapfuarisamsun.com\/\" target=\"_blank\" rel=\"noopener\">http:\/\/karadenizkitapfuarisamsun.com\/<\/a><\/p>\n","protected":false},"excerpt":{"rendered":"<p>Karadeniz Kitap Fuar\u0131 i\u00e7in geri say\u0131m ba\u015flad\u0131. Bu y\u0131l d\u00f6rd\u00fcnc\u00fc kez d\u00fczenlenecek fuar 20-25 \u015eubat tarihleri aras\u0131nda sanatseverlerle bulu\u015facak. T\u00dcYAP T\u00fcm Fuarc\u0131l\u0131k Yap\u0131m A.\u015e. taraf\u0131ndan, T\u00fcrkiye Yay\u0131nc\u0131lar Birli\u011fi i\u015fbirli\u011fi beraberinde Samsun Valili\u011fi, B\u00fcy\u00fck\u015fehir Belediyesi, Ticaret ve Sanayi Odas\u0131, Ticaret Borsas\u0131, Esnaf ve Sanatkarlar Odalar\u0131 Birli\u011fi ve \u0130l Milli E\u011fitim M\u00fcd\u00fcrl\u00fc\u011f\u00fc deste\u011fi ile haz\u0131rlanan Karadeniz 4. [&hellip;]<\/p>\n","protected":false},"author":1,"featured_media":23641,"comment_status":"open","ping_status":"open","sticky":false,"template":"","format":"standard","meta":{"footnotes":""},"categories":[1493,588],"tags":[],"class_list":["post-23638","post","type-post","status-publish","format-standard","has-post-thumbnail","hentry","category-kitap-fuarlari-2","category-kitap-fuarlari"],"_links":{"self":[{"href":"https:\/\/www.bbyhaber.com\/bby\/wp-json\/wp\/v2\/posts\/23638"}],"collection":[{"href":"https:\/\/www.bbyhaber.com\/bby\/wp-json\/wp\/v2\/posts"}],"about":[{"href":"https:\/\/www.bbyhaber.com\/bby\/wp-json\/wp\/v2\/types\/post"}],"author":[{"embeddable":true,"href":"https:\/\/www.bbyhaber.com\/bby\/wp-json\/wp\/v2\/users\/1"}],"replies":[{"embeddable":true,"href":"https:\/\/www.bbyhaber.com\/bby\/wp-json\/wp\/v2\/comments?post=23638"}],"version-history":[{"count":2,"href":"https:\/\/www.bbyhaber.com\/bby\/wp-json\/wp\/v2\/posts\/23638\/revisions"}],"predecessor-version":[{"id":23643,"href":"https:\/\/www.bbyhaber.com\/bby\/wp-json\/wp\/v2\/posts\/23638\/revisions\/23643"}],"wp:featuredmedia":[{"embeddable":true,"href":"https:\/\/www.bbyhaber.com\/bby\/wp-json\/wp\/v2\/media\/23641"}],"wp:attachment":[{"href":"https:\/\/www.bbyhaber.com\/bby\/wp-json\/wp\/v2\/media?parent=23638"}],"wp:term":[{"taxonomy":"category","embeddable":true,"href":"https:\/\/www.bbyhaber.com\/bby\/wp-json\/wp\/v2\/categories?post=23638"},{"taxonomy":"post_tag","embeddable":true,"href":"https:\/\/www.bbyhaber.com\/bby\/wp-json\/wp\/v2\/tags?post=23638"}],"curies":[{"name":"wp","href":"https:\/\/api.w.org\/{rel}","templated":true}]}}