{"id":2361,"date":"2012-01-31T07:35:26","date_gmt":"2012-01-31T07:35:26","guid":{"rendered":"http:\/\/www.bbyhaber.com\/bby\/?p=2361"},"modified":"2012-05-16T12:08:41","modified_gmt":"2012-05-16T12:08:41","slug":"deprem-korkusu-kutuphane-bosalttirdi-kayseri","status":"publish","type":"post","link":"https:\/\/www.bbyhaber.com\/bby\/2012\/01\/31\/deprem-korkusu-kutuphane-bosalttirdi-kayseri","title":{"rendered":"Deprem korkusu k\u00fct\u00fcphane bo\u015faltt\u0131rd\u0131-Kayseri"},"content":{"rendered":"<p style=\"text-align: justify;\">75. Y\u0131l \u0130l Halk K\u00fct\u00fcphanesi deprem korkusu nedeniyle bo\u015falt\u0131ld\u0131. \u0130l \u00c7evre ve \u015eehircilik M\u00fcd\u00fcrl\u00fc\u011f\u00fc&#8217;n\u00fcn yapt\u0131\u011f\u0131 &#8216;Depreme Dayan\u0131kl\u0131l\u0131k&#8217; testinde \u00e7\u00fcr\u00fck \u00e7\u0131kan k\u00fct\u00fcphane binas\u0131, ge\u00e7ti\u011fimiz g\u00fcnlerde Erkilet mahallesindeki Hac\u0131 Mustafa Tarman Halk K\u00fct\u00fcphanesi&#8217;ne ta\u015f\u0131nd\u0131. Seyit Gazi Mahallesi \u00a0Ahmet Yesevi Bulvar\u0131 \u00fczerinde faaliyet g\u00f6steren 75. Y\u0131l \u0130l Halk K\u00fct\u00fcphanesi bo\u015falt\u0131ld\u0131.<!--more-->\u00a0 \u0130l \u00c7evre ve \u015eehircilik M\u00fcd\u00fcrl\u00fc\u011f\u00fc&#8217;n\u00fcn yapt\u0131\u011f\u0131 &#8216;Depreme Dayan\u0131kl\u0131l\u0131k&#8217; testinde \u00e7\u00fcr\u00fck \u00e7\u0131kan k\u00fct\u00fcphane binas\u0131, ge\u00e7ti\u011fimiz g\u00fcnlerde Erkilet mahallesindeki Hac\u0131 Mustafa Tarman Halk K\u00fct\u00fcphanesi&#8217;ne ta\u015f\u0131nd\u0131.<\/p>\n<p style=\"text-align: justify;\">1996 y\u0131l\u0131nda in\u015fa edilen 75. Y\u0131l \u0130l Halk K\u00fct\u00fcphanesi&#8217;nin kap\u0131s\u0131na as\u0131lan not ile okurlar Ser\u00e7e\u00f6n\u00fc mahallesindeki Necmettin Feyzio\u011flu Halk K\u00fct\u00fcphanesi, A\u011f\u0131rnas Mimar Sinan Halk K\u00fct\u00fcphanesi,Hisarc\u0131k Halk K\u00fct\u00fcphanesi ve Mimarsinan Sel\u00e7uklu Halk K\u00fct\u00fcphanesi gibi \u015fubelere y\u00f6nlendirildi.<\/p>\n<p style=\"text-align: justify;\">Kayseri Yeni Haber Gazetesi&#8217;nin konuya ili\u015fkin sorular\u0131n\u0131 yan\u0131tlayan \u0130l K\u00fclt\u00fcr Turizm M\u00fcd\u00fcr\u00fc \u0130smet Taymu\u015f, 75. Y\u0131l \u0130l Halk K\u00fct\u00fcphanesi&#8217;nin, 23 Ekim 2011&#8217;de Van&#8217;da meydana gelen depremin ard\u0131ndan kamu binalar\u0131nda ba\u015flat\u0131lan dayan\u0131kl\u0131l\u0131k testlerinden ge\u00e7emedi\u011fini belirtti. A\u00e7\u0131klamas\u0131nda \u00e7\u00fcr\u00fck \u00e7\u0131kan k\u00fct\u00fcphanenin g\u00fc\u00e7lendirilmesi i\u00e7in harcanacak olan \u00f6dene\u011fin de geldi\u011fini belirten Taymu\u015f &#8221; 75. Y\u0131l \u0130l Halk K\u00fct\u00fcphanesi i\u00e7in havalar\u0131nda \u0131s\u0131nmas\u0131yla birlikte g\u00fc\u00e7lendirme \u00e7al\u0131\u015fmalar\u0131 ba\u015flat\u0131lacak. \u015eubat ay\u0131nda ba\u015flanacak olan g\u00fc\u00e7lendirme \u00e7al\u0131\u015fmalar\u0131n\u0131n en k\u0131sa zamanda bitmesini \u00fcmit ediyoruz. Yap\u0131lan \u00e7al\u0131\u015fmalar tamamland\u0131\u011f\u0131nda bu k\u00fct\u00fcphane eskiden oldu\u011fu gibi ayn\u0131 yerinde hizmet vermeye devam edecek.Bu in\u015faat s\u00fcreci d\u00f6neminde okurlar\u0131m\u0131z di\u011fer \u015fube k\u00fct\u00fcphanelerden\u00a0 her t\u00fcrl\u00fc kitab\u0131 kolayl\u0131kla bulup faydalanabilirler. Okuyucular\u0131m\u0131zdan kendi g\u00fcvenlikleri i\u00e7in birazc\u0131k sab\u0131rl\u0131 olmalar\u0131n\u0131 istiyoruz&#8221; ifadelerini kulland\u0131.<\/p>\n<p style=\"text-align: justify;\">Kaynak: http:\/\/www.kayseriyenihaber.com.tr<\/p>\n","protected":false},"excerpt":{"rendered":"<p>75. Y\u0131l \u0130l Halk K\u00fct\u00fcphanesi deprem korkusu nedeniyle bo\u015falt\u0131ld\u0131. \u0130l \u00c7evre ve \u015eehircilik M\u00fcd\u00fcrl\u00fc\u011f\u00fc&#8217;n\u00fcn yapt\u0131\u011f\u0131 &#8216;Depreme Dayan\u0131kl\u0131l\u0131k&#8217; testinde \u00e7\u00fcr\u00fck \u00e7\u0131kan k\u00fct\u00fcphane binas\u0131, ge\u00e7ti\u011fimiz g\u00fcnlerde Erkilet mahallesindeki Hac\u0131 Mustafa Tarman Halk K\u00fct\u00fcphanesi&#8217;ne ta\u015f\u0131nd\u0131. Seyit Gazi Mahallesi \u00a0Ahmet Yesevi Bulvar\u0131 \u00fczerinde faaliyet g\u00f6steren 75. Y\u0131l \u0130l Halk K\u00fct\u00fcphanesi bo\u015falt\u0131ld\u0131.<\/p>\n","protected":false},"author":1,"featured_media":0,"comment_status":"open","ping_status":"open","sticky":false,"template":"","format":"standard","meta":{"footnotes":""},"categories":[1555,1],"tags":[],"class_list":["post-2361","post","type-post","status-publish","format-standard","hentry","category-deprem-kutuphane","category-genel"],"_links":{"self":[{"href":"https:\/\/www.bbyhaber.com\/bby\/wp-json\/wp\/v2\/posts\/2361"}],"collection":[{"href":"https:\/\/www.bbyhaber.com\/bby\/wp-json\/wp\/v2\/posts"}],"about":[{"href":"https:\/\/www.bbyhaber.com\/bby\/wp-json\/wp\/v2\/types\/post"}],"author":[{"embeddable":true,"href":"https:\/\/www.bbyhaber.com\/bby\/wp-json\/wp\/v2\/users\/1"}],"replies":[{"embeddable":true,"href":"https:\/\/www.bbyhaber.com\/bby\/wp-json\/wp\/v2\/comments?post=2361"}],"version-history":[{"count":0,"href":"https:\/\/www.bbyhaber.com\/bby\/wp-json\/wp\/v2\/posts\/2361\/revisions"}],"wp:attachment":[{"href":"https:\/\/www.bbyhaber.com\/bby\/wp-json\/wp\/v2\/media?parent=2361"}],"wp:term":[{"taxonomy":"category","embeddable":true,"href":"https:\/\/www.bbyhaber.com\/bby\/wp-json\/wp\/v2\/categories?post=2361"},{"taxonomy":"post_tag","embeddable":true,"href":"https:\/\/www.bbyhaber.com\/bby\/wp-json\/wp\/v2\/tags?post=2361"}],"curies":[{"name":"wp","href":"https:\/\/api.w.org\/{rel}","templated":true}]}}