{"id":23584,"date":"2018-01-31T08:38:49","date_gmt":"2018-01-31T05:38:49","guid":{"rendered":"http:\/\/www.bbyhaber.com\/bby\/?p=23584"},"modified":"2018-11-17T23:30:13","modified_gmt":"2018-11-17T20:30:13","slug":"1-uluslararasi-cocuk-kutuphaneleri-sempozyumu","status":"publish","type":"post","link":"https:\/\/www.bbyhaber.com\/bby\/2018\/01\/31\/1-uluslararasi-cocuk-kutuphaneleri-sempozyumu","title":{"rendered":"1. Uluslararas\u0131 \u00c7ocuk K\u00fct\u00fcphaneleri Sempozyumu, 14-17 Kas\u0131m 2018, Nev\u015fehir"},"content":{"rendered":"<p><a href=\"http:\/\/www.bbyhaber.com\/bby\/wp-content\/uploads\/2018\/01\/cocuk-kutuphaneleri-sempozyum.jpg\"><img loading=\"lazy\" decoding=\"async\" class=\"alignleft size-full wp-image-23590\" src=\"http:\/\/www.bbyhaber.com\/bby\/wp-content\/uploads\/2018\/01\/cocuk-kutuphaneleri-sempozyum.jpg\" alt=\"\" width=\"390\" height=\"180\" \/><\/a>\u00c7ocuklar\u0131n ve gen\u00e7lerin sa\u011fl\u0131kl\u0131 geli\u015fimleri ve bu \u00e7er\u00e7evede potansiyellerinin ortaya \u00e7\u0131kar\u0131lmas\u0131na ili\u015fkin faaliyetlerin, \u00fclke kalk\u0131nmas\u0131n\u0131n s\u00fcrd\u00fcr\u00fclebilirli\u011fi noktas\u0131nda temel \u00e7al\u0131\u015fmalardan oldu\u011funu s\u00f6ylemek m\u00fcmk\u00fcnd\u00fcr.<!--more--><\/p>\n<p>Bu nedenle, do\u011fumundan itibaren \u00e7ocukta yeni konular i\u00e7in merak uyand\u0131rmak, soru sorma konusunda cesaretlendirmek, ilgi duyabilece\u011fi yeni konular hakk\u0131nda \u00f6n bilgiler vermek ve hayal g\u00fcc\u00fcn\u00fc desteklemek son derece \u00f6nemlidir. Bu destek i\u00e7in de \u00e7ocuklar\u0131n ve ailelerinin, okul \u00f6ncesi d\u00f6nemden ba\u015flayarak k\u00fct\u00fcphanelerle tan\u0131\u015ft\u0131r\u0131lmas\u0131na mutlak \u015fekilde ihtiya\u00e7 vard\u0131r.<\/p>\n<p>Bu ba\u011flamda, K\u00fct\u00fcphaneler ve Yay\u0131mlar Genel M\u00fcd\u00fcrl\u00fc\u011f\u00fc, bir s\u00fcredir \u00e7e\u015fitli etkinlikler kapsam\u0131nda \u00fczerine yo\u011funla\u015ft\u0131\u011f\u0131 \u201c<strong>\u00e7ocuk k\u00fct\u00fcphaneleri ve k\u00fct\u00fcphanecili\u011fi<\/strong>\u201d konusunda yeni bir etkinli\u011fin haberini sizlerle payla\u015fmaktan memnuniyet ve heyecan duyuyor.<\/p>\n<p>Mesle\u011fimiz ve \u00fclkemizin gelece\u011fi olan \u00e7ocuklar\u0131m\u0131z ad\u0131na \u00e7ok \u00f6nemli katk\u0131lar sa\u011flayaca\u011f\u0131na inan\u0131lan,\u00a0<strong>1. Uluslararas\u0131 \u00c7ocuk K\u00fct\u00fcphaneleri Sempozyumu<\/strong>, <strong>14-17 Kas\u0131m 2018<\/strong> tarihleri aras\u0131nda K\u00fct\u00fcphaneler ve Yay\u0131mlar Genel M\u00fcd\u00fcrl\u00fc\u011f\u00fc, Marmara \u00dcniversitesi Bilgi ve Belge Y\u00f6netimi B\u00f6l\u00fcm\u00fc ve Kalk\u0131nma Bakanl\u0131\u011f\u0131 KOP (Konya Ovas\u0131 Projesi) B\u00f6lge Kalk\u0131nma \u0130daresi Ba\u015fkanl\u0131\u011f\u0131 ortakl\u0131\u011f\u0131nda ger\u00e7ekle\u015ftirilecektir.<\/p>\n<p>Sizleri, \u00e7ocuk ve k\u00fct\u00fcphane odakl\u0131 bu bilim \u015f\u00f6lenine davet ederken, katk\u0131 ve kat\u0131l\u0131mlar\u0131n\u0131z noktas\u0131nda \u00f6n bilgileri edinebilmeniz i\u00e7in de Sempozyum web sayfas\u0131n\u0131 ziyaret etmenizi rica ediyoruz. (<a href=\"http:\/\/www.cocukkutuphaneleri.org\/\" target=\"_blank\" rel=\"noopener\" data-saferedirecturl=\"https:\/\/www.google.com\/url?hl=tr&amp;q=http:\/\/www.cocukkutuphaneleri.org\/&amp;source=gmail&amp;ust=1517430745083000&amp;usg=AFQjCNEJs4B-owfkZ-Y58L2jCERUFDnMLA\">www.cocukkutuphaneleri.org<\/a>)<\/p>\n<p>\u2026\u2026\u2026\u2026\u2026\u2026\u2026\u2026\u2026\u2026\u2026\u2026\u2026\u2026\u2026\u2026\u2026..<\/p>\n<p><strong>D\u00dcZENLEYENLER:<\/strong><\/p>\n<p>T.C. Marmara \u00dcniversitesi Bilgi ve Belge Y\u00f6netimi B\u00f6l\u00fcm\u00fc<\/p>\n<p>T.C. K\u00fclt\u00fcr ve Turizm Bakanl\u0131\u011f\u0131 K\u00fct\u00fcphaneler ve Yay\u0131mlar Genel M\u00fcd\u00fcrl\u00fc\u011f\u00fc<\/p>\n<p>T.C. Kalk\u0131nma Bakanl\u0131\u011f\u0131 KOP (Konya Ovas\u0131 Projesi) B\u00f6lge Kalk\u0131nma \u0130daresi Ba\u015fkanl\u0131\u011f\u0131<\/p>\n<p><strong>ONUR KURULU:<\/strong><br \/>\nProf. Dr. M. Emin ARAT (Marmara \u00dcniversitesi Rekt\u00f6r\u00fc)<br \/>\nHamdi TUR\u015eUCU (K\u00fct\u00fcphaneler ve Yay\u0131mlar Genel\u00a0M\u00fcd\u00fcr\u00fc)<br \/>\n\u0130hsan BOSTANCI (Konya Ovas\u0131 Projesi -KOP- B\u00f6lge Kalk\u0131nma \u0130daresi\u00a0Ba\u015fkan\u0131)<\/p>\n<p><strong>\u00a0<\/strong><strong>SEMPOZYUM BA\u015eKANLARI:<\/strong><br \/>\nDo\u00e7. Dr. Asiye KAKIRMAN YILDIZ (Marmara \u00dcniversitesi)<br \/>\nAli ODABA\u015e (Genel M\u00fcd\u00fcr Yard\u0131mc\u0131s\u0131, KYGM)<br \/>\nAlper B\u0130LG\u0130\u00c7 (Koordinat\u00f6r, KOP)<\/p>\n<p><strong>D\u00dcZENLEME KURULU:<br \/>\n<\/strong>Do\u00e7. Dr. Asiye KAKIRMAN YILDIZ (Marmara \u00dcniversitesi)<br \/>\nAli ODABA\u015e (Genel M\u00fcd\u00fcr Yard\u0131mc\u0131s\u0131, KYGM)<br \/>\nAlper B\u0130LG\u0130\u00c7 (Koordinat\u00f6r, KOP)<br \/>\nAhmet ALDEM\u0130R (Daire Ba\u015fkan\u0131, KYGM)<br \/>\nProf. Dr. Co\u015fkun POLAT (\u00c7ank\u0131r\u0131 Karatekin \u00dcniversitesi)<br \/>\nDo\u00e7. Dr. Erol YILMAZ (T\u00fcrkiye B\u00fcy\u00fck Millet Meclisi)<br \/>\nDo\u00e7. Dr. Nevzat \u00d6ZEL (Ankara \u00dcniversitesi)<br \/>\nYrd. Do\u00e7. Dr. Lale \u00d6ZDEM\u0130R (Marmara \u00dcniversitesi)<br \/>\nYrd. Do\u00e7. Dr. G\u00fcss\u00fcn G\u00dcNE\u015e (Marmara \u00dcniversitesi)<\/p>\n<p><strong>\u00d6NEML\u0130 TAR\u0130HLER:<\/strong><strong>\u00a0<\/strong><\/p>\n<table style=\"height: 219px;\" width=\"360\">\n<tbody>\n<tr>\n<td width=\"578\">\u0130lk \u00c7a\u011fr\u0131<\/td>\n<td width=\"343\">30 Ocak 2018<\/td>\n<\/tr>\n<tr>\n<td width=\"578\">\u0130kinci \u00c7a\u011fr\u0131<\/td>\n<td width=\"343\">28 \u015eubat 2018<\/td>\n<\/tr>\n<tr>\n<td width=\"578\">Son \u00c7a\u011fr\u0131<\/td>\n<td width=\"343\">30 Mart 2018<\/td>\n<\/tr>\n<tr>\n<td width=\"578\">Bildiri \u00d6zetlerinin G\u00f6nderilmesi<\/td>\n<td width=\"343\">30 Nisan 2018<\/td>\n<\/tr>\n<tr>\n<td width=\"578\">Bildiri \u00d6zetlerinin Kabul\u00fc<\/td>\n<td width=\"343\">30 May\u0131s 2018<\/td>\n<\/tr>\n<tr>\n<td width=\"578\">Bildiri Tam Metinlerinin G\u00f6nderilmesi<\/td>\n<td width=\"343\">30 Temmuz 2018<\/td>\n<\/tr>\n<tr>\n<td width=\"578\">Bildiri Tam Metinlerinin Son Kopyalar\u0131n\u0131n G\u00f6nderimi<\/td>\n<td width=\"343\">30 Eyl\u00fcl 2018<\/td>\n<\/tr>\n<tr>\n<td width=\"578\">Kesin Program\u0131n \u0130lan Edilmesi<\/td>\n<td width=\"343\">2 Kas\u0131m 2018<\/td>\n<\/tr>\n<tr>\n<td width=\"578\">Sempozyum<\/td>\n<td width=\"343\">14-17 Kas\u0131m 2018<\/td>\n<\/tr>\n<\/tbody>\n<\/table>\n<p><strong>\u00a0<\/strong>Sempozyumla ilgili ayr\u0131nt\u0131lar i\u00e7in l\u00fctfen web sayfas\u0131na bak\u0131n\u0131z:<\/p>\n<p><a href=\"http:\/\/www.cocukkutuphaneleri.org\/\" target=\"_blank\" rel=\"noopener\" data-saferedirecturl=\"https:\/\/www.google.com\/url?hl=tr&amp;q=http:\/\/www.cocukkutuphaneleri.org\/&amp;source=gmail&amp;ust=1517430745083000&amp;usg=AFQjCNEJs4B-owfkZ-Y58L2jCERUFDnMLA\">www.cocukkutuphaneleri.org<\/a><\/p>\n<p>(Web sayfas\u0131 yeni bilgiler \u00e7er\u00e7evesinde s\u00fcrekli olarak g\u00fcncellenmektedir.)<\/p>\n","protected":false},"excerpt":{"rendered":"<p>\u00c7ocuklar\u0131n ve gen\u00e7lerin sa\u011fl\u0131kl\u0131 geli\u015fimleri ve bu \u00e7er\u00e7evede potansiyellerinin ortaya \u00e7\u0131kar\u0131lmas\u0131na ili\u015fkin faaliyetlerin, \u00fclke kalk\u0131nmas\u0131n\u0131n s\u00fcrd\u00fcr\u00fclebilirli\u011fi noktas\u0131nda temel \u00e7al\u0131\u015fmalardan oldu\u011funu s\u00f6ylemek m\u00fcmk\u00fcnd\u00fcr.<\/p>\n","protected":false},"author":129,"featured_media":23590,"comment_status":"open","ping_status":"open","sticky":false,"template":"","format":"standard","meta":{"footnotes":""},"categories":[],"tags":[1395],"class_list":["post-23584","post","type-post","status-publish","format-standard","has-post-thumbnail","hentry","tag-bby-mesleki-etkinlikler-arsivi"],"_links":{"self":[{"href":"https:\/\/www.bbyhaber.com\/bby\/wp-json\/wp\/v2\/posts\/23584"}],"collection":[{"href":"https:\/\/www.bbyhaber.com\/bby\/wp-json\/wp\/v2\/posts"}],"about":[{"href":"https:\/\/www.bbyhaber.com\/bby\/wp-json\/wp\/v2\/types\/post"}],"author":[{"embeddable":true,"href":"https:\/\/www.bbyhaber.com\/bby\/wp-json\/wp\/v2\/users\/129"}],"replies":[{"embeddable":true,"href":"https:\/\/www.bbyhaber.com\/bby\/wp-json\/wp\/v2\/comments?post=23584"}],"version-history":[{"count":6,"href":"https:\/\/www.bbyhaber.com\/bby\/wp-json\/wp\/v2\/posts\/23584\/revisions"}],"predecessor-version":[{"id":23593,"href":"https:\/\/www.bbyhaber.com\/bby\/wp-json\/wp\/v2\/posts\/23584\/revisions\/23593"}],"wp:featuredmedia":[{"embeddable":true,"href":"https:\/\/www.bbyhaber.com\/bby\/wp-json\/wp\/v2\/media\/23590"}],"wp:attachment":[{"href":"https:\/\/www.bbyhaber.com\/bby\/wp-json\/wp\/v2\/media?parent=23584"}],"wp:term":[{"taxonomy":"category","embeddable":true,"href":"https:\/\/www.bbyhaber.com\/bby\/wp-json\/wp\/v2\/categories?post=23584"},{"taxonomy":"post_tag","embeddable":true,"href":"https:\/\/www.bbyhaber.com\/bby\/wp-json\/wp\/v2\/tags?post=23584"}],"curies":[{"name":"wp","href":"https:\/\/api.w.org\/{rel}","templated":true}]}}