{"id":23578,"date":"2018-01-29T09:48:33","date_gmt":"2018-01-29T06:48:33","guid":{"rendered":"http:\/\/www.bbyhaber.com\/bby\/?p=23578"},"modified":"2018-01-29T09:48:48","modified_gmt":"2018-01-29T06:48:48","slug":"pistten-cikan-ucagi-kutuphane-yapma-onerisi","status":"publish","type":"post","link":"https:\/\/www.bbyhaber.com\/bby\/2018\/01\/29\/pistten-cikan-ucagi-kutuphane-yapma-onerisi","title":{"rendered":"Pistten \u00e7\u0131kan u\u00e7a\u011f\u0131 &#8216;k\u00fct\u00fcphane&#8217; yapma \u00f6nerisi"},"content":{"rendered":"<p><a href=\"http:\/\/www.bbyhaber.com\/bby\/wp-content\/uploads\/2018\/01\/ucak-kutuphane-pegasus.jpg\"><img loading=\"lazy\" decoding=\"async\" class=\"alignleft size-full wp-image-23580\" src=\"http:\/\/www.bbyhaber.com\/bby\/wp-content\/uploads\/2018\/01\/ucak-kutuphane-pegasus.jpg\" alt=\"\" width=\"390\" height=\"180\" \/><\/a>Trabzon Havaliman\u0131&#8217;na indikten sonra pistten \u00e7\u0131kan Ankara-Trabzon seferini yapan Pegasus&#8217;a ait yolcu u\u00e7a\u011f\u0131n\u0131n k\u00fct\u00fcphane olarak kullan\u0131lmas\u0131 teklifi geldi. Trabzon B\u00fcy\u00fck\u015fehir Belediye Ba\u015fkan\u0131 Orhan Fevzi G\u00fcmr\u00fck\u00e7\u00fco\u011flu, yapt\u0131\u011f\u0131 yaz\u0131l\u0131 a\u00e7\u0131klamada, 13 Ocak&#8217;ta pistten \u00e7\u0131kan u\u00e7ak bulundu\u011fu yerden kald\u0131r\u0131ld\u0131ktan sonra haz\u0131rlanan raporlarda, u\u00e7a\u011f\u0131n tekrar u\u00e7abilecek d\u00fczeye gelemeyece\u011finin a\u00e7\u0131klanmas\u0131n\u0131n ard\u0131ndan harekete ge\u00e7tiklerini belirtti.<!--more--><\/p>\n<p>Pegasus Havayollar\u0131 Y\u00f6netim Kurulu Ba\u015fkan\u0131 Ali Sabanc\u0131 ve Genel M\u00fcd\u00fcr Mehmet Tevfik Nane ile irtibat kurduklar\u0131n\u0131 kaydeden G\u00fcmr\u00fck\u00e7\u00fco\u011flu, \u015f\u00f6yle devam etti:<\/p>\n<p>&#8220;Seferlerden \u00e7ekilecek u\u00e7a\u011f\u0131n Trabzon \u015fehrine bedelsiz hibe edilmesi ile B\u00fcy\u00fck\u015fehir Belediyesi olarak konu\u015fland\u0131raca\u011f\u0131m\u0131z bir b\u00f6lgede evlatlar\u0131m\u0131z\u0131n, gen\u00e7lerimizin k\u00fct\u00fcphane olarak da istifade edecekleri bir g\u00fczel k\u00fclt\u00fcr yap\u0131s\u0131 haline getirilebilmesini teklif ettik. Onlar da ilk etapta bu konuya \u00e7ok s\u0131cak yakla\u015ft\u0131lar fakat u\u00e7a\u011f\u0131n kiralanm\u0131\u015f bir u\u00e7ak oldu\u011funu, m\u00fclkiyetinin kendilerine ait olmad\u0131\u011f\u0131n\u0131, sigorta \u015firketlerinin de oldu\u011funu, bu m\u00fcnasebetle bu i\u015f ve i\u015flemler neticesinde \u00f6denecek bir sigorta borcu olsa da onu da kendilerinin \u00fcstlenebilece\u011fini ve u\u00e7a\u011f\u0131 Trabzon&#8217;a k\u00fclt\u00fcrel ve sosyal ama\u00e7l\u0131 olarak b\u0131rakmay\u0131 ilk etapta d\u00fc\u015f\u00fcnce olarak \u00e7ok olumlu kar\u015f\u0131lad\u0131klar\u0131n\u0131 ve bu konuda gayret g\u00f6stereceklerini, bu talebimizi de\u011ferlendirip sonucunu bizlere bildireceklerini s\u00f6ylediler.&#8221;<\/p>\n<p>G\u00fcmr\u00fck\u00e7\u00fco\u011flu, olaydan yara almadan kurtulan 162 yolcu ve 6 m\u00fcrettebata yeniden &#8220;ge\u00e7mi\u015f olsun&#8221; dileklerini ileterek, &#8220;B\u00f6yle sosyal bir sonu\u00e7la birlikte bu \u00fcz\u00fcc\u00fc hat\u0131ran\u0131n etkisinin azalt\u0131lmas\u0131 ve u\u00e7a\u011f\u0131n \u015fehrin k\u00fclt\u00fcr ve sanat\u0131na hizmet eden bir mekan haline getirilmesinin iyi olaca\u011f\u0131n\u0131 d\u00fc\u015f\u00fcnmekteyiz.&#8221; ifadesini kulland\u0131.<\/p>\n<p>Ankara-Trabzon seferini ger\u00e7ekle\u015ftiren Pegasus&#8217;a ait yolcu u\u00e7a\u011f\u0131, 13 Ocak&#8217;ta Trabzon Havaliman\u0131&#8217;na ini\u015f yapt\u0131ktan sonra hen\u00fcz belirlenemeyen nedenle pistten \u00e7\u0131km\u0131\u015f, denize metreler kala durabilen u\u00e7aktaki 162 yolcu ve 6 m\u00fcrettebat g\u00fcvenli \u015fekilde tahliye edilmi\u015fti. U\u00e7ak, 18 Ocak&#8217;ta vin\u00e7lerle yap\u0131lan yakla\u015f\u0131k 11 saatlik \u00e7al\u0131\u015fman\u0131n ard\u0131ndan bulundu\u011fu yerden al\u0131narak pist kenar\u0131na \u00e7\u0131kart\u0131lm\u0131\u015ft\u0131.<\/p>\n<p><a href=\"http:\/\/aa.com.tr\" target=\"_blank\" rel=\"noopener\">Kaynak<\/a><\/p>\n<p><strong><a href=\"http:\/\/www.bbyhaber.com\/bby\/tag\/ucak-kutuphane\">T\u00fcrkiye&#8217;deki u\u00e7ak k\u00fct\u00fcphaneler i\u00e7in t\u0131klay\u0131n\u0131z<\/a><\/strong><\/p>\n","protected":false},"excerpt":{"rendered":"<p>Trabzon Havaliman\u0131&#8217;na indikten sonra pistten \u00e7\u0131kan Ankara-Trabzon seferini yapan Pegasus&#8217;a ait yolcu u\u00e7a\u011f\u0131n\u0131n k\u00fct\u00fcphane olarak kullan\u0131lmas\u0131 teklifi geldi. Trabzon B\u00fcy\u00fck\u015fehir Belediye Ba\u015fkan\u0131 Orhan Fevzi G\u00fcmr\u00fck\u00e7\u00fco\u011flu, yapt\u0131\u011f\u0131 yaz\u0131l\u0131 a\u00e7\u0131klamada, 13 Ocak&#8217;ta pistten \u00e7\u0131kan u\u00e7ak bulundu\u011fu yerden kald\u0131r\u0131ld\u0131ktan sonra haz\u0131rlanan raporlarda, u\u00e7a\u011f\u0131n tekrar u\u00e7abilecek d\u00fczeye gelemeyece\u011finin a\u00e7\u0131klanmas\u0131n\u0131n ard\u0131ndan harekete ge\u00e7tiklerini belirtti.<\/p>\n","protected":false},"author":1,"featured_media":23580,"comment_status":"open","ping_status":"open","sticky":false,"template":"","format":"standard","meta":{"footnotes":""},"categories":[1],"tags":[395],"class_list":["post-23578","post","type-post","status-publish","format-standard","has-post-thumbnail","hentry","category-genel","tag-ucak-kutuphane"],"_links":{"self":[{"href":"https:\/\/www.bbyhaber.com\/bby\/wp-json\/wp\/v2\/posts\/23578"}],"collection":[{"href":"https:\/\/www.bbyhaber.com\/bby\/wp-json\/wp\/v2\/posts"}],"about":[{"href":"https:\/\/www.bbyhaber.com\/bby\/wp-json\/wp\/v2\/types\/post"}],"author":[{"embeddable":true,"href":"https:\/\/www.bbyhaber.com\/bby\/wp-json\/wp\/v2\/users\/1"}],"replies":[{"embeddable":true,"href":"https:\/\/www.bbyhaber.com\/bby\/wp-json\/wp\/v2\/comments?post=23578"}],"version-history":[{"count":2,"href":"https:\/\/www.bbyhaber.com\/bby\/wp-json\/wp\/v2\/posts\/23578\/revisions"}],"predecessor-version":[{"id":23582,"href":"https:\/\/www.bbyhaber.com\/bby\/wp-json\/wp\/v2\/posts\/23578\/revisions\/23582"}],"wp:featuredmedia":[{"embeddable":true,"href":"https:\/\/www.bbyhaber.com\/bby\/wp-json\/wp\/v2\/media\/23580"}],"wp:attachment":[{"href":"https:\/\/www.bbyhaber.com\/bby\/wp-json\/wp\/v2\/media?parent=23578"}],"wp:term":[{"taxonomy":"category","embeddable":true,"href":"https:\/\/www.bbyhaber.com\/bby\/wp-json\/wp\/v2\/categories?post=23578"},{"taxonomy":"post_tag","embeddable":true,"href":"https:\/\/www.bbyhaber.com\/bby\/wp-json\/wp\/v2\/tags?post=23578"}],"curies":[{"name":"wp","href":"https:\/\/api.w.org\/{rel}","templated":true}]}}