{"id":23558,"date":"2018-01-26T15:05:15","date_gmt":"2018-01-26T12:05:15","guid":{"rendered":"http:\/\/www.bbyhaber.com\/bby\/?p=23558"},"modified":"2018-04-24T13:48:05","modified_gmt":"2018-04-24T10:48:05","slug":"1-kutup-anne-cocuk-kutuphaneciligi-odulleri","status":"publish","type":"post","link":"https:\/\/www.bbyhaber.com\/bby\/2018\/01\/26\/1-kutup-anne-cocuk-kutuphaneciligi-odulleri","title":{"rendered":"1.K\u00dcT\u00dcP-ANNE \u00c7ocuk K\u00fct\u00fcphanecili\u011fi \u00d6d\u00fclleri"},"content":{"rendered":"<p><a href=\"http:\/\/www.bbyhaber.com\/bby\/wp-content\/uploads\/2018\/01\/IMG_20171226_084226_557-compressor.jpg\"><img loading=\"lazy\" decoding=\"async\" class=\"alignleft wp-image-23560 size-medium\" src=\"http:\/\/www.bbyhaber.com\/bby\/wp-content\/uploads\/2018\/01\/IMG_20171226_084226_557-compressor-300x300.jpg\" alt=\"\" width=\"300\" height=\"300\" srcset=\"https:\/\/www.bbyhaber.com\/bby\/wp-content\/uploads\/2018\/01\/IMG_20171226_084226_557-compressor-300x300.jpg 300w, https:\/\/www.bbyhaber.com\/bby\/wp-content\/uploads\/2018\/01\/IMG_20171226_084226_557-compressor-150x150.jpg 150w, https:\/\/www.bbyhaber.com\/bby\/wp-content\/uploads\/2018\/01\/IMG_20171226_084226_557-compressor.jpg 1024w\" sizes=\"(max-width: 300px) 100vw, 300px\" \/><\/a>2015 y\u0131l\u0131nda tohumlar\u0131 at\u0131lan K\u00dcT\u00dcP-ANNE PLATFORMU ge\u00e7ti\u011fimiz iki sene i\u00e7erisinde farkl\u0131 projeler ve kampanyalar ile ba\u015fta \u00e7ocuklara y\u00f6nelik olmak \u00fczere toplumun her kesimini k\u00fct\u00fcphanelerle<!--more--> bulu\u015fturmak, okuma k\u00fclt\u00fcr\u00fcn\u00fc artt\u0131rmak i\u00e7in emek vermektedir.<\/p>\n<p>Bu kapsamda T\u00fcrkiye\u2019nin d\u00f6rt bir k\u00f6\u015fesinde benzer dertleri payla\u015fan g\u00f6n\u00fcll\u00fclerimizle kurdu\u011fumuz \u201ciyilik a\u011f\u0131\u201d ile\u00a0 \u00fclkemizin b\u00fct\u00fcn\u00fcne ili\u015fkin topyek\u00fcn bir fark\u0131ndal\u0131k \u00fczerinde \u00e7al\u0131\u015fmaktay\u0131z. Art\u0131k, ilk hasat\u0131 yapma zaman\u0131d\u0131r!<\/p>\n<p><a href=\"http:\/\/www.bbyhaber.com\/bby\/wp-content\/uploads\/2018\/01\/IMG_20171226_084226_557-compressor.jpg\"><img loading=\"lazy\" decoding=\"async\" class=\"aligncenter size-large wp-image-23560\" src=\"http:\/\/www.bbyhaber.com\/bby\/wp-content\/uploads\/2018\/01\/IMG_20171226_084226_557-compressor-1024x1019.jpg\" alt=\"\" width=\"618\" height=\"615\" srcset=\"https:\/\/www.bbyhaber.com\/bby\/wp-content\/uploads\/2018\/01\/IMG_20171226_084226_557-compressor.jpg 1024w, https:\/\/www.bbyhaber.com\/bby\/wp-content\/uploads\/2018\/01\/IMG_20171226_084226_557-compressor-150x150.jpg 150w, https:\/\/www.bbyhaber.com\/bby\/wp-content\/uploads\/2018\/01\/IMG_20171226_084226_557-compressor-300x300.jpg 300w, https:\/\/www.bbyhaber.com\/bby\/wp-content\/uploads\/2018\/01\/IMG_20171226_084226_557-compressor-768x764.jpg 768w\" sizes=\"(max-width: 618px) 100vw, 618px\" \/><\/a><\/p>\n<p>2017 y\u0131l\u0131nda \u00e7ocuk k\u00fct\u00fcphanecili\u011fi alan\u0131nda \u00fclkemize de\u011fer katan k\u00fct\u00fcphanelerimize minnetimizi sunma zaman\u0131d\u0131r!<\/p>\n<p>4 hafta s\u00fcren bir anket \u00e7al\u0131\u015fmas\u0131 ile T\u00fcrkiye\u2019nin 40 ilinden yap\u0131lan yakla\u015f\u0131k 750 halk oylamas\u0131 kapsam\u0131nda 5 temel ba\u015fl\u0131kta en \u00e7ok oy alan 5 k\u00fct\u00fcphanemiz ve k\u00fct\u00fcphane g\u00f6n\u00fcll\u00fclerimiz s\u0131ras\u0131z olarak belirlenmi\u015ftir.<\/p>\n<p>5 ana dalda 5 finalist aras\u0131ndan 2017 y\u0131l\u0131n\u0131n \u00e7ocuk k\u00fct\u00fcphanecili\u011fi \u00f6d\u00fcllerini belirlemek i\u00e7in son bir oylamaya davetlisiniz. Aidiyet hissetti\u011finiz, hayat\u0131n\u0131za dokunan, \u00e7ocu\u011funuz ile keyifli vakit ge\u00e7irdi\u011finiz ve belki de t\u00fcm T\u00fcrkiye\u2019ye \u00f6rnek olmas\u0131 gerekti\u011fine inand\u0131\u011f\u0131n\u0131z k\u00fct\u00fcphaneleri ar\u0131yoruz\u2026<\/p>\n<p>K\u00fct\u00fcphanelerimizin sosyal medya hesaplar\u0131ndan, web adreslerinden ya da k\u00fct\u00fcp-anne payla\u015f\u0131mlar\u0131ndan bilgi edinebilir, ba\u015fka \u015fehirde dahi olsa \u00f6d\u00fcl\u00fc hak etti\u011fine inand\u0131\u011f\u0131n\u0131z k\u00fct\u00fcphane varsa l\u00fctfen oylay\u0131n\u0131z.<\/p>\n<hr \/>\n<p>\u0130lk anket \u00e7al\u0131\u015fmam\u0131za kat\u0131lanlardan 3 ki\u015fiye 3 g\u00fczel kitap hediyemiz var. (Kelime Yay\u0131nlar\u0131 sponsorlu\u011funda Kitapkurdu Lily, Tudem Yay\u0131n Grubu sponsorlu\u011funda K\u00fct\u00fcphanedeki Aslan ve Final K\u00fclt\u00fcr Sanat Yay\u0131nlar\u0131 sponsorlu\u011funda K\u00fct\u00fcphane Faresi)<\/p>\n<p>Yeni oylamam\u0131zda daha \u00e7ok kitap ve s\u00fcpriz hediyeler ile daha \u00e7ok kazanma \u015fans\u0131n\u0131z olacakt\u0131r.<\/p>\n<hr \/>\n<p>\u0130\u015eTE F\u0130NAL\u0130STLER\u0130M\u0130Z<br \/>\nEN \u00c7OCUK DOSTU MEKAN F\u0130NAL\u0130STLER\u0130<\/p>\n<ol>\n<li>Kahramanmara\u015f Merkez \u00c7ocuk K\u00fct\u00fcphanesi<\/li>\n<li>Konya \u0130l Halk K\u00fct\u00fcphanesi-\u00c7ocuk B\u00f6l\u00fcm\u00fc<\/li>\n<li>\u0130stanbul B\u00fcy\u00fck\u015fehir Belediyesi Nasreddin Hoca \u00c7ocuk K\u00fct\u00fcphanesi<\/li>\n<li>\u0130zmir Kar\u015f\u0131yaka Belediyesi \u015eebnem Tabak \u00c7ocuk K\u00fct\u00fcphanesi<\/li>\n<li>Gaziantep B\u00fcy\u00fck\u015fehir Belediyesi \u00c7ocuk K\u00fct\u00fcphanesi<\/li>\n<\/ol>\n<p>EN BA\u015eARILI \u0130LET\u0130\u015e\u0130M F\u0130NAL\u0130STLER\u0130<\/p>\n<ol>\n<li>\u015eanl\u0131urfa \u0130l Halk K\u00fct\u00fcphanesi<\/li>\n<li>Konya \u0130l Halk K\u00fct\u00fcphanesi<\/li>\n<li>Bitlis \u0130l Halk K\u00fct\u00fcphanesi<\/li>\n<li>Ankara G\u00f6lba\u015f\u0131 \u0130l\u00e7e Halk K\u00fct\u00fcphanesi<\/li>\n<li>\u0130zmir Urla il\u00e7e halk k\u00fct\u00fcphanesi<\/li>\n<\/ol>\n<p>EN G\u00d6N\u00dcLL\u00dc DOSTU K\u00dcT\u00dcPHANE F\u0130NAL\u0130STLER\u0130<\/p>\n<ol>\n<li>Kahramanmara\u015f Merkez \u00c7ocuk K\u00fct\u00fcphanesi<\/li>\n<li>Bursa B\u00fcy\u00fck\u015fehir Belediyesi Lala \u015eahin Pa\u015fa \u00c7ocuk K\u00fct\u00fcphanesi<\/li>\n<li>Adana \u0130l Halk K\u00fct\u00fcphanesi<\/li>\n<li>\u015eanl\u0131urfa \u0130l Halk K\u00fct\u00fcphanesi<\/li>\n<li>\u0130zmir Bornova \u0130l\u00e7e HAlk K\u00fct\u00fcphanesi<\/li>\n<\/ol>\n<p>EN \u00c7E\u015e\u0130TL\u0130 VE N\u0130TEL\u0130KL\u0130 K\u00dcLT\u00dcREL ETK\u0130NL\u0130K SUNAN K\u00dcT\u00dcPHANE F\u0130NAL\u0130STLER\u0130<\/p>\n<ol>\n<li>Kahramanmara\u015f Merkez \u00c7ocuk K\u00fct\u00fcphanesi<\/li>\n<li>\u0130zmir Atat\u00fcrk \u0130l Halk k\u00fct\u00fcphanesi<\/li>\n<li>Konya \u0130l Halk Kutuphanesi<\/li>\n<li>\u0130zmir Bornova \u0130l\u00e7e Halk K\u00fct\u00fcphanesi<\/li>\n<li>\u0130stanbul B\u00fcy\u00fck\u015fehir Belediyesi Nasreddin Hoca \u00c7ocuk K\u00fct\u00fcphanesi<\/li>\n<\/ol>\n<p>2017 K\u00dcT\u00dcPHANE G\u00d6N\u00dcLL\u00dcS\u00dc F\u0130NAL\u0130STLER\u0130<\/p>\n<ol>\n<li>Adanada \u00c7ocuk Olmak ile Beg\u00fcm Karde\u015fler<\/li>\n<li>Kahramanmara\u015f G\u00fclizar Bayram<\/li>\n<li>\u0130stanbul Havva Durgu Irmak<\/li>\n<li>Ankara Kitap Bankosu Gezici K\u00fct\u00fcphanesi<\/li>\n<li>\u0130zmir Sevin\u00e7 Ya\u011fan<\/li>\n<\/ol>\n<p>OY VERMEK VE K\u00dcT\u00dcPHANELER\u0130M\u0130Z\u0130 DESTEKLEMEK \u0130\u00c7\u0130N\u00a0<a href=\"https:\/\/tr.surveymonkey.com\/r\/RMLWRQ2\" target=\"_blank\" rel=\"noopener\">TIKLAYINIZ<\/a><\/p>\n","protected":false},"excerpt":{"rendered":"<p>2015 y\u0131l\u0131nda tohumlar\u0131 at\u0131lan K\u00dcT\u00dcP-ANNE PLATFORMU ge\u00e7ti\u011fimiz iki sene i\u00e7erisinde farkl\u0131 projeler ve kampanyalar ile ba\u015fta \u00e7ocuklara y\u00f6nelik olmak \u00fczere toplumun her kesimini k\u00fct\u00fcphanelerle<\/p>\n","protected":false},"author":129,"featured_media":23560,"comment_status":"open","ping_status":"open","sticky":false,"template":"","format":"standard","meta":{"footnotes":""},"categories":[],"tags":[1025,1439,1024],"class_list":["post-23558","post","type-post","status-publish","format-standard","has-post-thumbnail","hentry","tag-cocuk-kutuphaneciligi-odulleri","tag-cocuk-kutuphaneleri","tag-kutup-anne"],"_links":{"self":[{"href":"https:\/\/www.bbyhaber.com\/bby\/wp-json\/wp\/v2\/posts\/23558"}],"collection":[{"href":"https:\/\/www.bbyhaber.com\/bby\/wp-json\/wp\/v2\/posts"}],"about":[{"href":"https:\/\/www.bbyhaber.com\/bby\/wp-json\/wp\/v2\/types\/post"}],"author":[{"embeddable":true,"href":"https:\/\/www.bbyhaber.com\/bby\/wp-json\/wp\/v2\/users\/129"}],"replies":[{"embeddable":true,"href":"https:\/\/www.bbyhaber.com\/bby\/wp-json\/wp\/v2\/comments?post=23558"}],"version-history":[{"count":3,"href":"https:\/\/www.bbyhaber.com\/bby\/wp-json\/wp\/v2\/posts\/23558\/revisions"}],"predecessor-version":[{"id":23563,"href":"https:\/\/www.bbyhaber.com\/bby\/wp-json\/wp\/v2\/posts\/23558\/revisions\/23563"}],"wp:featuredmedia":[{"embeddable":true,"href":"https:\/\/www.bbyhaber.com\/bby\/wp-json\/wp\/v2\/media\/23560"}],"wp:attachment":[{"href":"https:\/\/www.bbyhaber.com\/bby\/wp-json\/wp\/v2\/media?parent=23558"}],"wp:term":[{"taxonomy":"category","embeddable":true,"href":"https:\/\/www.bbyhaber.com\/bby\/wp-json\/wp\/v2\/categories?post=23558"},{"taxonomy":"post_tag","embeddable":true,"href":"https:\/\/www.bbyhaber.com\/bby\/wp-json\/wp\/v2\/tags?post=23558"}],"curies":[{"name":"wp","href":"https:\/\/api.w.org\/{rel}","templated":true}]}}