{"id":23551,"date":"2018-01-26T09:21:36","date_gmt":"2018-01-26T06:21:36","guid":{"rendered":"http:\/\/www.bbyhaber.com\/bby\/?p=23551"},"modified":"2018-12-20T09:14:10","modified_gmt":"2018-12-20T06:14:10","slug":"2018-yili-kpss-merkezi-yerlestirme-ve-sinav-takvimi-aciklandi","status":"publish","type":"post","link":"https:\/\/www.bbyhaber.com\/bby\/2018\/01\/26\/2018-yili-kpss-merkezi-yerlestirme-ve-sinav-takvimi-aciklandi","title":{"rendered":"2018 Y\u0131l\u0131 KPSS Merkezi Yerle\u015ftirme ve S\u0131nav Takvimi a\u00e7\u0131kland\u0131"},"content":{"rendered":"<p><a href=\"http:\/\/www.bbyhaber.com\/bby\/wp-content\/uploads\/2018\/01\/kpss-yerlestirme-takvimi2018.jpg\"><img loading=\"lazy\" decoding=\"async\" class=\"alignleft size-full wp-image-23553\" src=\"http:\/\/www.bbyhaber.com\/bby\/wp-content\/uploads\/2018\/01\/kpss-yerlestirme-takvimi2018.jpg\" alt=\"\" width=\"390\" height=\"180\" \/><\/a>Devlet Personel Ba\u015fkanl\u0131\u011f\u0131, <strong>2018 KPSS Yerle\u015ftirme<\/strong> ve <strong>S\u0131nav Takvimi<\/strong>ni a\u00e7\u0131klad\u0131. Kamu G\u00f6revlerine \u0130lk Defa Atanacaklar \u0130\u00e7in Yap\u0131lacak S\u0131navlar Hakk\u0131nda Genel Y\u00f6netmeli\u011fin Ek 1\u2019inci maddesinin ikinci f\u0131kras\u0131nda \u201cDPB&#8217;ce, \u00d6SYM&#8217;nin de g\u00f6r\u00fc\u015f\u00fc al\u0131nmak suretiyle her y\u0131l\u0131n Ocak ay\u0131nda bir yerle\u015ftirme takvimi belirlenir ve ilan edilir.\u201d h\u00fckm\u00fcne yer verilmi\u015f olup, ilgili h\u00fck\u00fcm gere\u011fince belirlenen <strong>2018 y\u0131l\u0131 KPSS<\/strong> merkezi yerle\u015ftirme takvimi ile \u00d6SYM Ba\u015fkanl\u0131\u011f\u0131nca yay\u0131mlanan <strong>2018 KPSS<\/strong>, <strong>ba\u015fvuru ve planlanan sonu\u00e7 a\u00e7\u0131klama tarihleri<\/strong>ne a\u015fa\u011f\u0131da yer verilmi\u015ftir.<!--more--><\/p>\n<table style=\"height: 320px;\" border=\"1\" width=\"801\">\n<tbody>\n<tr>\n<td colspan=\"3\" rowspan=\"1\">\n<p style=\"text-align: center;\"><span style=\"color: #0000ff;\"><b>2018 KPSS YERLE\u015eT\u0130RME TAKV\u0130M\u0130<\/b><\/span><\/p>\n<\/td>\n<\/tr>\n<tr>\n<td colspan=\"1\" rowspan=\"1\"><\/td>\n<td colspan=\"1\" rowspan=\"1\"><b>DPB taraf\u0131ndan kamu kurum ve kurulu\u015flar\u0131ndan yerle\u015ftirme taleplerinin toplanmas\u0131<\/b><\/td>\n<td colspan=\"1\" rowspan=\"1\"><b>\u00d6SYM Ba\u015fkanl\u0131\u011f\u0131nca tercihlerin al\u0131nmas\u0131<\/b><\/td>\n<\/tr>\n<tr>\n<td colspan=\"1\" rowspan=\"1\"><b>KPSS 1. Yerle\u015ftirme<\/b><\/td>\n<td colspan=\"1\" rowspan=\"1\">12 Mart &#8211; 11 May\u0131s 2018<\/td>\n<td colspan=\"1\" rowspan=\"1\">26 Haziran &#8211; 05 Temmuz 2018<\/td>\n<\/tr>\n<tr>\n<td colspan=\"1\" rowspan=\"1\"><b>KPSS 2. Yerle\u015ftirme<\/b><\/td>\n<td colspan=\"1\" rowspan=\"1\">06 A\u011fustos &#8211; 05 Ekim 2018<\/td>\n<td colspan=\"1\" rowspan=\"1\">11 &#8211; 20 Aral\u0131k 2018<\/td>\n<\/tr>\n<\/tbody>\n<\/table>\n<table style=\"height: 125px;\" border=\"1\" width=\"799\">\n<tbody>\n<tr>\n<td colspan=\"4\" rowspan=\"1\">\n<p style=\"text-align: center;\"><span style=\"color: #ff0000;\"><b>2018 KPSS TAKV\u0130M\u0130<\/b><\/span><\/p>\n<\/td>\n<\/tr>\n<tr>\n<td colspan=\"1\" rowspan=\"1\">SINAV<\/td>\n<td colspan=\"1\" rowspan=\"1\">SINAV TAR\u0130H\u0130<\/td>\n<td colspan=\"1\" rowspan=\"1\">BA\u015eVURMA TAR\u0130HLER\u0130<\/td>\n<td colspan=\"1\" rowspan=\"1\">SONU\u00c7 A\u00c7IKLAMA TAR\u0130H\u0130<span style=\"color: #993366;\"><strong>*<\/strong><\/span><\/td>\n<\/tr>\n<tr>\n<td colspan=\"1\" rowspan=\"1\"><b>KPSS Lisans<br \/>\n(GY-GK- E\u011eT. B\u0130L.)<\/b><\/td>\n<td colspan=\"1\" rowspan=\"1\">22.07.2018<\/td>\n<td colspan=\"1\" rowspan=\"1\">10-21 May\u0131s 2018<\/td>\n<td colspan=\"1\" rowspan=\"1\">31.08.2018<\/td>\n<\/tr>\n<\/tbody>\n<\/table>\n<p><span style=\"color: #993366;\"><strong>*<\/strong><\/span>\u00d6SYM Ba\u015fkanl\u0131\u011f\u0131nca belirlenerek ilan edilen planlanan s\u0131nav a\u00e7\u0131klama tarihleridir. \u0130lgili Ba\u015fkanl\u0131k\u00e7a bu tarihlerde de\u011fi\u015fiklik yap\u0131labilir.<\/p>\n","protected":false},"excerpt":{"rendered":"<p>Devlet Personel Ba\u015fkanl\u0131\u011f\u0131, 2018 KPSS Yerle\u015ftirme ve S\u0131nav Takvimini a\u00e7\u0131klad\u0131. Kamu G\u00f6revlerine \u0130lk Defa Atanacaklar \u0130\u00e7in Yap\u0131lacak S\u0131navlar Hakk\u0131nda Genel Y\u00f6netmeli\u011fin Ek 1\u2019inci maddesinin ikinci f\u0131kras\u0131nda \u201cDPB&#8217;ce, \u00d6SYM&#8217;nin de g\u00f6r\u00fc\u015f\u00fc al\u0131nmak suretiyle her y\u0131l\u0131n Ocak ay\u0131nda bir yerle\u015ftirme takvimi belirlenir ve ilan edilir.\u201d h\u00fckm\u00fcne yer verilmi\u015f olup, ilgili h\u00fck\u00fcm gere\u011fince belirlenen 2018 y\u0131l\u0131 KPSS merkezi [&hellip;]<\/p>\n","protected":false},"author":1,"featured_media":23553,"comment_status":"open","ping_status":"open","sticky":false,"template":"","format":"standard","meta":{"footnotes":""},"categories":[31],"tags":[],"class_list":["post-23551","post","type-post","status-publish","format-standard","has-post-thumbnail","hentry","category-bbykpss"],"_links":{"self":[{"href":"https:\/\/www.bbyhaber.com\/bby\/wp-json\/wp\/v2\/posts\/23551"}],"collection":[{"href":"https:\/\/www.bbyhaber.com\/bby\/wp-json\/wp\/v2\/posts"}],"about":[{"href":"https:\/\/www.bbyhaber.com\/bby\/wp-json\/wp\/v2\/types\/post"}],"author":[{"embeddable":true,"href":"https:\/\/www.bbyhaber.com\/bby\/wp-json\/wp\/v2\/users\/1"}],"replies":[{"embeddable":true,"href":"https:\/\/www.bbyhaber.com\/bby\/wp-json\/wp\/v2\/comments?post=23551"}],"version-history":[{"count":2,"href":"https:\/\/www.bbyhaber.com\/bby\/wp-json\/wp\/v2\/posts\/23551\/revisions"}],"predecessor-version":[{"id":23555,"href":"https:\/\/www.bbyhaber.com\/bby\/wp-json\/wp\/v2\/posts\/23551\/revisions\/23555"}],"wp:featuredmedia":[{"embeddable":true,"href":"https:\/\/www.bbyhaber.com\/bby\/wp-json\/wp\/v2\/media\/23553"}],"wp:attachment":[{"href":"https:\/\/www.bbyhaber.com\/bby\/wp-json\/wp\/v2\/media?parent=23551"}],"wp:term":[{"taxonomy":"category","embeddable":true,"href":"https:\/\/www.bbyhaber.com\/bby\/wp-json\/wp\/v2\/categories?post=23551"},{"taxonomy":"post_tag","embeddable":true,"href":"https:\/\/www.bbyhaber.com\/bby\/wp-json\/wp\/v2\/tags?post=23551"}],"curies":[{"name":"wp","href":"https:\/\/api.w.org\/{rel}","templated":true}]}}