{"id":23532,"date":"2018-01-25T09:48:35","date_gmt":"2018-01-25T06:48:35","guid":{"rendered":"http:\/\/www.bbyhaber.com\/bby\/?p=23532"},"modified":"2018-01-25T09:48:54","modified_gmt":"2018-01-25T06:48:54","slug":"tozakli-ilkokulu-kutuphaneyi-tanima-gezisi-duzenledi","status":"publish","type":"post","link":"https:\/\/www.bbyhaber.com\/bby\/2018\/01\/25\/tozakli-ilkokulu-kutuphaneyi-tanima-gezisi-duzenledi","title":{"rendered":"Tozakl\u0131 \u0130lkokulu k\u00fct\u00fcphaneyi tan\u0131ma gezisi d\u00fczenledi"},"content":{"rendered":"<p><a href=\"http:\/\/www.bbyhaber.com\/bby\/wp-content\/uploads\/2018\/01\/pinarhisar-halk-kutuphanesi.jpg\"><img loading=\"lazy\" decoding=\"async\" class=\"alignleft size-full wp-image-23534\" src=\"http:\/\/www.bbyhaber.com\/bby\/wp-content\/uploads\/2018\/01\/pinarhisar-halk-kutuphanesi.jpg\" alt=\"\" width=\"390\" height=\"180\" \/><\/a>K\u0131rklareli\/P\u0131narhisar\u2019a ba\u011fl\u0131 Tozakl\u0131 K\u00f6y\u00fcnde bulunan Tozakl\u0131 \u0130lkokulu 4. S\u0131n\u0131f \u00f6\u011frencileri, 201-2018 y\u0131l\u0131 yar\u0131y\u0131l tatili \u00f6ncesinde \u00f6\u011fretmenleri e\u015fli\u011finde T.C. P\u0131narhisar Kaymakaml\u0131\u011f\u0131 \u0130l\u00e7e Halk K\u00fct\u00fcphanesini ziyaret ettiler. Ziyaret s\u0131ras\u0131nda P\u0131narhisar \u0130l\u00e7e Halk K\u00fct\u00fcphanesinin b\u00f6l\u00fcmlerini gezen \u00f6\u011frencilere, k\u00fct\u00fcphane \u00e7al\u0131\u015fanlar\u0131 taraf\u0131ndan k\u00fct\u00fcphanenin kullan\u0131m\u0131,<!--more--> k\u00fct\u00fcphaneye \u00fcyelik, kitap \u00f6d\u00fcn\u00e7 verilme a\u015famalar\u0131 ve k\u00fct\u00fcphanenin mesai saatleri gibi konularda a\u00e7\u0131klay\u0131c\u0131 bilgi verildi. \u00d6\u011frenciler ayr\u0131ca ziyaret s\u0131ras\u0131nda ya\u015flar\u0131na uygun kitaplar se\u00e7erek, sessiz okuma etkinli\u011fi yapt\u0131lar. Tozakl\u0131 \u0130lkokulu 4. S\u0131n\u0131f \u00f6\u011frencileri il\u00e7e k\u00fct\u00fcphanesinden memnun bir \u015fekilde ayr\u0131ld\u0131lar.<\/p>\n<p>P\u0131narhisar \u0130l\u00e7e Halk K\u00fct\u00fcphanesi yetkilileri ula\u015f\u0131m ve hava ko\u015fullar\u0131na ra\u011fmen bu geziyi ger\u00e7ekle\u015ftiren \u00d6\u011fretmen Elif T\u00fcrker Acar\u2019a ve \u00f6\u011frencilere ziyaretlerinden dolay\u0131 te\u015fekk\u00fcr ettiler.<\/p>\n<p><a href=\"http:\/\/www.pinarhisargazetesi.com\" target=\"_blank\" rel=\"noopener\">Kaynak<\/a><\/p>\n","protected":false},"excerpt":{"rendered":"<p>K\u0131rklareli\/P\u0131narhisar\u2019a ba\u011fl\u0131 Tozakl\u0131 K\u00f6y\u00fcnde bulunan Tozakl\u0131 \u0130lkokulu 4. S\u0131n\u0131f \u00f6\u011frencileri, 201-2018 y\u0131l\u0131 yar\u0131y\u0131l tatili \u00f6ncesinde \u00f6\u011fretmenleri e\u015fli\u011finde T.C. P\u0131narhisar Kaymakaml\u0131\u011f\u0131 \u0130l\u00e7e Halk K\u00fct\u00fcphanesini ziyaret ettiler. Ziyaret s\u0131ras\u0131nda P\u0131narhisar \u0130l\u00e7e Halk K\u00fct\u00fcphanesinin b\u00f6l\u00fcmlerini gezen \u00f6\u011frencilere, k\u00fct\u00fcphane \u00e7al\u0131\u015fanlar\u0131 taraf\u0131ndan k\u00fct\u00fcphanenin kullan\u0131m\u0131,<\/p>\n","protected":false},"author":1,"featured_media":23534,"comment_status":"open","ping_status":"open","sticky":false,"template":"","format":"standard","meta":{"footnotes":""},"categories":[1],"tags":[],"class_list":["post-23532","post","type-post","status-publish","format-standard","has-post-thumbnail","hentry","category-genel"],"_links":{"self":[{"href":"https:\/\/www.bbyhaber.com\/bby\/wp-json\/wp\/v2\/posts\/23532"}],"collection":[{"href":"https:\/\/www.bbyhaber.com\/bby\/wp-json\/wp\/v2\/posts"}],"about":[{"href":"https:\/\/www.bbyhaber.com\/bby\/wp-json\/wp\/v2\/types\/post"}],"author":[{"embeddable":true,"href":"https:\/\/www.bbyhaber.com\/bby\/wp-json\/wp\/v2\/users\/1"}],"replies":[{"embeddable":true,"href":"https:\/\/www.bbyhaber.com\/bby\/wp-json\/wp\/v2\/comments?post=23532"}],"version-history":[{"count":2,"href":"https:\/\/www.bbyhaber.com\/bby\/wp-json\/wp\/v2\/posts\/23532\/revisions"}],"predecessor-version":[{"id":23536,"href":"https:\/\/www.bbyhaber.com\/bby\/wp-json\/wp\/v2\/posts\/23532\/revisions\/23536"}],"wp:featuredmedia":[{"embeddable":true,"href":"https:\/\/www.bbyhaber.com\/bby\/wp-json\/wp\/v2\/media\/23534"}],"wp:attachment":[{"href":"https:\/\/www.bbyhaber.com\/bby\/wp-json\/wp\/v2\/media?parent=23532"}],"wp:term":[{"taxonomy":"category","embeddable":true,"href":"https:\/\/www.bbyhaber.com\/bby\/wp-json\/wp\/v2\/categories?post=23532"},{"taxonomy":"post_tag","embeddable":true,"href":"https:\/\/www.bbyhaber.com\/bby\/wp-json\/wp\/v2\/tags?post=23532"}],"curies":[{"name":"wp","href":"https:\/\/api.w.org\/{rel}","templated":true}]}}