{"id":23423,"date":"2018-02-07T16:20:38","date_gmt":"2018-02-07T13:20:38","guid":{"rendered":"http:\/\/www.bbyhaber.com\/bby\/?p=23423"},"modified":"2018-02-15T15:02:05","modified_gmt":"2018-02-15T12:02:05","slug":"eyupsultan-arastirma-merkezi-donemsel-is-ilani-son-basvuru-31-01-2018","status":"publish","type":"post","link":"https:\/\/www.bbyhaber.com\/bby\/2018\/02\/07\/eyupsultan-arastirma-merkezi-donemsel-is-ilani-son-basvuru-31-01-2018","title":{"rendered":"Ey\u00fcpsultan Ara\u015ft\u0131rma Merkezi D\u00f6nemsel i\u015f ilan\u0131-Son Ba\u015fvuru-15\/02\/21018"},"content":{"rendered":"<p><a href=\"http:\/\/www.bbyhaber.com\/bby\/wp-content\/uploads\/2018\/01\/eyup-sultan-arastirma-merkezi.jpg\"><img loading=\"lazy\" decoding=\"async\" class=\"alignleft size-full wp-image-23425\" src=\"http:\/\/www.bbyhaber.com\/bby\/wp-content\/uploads\/2018\/01\/eyup-sultan-arastirma-merkezi.jpg\" alt=\"\" width=\"390\" height=\"180\" \/><\/a>Ey\u00fcpsultan Ara\u015ft\u0131rma Merkezi i\u00e7in d\u00f6nemsel ara\u015ft\u0131rmac\u0131 aranmaktad\u0131r. Di\u011fer kurumlardaki ara\u015ft\u0131rma merkezlerinde Ey\u00fcp tarihi ile ilgili ara\u015ft\u0131rma i\u015fi yapabilecek;<!--more--><\/p>\n<p>Tercihen Osmanl\u0131ca bilen, <strong>Bilgi ve Belge Y\u00f6netimi<\/strong> yada Tarih okuyan<br \/>\nAra\u015ft\u0131rma tekniklerini bilen,<br \/>\nLisans veya y\u00fcksek lisans \u00f6\u011frencisi,<br \/>\nAyda 10 g\u00fcn (80 saat) \u00e7al\u0131\u015fabilecek<br \/>\nEy\u00fcp tarihiyle ilgilenen arkada\u015flar\u0131m\u0131z\u0131 bekliyoruz.<\/p>\n<p><strong>Not:<\/strong> \u0130stihdam sa\u011flanmayacak olup burs ba\u015fl\u0131\u011f\u0131 alt\u0131nda <strong>ayl\u0131k 500 Lira<\/strong> verilecektir. <strong>D\u00f6nemsel bir i\u015f<\/strong> olmakla beraber ara\u015ft\u0131rma i\u015finin ortalama <strong>9-12<\/strong> ay s\u00fcrmesi tahmin edilmektedir.\u00a0 Lisans son s\u0131n\u0131f veya y\u00fcksek lisans \u00f6\u011frencilerine \u00f6ncelik verilecektir.<\/p>\n<p><span style=\"color: #ff0000;\"><strong>\u0130\u015fin tan\u0131m\u0131;<\/strong><\/span><\/p>\n<p>Ba\u015fbakanl\u0131k Osmanl\u0131 Ar\u015fivi, Salt ar\u015fivi, Frans\u0131z Anadolu Ara\u015ft\u0131rmalar\u0131 Enstit\u00fcs\u00fc, Atat\u00fcrk Kitapl\u0131\u011f\u0131, TRT ar\u015fivi gibi farkl\u0131 ara\u015ft\u0131rma merkezlerinde Ey\u00fcp tarihini ara\u015ft\u0131rmak ve bulunan o belgeleri kurumumuza iletmek. \u00dccrete tabi belgeler kurum taraf\u0131ndan \u00f6denecektir.<\/p>\n<p>Ey\u00fcple alakal\u0131 harita,efemera, video, foto\u011fraf, belge, gazete haberi, makale, mecmua yaz\u0131 vs. alanlarda ara\u015ft\u0131rma yap\u0131lmas\u0131 beklenmektedir.<\/p>\n<p>Konu ba\u015fl\u0131klar\u0131 kurum taraf\u0131ndan belirlenecektir.<\/p>\n<p><span style=\"color: #ff0000;\"><strong>Not:<\/strong><\/span> \u0130stihdam sa\u011flanmayacak olup burs ba\u015fl\u0131\u011f\u0131 alt\u0131nda ayl\u0131k 500 Lira verilecektir. D\u00f6nemsel bir i\u015f olmakla beraber ara\u015ft\u0131rma i\u015finin ortalama 9-12 ay s\u00fcrmesi tahmin edilmektedir. Lisans son s\u0131n\u0131f veya y\u00fcksek lisans \u00f6\u011frencilerine \u00f6ncelik verilecektir.<\/p>\n<p><span style=\"color: #ff0000;\"><strong>Son ba\u015fvuru tarihi: 15 \/02 \/2018<\/strong><\/span><br \/>\n\u0130rtibat: S\u00fcmeyye AKSOY (Ar\u015fiv ve K\u00fct\u00fcphane sorumlusu) (sumeyye.aksoy@eyup.bel.tr)<br \/>\nAdres: \u0130slambey Mah. Hz. Halid Bulvar\u0131 No: 51 Ey\u00fcpsultan Ara\u015ft\u0131rma Merkezi \/ Ey\u00fcp- \u0130STANBUL<\/p>\n","protected":false},"excerpt":{"rendered":"<p>Ey\u00fcpsultan Ara\u015ft\u0131rma Merkezi i\u00e7in d\u00f6nemsel ara\u015ft\u0131rmac\u0131 aranmaktad\u0131r. Di\u011fer kurumlardaki ara\u015ft\u0131rma merkezlerinde Ey\u00fcp tarihi ile ilgili ara\u015ft\u0131rma i\u015fi yapabilecek;<\/p>\n","protected":false},"author":1,"featured_media":23425,"comment_status":"open","ping_status":"open","sticky":false,"template":"","format":"standard","meta":{"footnotes":""},"categories":[],"tags":[1393],"class_list":["post-23423","post","type-post","status-publish","format-standard","has-post-thumbnail","hentry","tag-bby-is-ilanlari-arsivi"],"_links":{"self":[{"href":"https:\/\/www.bbyhaber.com\/bby\/wp-json\/wp\/v2\/posts\/23423"}],"collection":[{"href":"https:\/\/www.bbyhaber.com\/bby\/wp-json\/wp\/v2\/posts"}],"about":[{"href":"https:\/\/www.bbyhaber.com\/bby\/wp-json\/wp\/v2\/types\/post"}],"author":[{"embeddable":true,"href":"https:\/\/www.bbyhaber.com\/bby\/wp-json\/wp\/v2\/users\/1"}],"replies":[{"embeddable":true,"href":"https:\/\/www.bbyhaber.com\/bby\/wp-json\/wp\/v2\/comments?post=23423"}],"version-history":[{"count":5,"href":"https:\/\/www.bbyhaber.com\/bby\/wp-json\/wp\/v2\/posts\/23423\/revisions"}],"predecessor-version":[{"id":23637,"href":"https:\/\/www.bbyhaber.com\/bby\/wp-json\/wp\/v2\/posts\/23423\/revisions\/23637"}],"wp:featuredmedia":[{"embeddable":true,"href":"https:\/\/www.bbyhaber.com\/bby\/wp-json\/wp\/v2\/media\/23425"}],"wp:attachment":[{"href":"https:\/\/www.bbyhaber.com\/bby\/wp-json\/wp\/v2\/media?parent=23423"}],"wp:term":[{"taxonomy":"category","embeddable":true,"href":"https:\/\/www.bbyhaber.com\/bby\/wp-json\/wp\/v2\/categories?post=23423"},{"taxonomy":"post_tag","embeddable":true,"href":"https:\/\/www.bbyhaber.com\/bby\/wp-json\/wp\/v2\/tags?post=23423"}],"curies":[{"name":"wp","href":"https:\/\/api.w.org\/{rel}","templated":true}]}}