{"id":23396,"date":"2018-01-12T11:29:56","date_gmt":"2018-01-12T08:29:56","guid":{"rendered":"http:\/\/www.bbyhaber.com\/bby\/?p=23396"},"modified":"2018-05-11T17:26:01","modified_gmt":"2018-05-11T14:26:01","slug":"uluslararasi-okul-kutuphaneciligi-derneginin-47-yillik-toplantisi-6-11-mayis-2018-istanbul","status":"publish","type":"post","link":"https:\/\/www.bbyhaber.com\/bby\/2018\/01\/12\/uluslararasi-okul-kutuphaneciligi-derneginin-47-yillik-toplantisi-6-11-mayis-2018-istanbul","title":{"rendered":"Uluslararas\u0131 Okul K\u00fct\u00fcphanecili\u011fi Derne\u011fi&#8217;nin 47.Y\u0131ll\u0131k Toplant\u0131s\u0131, 6-11 May\u0131s 2018, \u0130stanbul"},"content":{"rendered":"<p><a href=\"http:\/\/www.bbyhaber.com\/bby\/wp-content\/uploads\/2018\/01\/iasl2018.jpg\"><img loading=\"lazy\" decoding=\"async\" class=\"alignleft size-full wp-image-23397\" src=\"http:\/\/www.bbyhaber.com\/bby\/wp-content\/uploads\/2018\/01\/iasl2018.jpg\" alt=\"\" width=\"390\" height=\"180\" \/><\/a>6-11 May\u0131s 2018 tarihleri aras\u0131nda \u0130stanbul Hilton Bomonti Hotel &amp; Konferans Merkezi&#8217;nde ger\u00e7ekle\u015ftirilecek olan Uluslararas\u0131 Okul K\u00fct\u00fcphanecili\u011fi Derne\u011fi&#8217;nin 47.Y\u0131ll\u0131k Toplant\u0131s\u0131 (IASL 2018) ve 22.Okul K\u00fct\u00fcphanecili\u011fi Ara\u015ft\u0131rmalar\u0131 Uluslararas\u0131 Forumu d\u00fczenlenecektir.<!--more--><\/p>\n<p>Son \u00e7a\u011fr\u0131 metni \u0130ngilizce olarak a\u015fa\u011f\u0131daki gibidir:<\/p>\n<p>*** <span style=\"color: #ff0000;\"><strong>LAST CALL<\/strong><\/span> ***<\/p>\n<p><strong>Abstract and Proposal Submission Deadline: February 9, 2018<\/strong><\/p>\n<p>IASL Annual Conference 2018\/The 47th Annual Conference of the International Association of School Librarianship \/ The 22nd International Forum on Research on School Librarianship<\/p>\n<p>May 6-11, 2018, Hilton \u0130stanbul Bomonti Hotel &amp; Conference Center, Istanbul, Turkey<\/p>\n<p><a href=\"http:\/\/iasl2018.org\/\" target=\"_blank\" rel=\"noopener nofollow\" data-ft=\"{&quot;tn&quot;:&quot;-U&quot;}\" data-lynx-mode=\"async\" data-lynx-uri=\"https:\/\/l.facebook.com\/l.php?u=http%3A%2F%2Fiasl2018.org%2F&amp;h=ATOxODZxV55ih-j1V69YewuT83ABME0WTlbNX3XbuN2y9jfFxmZEvc8VNj8wU3nYPDiBs406jpn-JKDpytbTwqY4qZDggaw7dR9pcb47AVr8Ue-cWqwfqSc2RImC5QpfpYGQifyntglSP2KSEEKiVQ_ye0FgxfQvCqFqhlDQwplcrOgdlSgyjfZagowrOqnuljLBf0k9SyXio6ZkYTE9O0bn4w7M5R4FPyqvEKq3sa9_5qe0XRs5LuTXEQ5s9nrT56iaq-aqNTaQHhsptaUUFWeY\">http:\/\/iasl2018.org<\/a><br \/>\n<a href=\"https:\/\/www.facebook.com\/iasl2018\" target=\"_blank\" rel=\"noopener\" data-ft=\"{&quot;tn&quot;:&quot;-U&quot;}\">https:\/\/www.facebook.com\/iasl2018<\/a><\/p>\n<p><strong>CALL FOR PAPERS<\/strong><\/p>\n<p>&#8220;The 47th Annual Conference of the International Association of School Librarianship&#8221; and &#8220;The 22nd International Forum on Research on School Librarianship&#8221; will be held by International Association of School Librarianship and Republic of Turkey Ministry of National Education between 6-11 May 2018 in Istanbul, Turkey.<\/p>\n<p>Conference Theme: Information, Innovation and Impact of School Libraries<\/p>\n<p>The International Association for School Librarianship invites professional and research contributions to the 47th Annual Conference and the 22nd International Forum on Research on School Librarianship. The conference is dedicated to the advancement of theory and practice in school librarianship.<\/p>\n<p>Who should attend?<br \/>\nThe IASL Annual Conference provides a space for school librarians, teachers, administrators, researchers, and all those with an interest in education and libraries to join the exciting conversations about innovation, information, and impact of school libraries.<\/p>\n<p>Why should I attend?<br \/>\nThis year\u2019s conference provides a space for practitioners to share their understandings of where we are today and to build for the future. The conference is participative and promotes dissemination and exchange of ideas in a variety of formats. It is also an excellent opportunity for delegates to learn more about the issues and trends in school librarianship, network with other librarians across the globe, experience the camaraderie of librarianship, and, dialogue about research and best practices in school libraries both local and international.<\/p>\n<p>Main Topics<br \/>\n&#8211; Reading activities, literature and school libraries<br \/>\n&#8211; Innovative projects and trends in the school library<br \/>\n&#8211; Formal and informal learning spaces, transforming learning<br \/>\n&#8211; Community and teacher collaboration<br \/>\n&#8211; Libraries and school culture<br \/>\n&#8211; Makerspaces, STEM and STEAM<br \/>\n&#8211; Embracing all colors<br \/>\n&#8211; Information technology in school libraries<br \/>\n&#8211; Lifelong learning and information literacy<br \/>\n&#8211; School library architecture and design<\/p>\n<p>Conference Streams<br \/>\nThe conference organizers invite contributions to:<\/p>\n<p>Stream A: Annual Conference of the International Association of School Librarianship<br \/>\n&#8211; Professional Paper<br \/>\n&#8211; Professional Workshop<br \/>\n&#8211; Special Interest Group Presentation<\/p>\n<p>Stream B: International Forum on Research on School Librarianship<br \/>\n&#8211; Research Paper<br \/>\n&#8211; Poster Session<\/p>\n<p>Important Dates<br \/>\n&#8211; First Call: December 15, 2017<br \/>\n&#8211; Last Call: January 12, 2018<br \/>\n&#8211; Abstract and Proposal Submission Deadline: February 9, 2018<br \/>\n&#8211; Notification of Acceptance: March 2, 2018<br \/>\n&#8211; Early Bird Registration Ends: March 16, 2018<br \/>\n&#8211; Full Text Submission: April 6, 2018<br \/>\n&#8211; Final Programme: April 27, 2018<br \/>\n&#8211; Conference: May 6-11, 2018<\/p>\n<p>More information:\u00a0<a href=\"https:\/\/l.facebook.com\/l.php?u=http%3A%2F%2Fiasl2018.org%2F&amp;h=ATMCwvpGjQNwFIaSsPce75jOmcR0IhU-AKgSFIYohMjNLLJBnZHtuDBD01V5TK5yueNxr4XmSepFWErXbSF3HGL2kslCXUbkIZB1qAp74u4hBw0exTWAw1C2a2uADvBujTVvQDg1JXtzJlo-GWPDpD15n-VFmv8tAGzFa5lcyV3lXoLX-VUIMjBMSk7aelJpA9D2RNnzBFd4JKQEDz0ItUdLbiD6iG5L7YaExL4ZPfEBa69V3Er1Rz89PGk8D9zhxHwuwsUiVYMYvY91cL7oYxtj\" target=\"_blank\" rel=\"noopener nofollow\" data-ft=\"{&quot;tn&quot;:&quot;-U&quot;}\" data-lynx-mode=\"async\">http:\/\/iasl2018.org<\/a><\/p>\n<p>We will be honoured and happy by your presence&#8230;<\/p>\n<p><strong>Co-Chairs of Organizing Committee<\/strong><br \/>\nAy\u015fe Y\u00fcksel DURUKAN, IASL Turkey, Turkey<br \/>\nAssoc. Prof. Nevzat \u00d6ZEL (PhD), Ankara University, Turkey<\/p>\n","protected":false},"excerpt":{"rendered":"<p>6-11 May\u0131s 2018 tarihleri aras\u0131nda \u0130stanbul Hilton Bomonti Hotel &amp; Konferans Merkezi&#8217;nde ger\u00e7ekle\u015ftirilecek olan Uluslararas\u0131 Okul K\u00fct\u00fcphanecili\u011fi Derne\u011fi&#8217;nin 47.Y\u0131ll\u0131k Toplant\u0131s\u0131 (IASL 2018) ve 22.Okul K\u00fct\u00fcphanecili\u011fi Ara\u015ft\u0131rmalar\u0131 Uluslararas\u0131 Forumu d\u00fczenlenecektir.<\/p>\n","protected":false},"author":1,"featured_media":23397,"comment_status":"open","ping_status":"open","sticky":false,"template":"","format":"standard","meta":{"footnotes":""},"categories":[],"tags":[1395],"class_list":["post-23396","post","type-post","status-publish","format-standard","has-post-thumbnail","hentry","tag-bby-mesleki-etkinlikler-arsivi"],"_links":{"self":[{"href":"https:\/\/www.bbyhaber.com\/bby\/wp-json\/wp\/v2\/posts\/23396"}],"collection":[{"href":"https:\/\/www.bbyhaber.com\/bby\/wp-json\/wp\/v2\/posts"}],"about":[{"href":"https:\/\/www.bbyhaber.com\/bby\/wp-json\/wp\/v2\/types\/post"}],"author":[{"embeddable":true,"href":"https:\/\/www.bbyhaber.com\/bby\/wp-json\/wp\/v2\/users\/1"}],"replies":[{"embeddable":true,"href":"https:\/\/www.bbyhaber.com\/bby\/wp-json\/wp\/v2\/comments?post=23396"}],"version-history":[{"count":2,"href":"https:\/\/www.bbyhaber.com\/bby\/wp-json\/wp\/v2\/posts\/23396\/revisions"}],"predecessor-version":[{"id":23399,"href":"https:\/\/www.bbyhaber.com\/bby\/wp-json\/wp\/v2\/posts\/23396\/revisions\/23399"}],"wp:featuredmedia":[{"embeddable":true,"href":"https:\/\/www.bbyhaber.com\/bby\/wp-json\/wp\/v2\/media\/23397"}],"wp:attachment":[{"href":"https:\/\/www.bbyhaber.com\/bby\/wp-json\/wp\/v2\/media?parent=23396"}],"wp:term":[{"taxonomy":"category","embeddable":true,"href":"https:\/\/www.bbyhaber.com\/bby\/wp-json\/wp\/v2\/categories?post=23396"},{"taxonomy":"post_tag","embeddable":true,"href":"https:\/\/www.bbyhaber.com\/bby\/wp-json\/wp\/v2\/tags?post=23396"}],"curies":[{"name":"wp","href":"https:\/\/api.w.org\/{rel}","templated":true}]}}