{"id":23390,"date":"2018-01-12T09:29:16","date_gmt":"2018-01-12T06:29:16","guid":{"rendered":"http:\/\/www.bbyhaber.com\/bby\/?p=23390"},"modified":"2018-01-12T09:34:35","modified_gmt":"2018-01-12T06:34:35","slug":"corumdaki-faik-tonguc-cocuk-kutuphanesi-yikilacak-mi","status":"publish","type":"post","link":"https:\/\/www.bbyhaber.com\/bby\/2018\/01\/12\/corumdaki-faik-tonguc-cocuk-kutuphanesi-yikilacak-mi","title":{"rendered":"\u00c7orum&#8217;daki Faik Tongu\u00e7 \u00c7ocuk K\u00fct\u00fcphanesi Y\u0131k\u0131lacak m\u0131?"},"content":{"rendered":"<div class=\"m-t-2 m-l-1 icerikozet\"><strong><a href=\"http:\/\/www.bbyhaber.com\/bby\/wp-content\/uploads\/2018\/01\/corum-cocuk-kutuphanesi.jpg\"><img loading=\"lazy\" decoding=\"async\" class=\"alignleft size-full wp-image-23391\" src=\"http:\/\/www.bbyhaber.com\/bby\/wp-content\/uploads\/2018\/01\/corum-cocuk-kutuphanesi.jpg\" alt=\"\" width=\"390\" height=\"180\" \/><\/a>T\u00fcrkiye&#8217;nin ilk \u00e7ocuk k\u00fct\u00fcphanelerinden biri<\/strong> olan <strong>Faik Tongu\u00e7 \u00c7ocuk K\u00fct\u00fcphanesi<\/strong>&#8216;nin kentsel d\u00f6n\u00fc\u015f\u00fcmle y\u0131k\u0131laca\u011f\u0131 iddia edildi. Oda TV&#8217;den Yusuf Yavuz&#8217;un haberine g\u00f6re 1964 y\u0131l\u0131nda kurulan Faik Tongu\u00e7 \u00c7ocuk K\u00fct\u00fcphanesi y\u0131k\u0131lacak ve yerine 9 katl\u0131 apartmanlar yap\u0131lacak.\u00a0Yavuz&#8217;un &#8220;Tarihi de\u011feri olan k\u00fct\u00fcphaneyi y\u0131k\u0131p bak\u0131n ne yapacaklar&#8221; ba\u015fl\u0131kl\u0131 yaz\u0131s\u0131 sosyal medyan\u0131n g\u00fcndemine oturdu. Tarihi k\u00fct\u00fcphanenin y\u0131k\u0131laca\u011f\u0131 iddialar\u0131 b\u00fcy\u00fck tepki \u00e7ekti.<\/div>\n<p><!--more--><\/p>\n<div><\/div>\n<div><a href=\"https:\/\/gazeteciyazaryusufyavuzblog.wordpress.com\/2018\/01\/05\/cocuk-kutuphanesini-yikip-yerine-9-katli-apartmanlar-yapacaklar\/\" target=\"_blank\" rel=\"noopener\">\u0130lgili yaz\u0131 i\u00e7in t\u0131klay\u0131n\u0131z<\/a><\/div>\n<div><\/div>\n<div><span style=\"color: #ff0000;\"><strong>Kamuoyu Bask\u0131s\u0131 K\u00fct\u00fcphaneyi Kurtard\u0131. Faik Tongu\u00e7 \u00c7ocuk K\u00fct\u00fcphanesi Y\u0131k\u0131lmayacak<\/strong><\/span><\/div>\n<div><\/div>\n<div>\u00c7orum Belediye Ba\u015fkan\u0131 Muzaffer K\u00fclc\u00fc, son g\u00fcnlerde kamuoyuna tart\u0131\u015f\u0131lan Faik Tongu\u00e7 \u00c7ocuk K\u00fct\u00fcphanesi ile ilgili a\u00e7\u0131klama yapt\u0131. 10 Ocak Gazeteciler G\u00fcn\u00fc nedeniyle kentte g\u00f6rev yapan gazetecilerle yemekte bir araya gelen Ba\u015fkan K\u00fclc\u00fc, bir gazetecinin k\u00fct\u00fcphane ile ilgili sorusunu da cevapland\u0131rd\u0131.<\/div>\n<div>\n<p>Faik Tongu\u00e7 \u00c7ocuk K\u00fct\u00fcphanesi il ilgili konunun iki farkl\u0131 boyutunun oldu\u011funu dile getiren Ba\u015fkan K\u00fclc\u00fc, \u2018Birincisi, orada bir imar planlamas\u0131 yap\u0131lm\u0131\u015f. 2007 y\u0131l\u0131nda ba\u015flayan \u00e7evre d\u00fczeni plan\u0131 \u00e7al\u0131\u015fmas\u0131nda oras\u0131 konut b\u00f6lgesi olarak i\u015faretlenmi\u015f. Sonras\u0131nda ise parselasyon \u00e7al\u0131\u015fmas\u0131 yap\u0131l\u0131rken konut parselinin i\u00e7erisinde kalm\u0131\u015f. \u0130\u015fin bu k\u0131sm\u0131 do\u011fru. Ama biz bunu fark ettikten sonra oran\u0131n plan\u0131n\u0131 de\u011fi\u015ftirmek ve k\u00fct\u00fcphanenin bulundu\u011fu alan\u0131 sosyal k\u00fclt\u00fcrel tesis alan\u0131 olarak i\u015faretlemek \u00fczere yeni bir \u00e7al\u0131\u015fma ba\u015flatt\u0131k. Bu \u00e7al\u0131\u015fmam\u0131z devam ediyor. Onu nihayete erdirece\u011fiz ve k\u00fct\u00fcphaneyi y\u0131k\u0131lmaktan kurtaraca\u011f\u0131z.\u2019 dedi.<\/p>\n<p>Binlerce insan\u0131n oldu\u011fu gibi kendisinin de Faik Tongu\u00e7 K\u00fct\u00fcphanesinde hat\u0131ras\u0131n\u0131n bulundu\u011funa dikkat \u00e7eken Ba\u015fkan K\u00fclc\u00fc, \u2018Burada \u015funun alt\u0131n\u0131 \u00e7izmek laz\u0131m. Bina tarihi bir bina de\u011fil ama binlerce insan\u0131n orada hat\u0131ras\u0131 var. Biz o hat\u0131raya sayg\u0131 duyarak asl\u0131nda kendi hat\u0131ralar\u0131m\u0131za da sayg\u0131 duyarak oradaki y\u0131k\u0131m\u0131n \u00f6n\u00fcne ge\u00e7mek \u00fczere haz\u0131rl\u0131klar yap\u0131yoruz. Bizim de ortaokul y\u0131llar\u0131m\u0131z\u0131n k\u00fct\u00fcphane \u00e7al\u0131\u015fmalar\u0131 Faik Tongu\u00e7 \u00c7ocuk K\u00fct\u00fcphanesi\u2019nin i\u00e7erisinde ge\u00e7mi\u015ftir. Cumartesilerimiz, Pazarlar\u0131m\u0131z ve ak\u015famlar\u0131m\u0131z oralara ders \u00e7al\u0131\u015fmak i\u00e7in gidip geldi\u011fimiz yerlerimizdi. O b\u00f6lgede bulunan binlerce insan\u0131n hat\u0131ras\u0131na sahip \u00e7\u0131kmak i\u00e7in d\u00fczenleme \u00e7al\u0131\u015fmas\u0131 yap\u0131yoruz\u2019 ifadelerini kulland\u0131.<\/p>\n<p>K\u00fclc\u00fc, g\u00f6reve geldikleri 2009 y\u0131l\u0131ndan beri e\u011fitim alan\u0131nda \u00f6nemli yat\u0131r\u0131mlar yapt\u0131klar\u0131n\u0131 vurgulad\u0131. 9 y\u0131ll\u0131k s\u00fcre i\u00e7erisinde yapt\u0131klar\u0131 \u00e7al\u0131\u015fmalar\u0131n \u00c7orum halk\u0131 taraf\u0131ndan bilindi\u011fini ve takdir g\u00f6rd\u00fc\u011f\u00fcn\u00fc ifade eden Ba\u015fkan K\u00fclc\u00fc, \u2018Yapt\u0131rd\u0131\u011f\u0131m\u0131z okullar, \u00e7evre d\u00fczenlemeleri, son iki y\u0131ld\u0131r y\u00fcr\u00fctt\u00fc\u011f\u00fcm\u00fcz Z k\u00fct\u00fcphane \u00e7al\u0131\u015fmam\u0131z. 40 Z k\u00fct\u00fcphanenin yap\u0131m\u0131 ve bu k\u00fct\u00fcphanelerimizin i\u00e7erisine konulmak \u00fczere ald\u0131\u011f\u0131m\u0131z 88 bin kitap bizim e\u011fitim-\u00f6\u011fretim ve k\u00fclt\u00fcr d\u00fcnyam\u0131zla ilgili bak\u0131\u015f\u0131m\u0131z\u0131n ne oldu\u011funu a\u00e7\u0131k ve net olarak ortaya koyuyor. Bu kadar k\u00fct\u00fcphane yapan, bu kadar kitap alan ve hatta okuma gruplar\u0131 olu\u015fturmak suretiyle lokomotif vazifesi g\u00f6ren belediyenin k\u00fct\u00fcphane y\u0131kmay\u0131 planl\u0131yor olmas\u0131 ak\u0131llara ziyan bir durumdur. Asla b\u00f6yle bir d\u00fc\u015f\u00fcncemiz olmad\u0131. Sadece planlama noktas\u0131nda g\u00f6zden ka\u00e7m\u0131\u015f bir husus b\u00f6yle bir spek\u00fclasyonun olu\u015fmas\u0131na sebebiyet verdi. Herkesin g\u00f6nl\u00fc ferah olsun. Biz y\u0131kmak i\u00e7in, yok etmek i\u00e7in de\u011fil, yapmak i\u00e7in in\u015fa etmek i\u00e7in buralarda bulunuyoruz. En g\u00fczellerini yapmak ve var olanlar\u0131n\u0131 da ya\u015fatmak i\u00e7in elimizden gelen t\u00fcm gayreti g\u00f6steriyoruz\u2019 \u015feklinde konu\u015ftu.<\/p>\n<p><a href=\"http:\/\/www.okumaajansi.com\/faik-tonguc-cocuk-kutuphanesi-yikilmayacak\/\" target=\"_blank\" rel=\"noopener\">Kaynak<\/a><\/p>\n<\/div>\n","protected":false},"excerpt":{"rendered":"<p>T\u00fcrkiye&#8217;nin ilk \u00e7ocuk k\u00fct\u00fcphanelerinden biri olan Faik Tongu\u00e7 \u00c7ocuk K\u00fct\u00fcphanesi&#8216;nin kentsel d\u00f6n\u00fc\u015f\u00fcmle y\u0131k\u0131laca\u011f\u0131 iddia edildi. Oda TV&#8217;den Yusuf Yavuz&#8217;un haberine g\u00f6re 1964 y\u0131l\u0131nda kurulan Faik Tongu\u00e7 \u00c7ocuk K\u00fct\u00fcphanesi y\u0131k\u0131lacak ve yerine 9 katl\u0131 apartmanlar yap\u0131lacak.\u00a0Yavuz&#8217;un &#8220;Tarihi de\u011feri olan k\u00fct\u00fcphaneyi y\u0131k\u0131p bak\u0131n ne yapacaklar&#8221; ba\u015fl\u0131kl\u0131 yaz\u0131s\u0131 sosyal medyan\u0131n g\u00fcndemine oturdu. Tarihi k\u00fct\u00fcphanenin y\u0131k\u0131laca\u011f\u0131 iddialar\u0131 b\u00fcy\u00fck tepki [&hellip;]<\/p>\n","protected":false},"author":1,"featured_media":23391,"comment_status":"open","ping_status":"open","sticky":false,"template":"","format":"standard","meta":{"footnotes":""},"categories":[1553],"tags":[1439],"class_list":["post-23390","post","type-post","status-publish","format-standard","has-post-thumbnail","hentry","category-cocuk-kutuphaneleri","tag-cocuk-kutuphaneleri"],"_links":{"self":[{"href":"https:\/\/www.bbyhaber.com\/bby\/wp-json\/wp\/v2\/posts\/23390"}],"collection":[{"href":"https:\/\/www.bbyhaber.com\/bby\/wp-json\/wp\/v2\/posts"}],"about":[{"href":"https:\/\/www.bbyhaber.com\/bby\/wp-json\/wp\/v2\/types\/post"}],"author":[{"embeddable":true,"href":"https:\/\/www.bbyhaber.com\/bby\/wp-json\/wp\/v2\/users\/1"}],"replies":[{"embeddable":true,"href":"https:\/\/www.bbyhaber.com\/bby\/wp-json\/wp\/v2\/comments?post=23390"}],"version-history":[{"count":4,"href":"https:\/\/www.bbyhaber.com\/bby\/wp-json\/wp\/v2\/posts\/23390\/revisions"}],"predecessor-version":[{"id":23395,"href":"https:\/\/www.bbyhaber.com\/bby\/wp-json\/wp\/v2\/posts\/23390\/revisions\/23395"}],"wp:featuredmedia":[{"embeddable":true,"href":"https:\/\/www.bbyhaber.com\/bby\/wp-json\/wp\/v2\/media\/23391"}],"wp:attachment":[{"href":"https:\/\/www.bbyhaber.com\/bby\/wp-json\/wp\/v2\/media?parent=23390"}],"wp:term":[{"taxonomy":"category","embeddable":true,"href":"https:\/\/www.bbyhaber.com\/bby\/wp-json\/wp\/v2\/categories?post=23390"},{"taxonomy":"post_tag","embeddable":true,"href":"https:\/\/www.bbyhaber.com\/bby\/wp-json\/wp\/v2\/tags?post=23390"}],"curies":[{"name":"wp","href":"https:\/\/api.w.org\/{rel}","templated":true}]}}