{"id":23378,"date":"2018-01-10T15:13:18","date_gmt":"2018-01-10T12:13:18","guid":{"rendered":"http:\/\/www.bbyhaber.com\/bby\/?p=23378"},"modified":"2018-01-10T15:23:46","modified_gmt":"2018-01-10T12:23:46","slug":"15-dakika-sessizlik-okuyoruz-uygulamasi-fransaya-ornek-oldu","status":"publish","type":"post","link":"https:\/\/www.bbyhaber.com\/bby\/2018\/01\/10\/15-dakika-sessizlik-okuyoruz-uygulamasi-fransaya-ornek-oldu","title":{"rendered":"&#8220;15 dakika=Sessizlik, okuyoruz!&#8221; uygulamas\u0131 Fransa\u2019ya \u00f6rnek oldu"},"content":{"rendered":"<p><strong><a href=\"http:\/\/www.bbyhaber.com\/bby\/wp-content\/uploads\/2018\/01\/fransaya-ilham-verdiler.jpg\"><img loading=\"lazy\" decoding=\"async\" class=\"alignleft size-full wp-image-23380\" src=\"http:\/\/www.bbyhaber.com\/bby\/wp-content\/uploads\/2018\/01\/fransaya-ilham-verdiler.jpg\" alt=\"\" width=\"390\" height=\"180\" \/><\/a>Frans\u0131zca<\/strong> e\u011fitim veren <strong>Tevfik Fikret Lisesi<\/strong>\u2019nin g\u00fcnde <strong>15 dakikal\u0131k <a href=\"http:\/\/www.bbyhaber.com\/bby\/tag\/okuma-etkinligi\">okuma uygulamas\u0131<\/a> Fransa\u2019ya \u00f6rnek oldu<\/strong>. Fransa\u2019da faaliyet g\u00f6steren \u201c<strong>Sessizlik, okuyoruz!<\/strong>\u201d adl\u0131 dernek bu uygulamay\u0131 \u00fclke geneline yaymak i\u00e7in \u00e7aba g\u00f6steriyor. Haberin detaylar\u0131 \u015f\u00f6yle:<!--more--> Fransa\u2019da yay\u0131mlanan Le Figaro gazetesine konu olan uygulama \u00e7er\u00e7evesinde her g\u00fcn saat 13.35\u2019te okulun 1600 \u00f6\u011frencisinin yan\u0131 s\u0131ra, m\u00fcd\u00fcr\u00fc, \u00f6\u011fretmenleri, hatta g\u00fcvenlik g\u00f6revlilerinin de aralar\u0131nda bulundu\u011fu t\u00fcm personel kitap okuyor. Her g\u00fcn 15 dakika okuma sadece okuma haftas\u0131 gibi \u00f6zel d\u00f6nemlerde de\u011fil 17 y\u0131ld\u0131r her g\u00fcn yap\u0131l\u0131yor. \u00d6\u011fretmenlerin okumay\u0131 nas\u0131l te\u015fvik edebileceklerini tart\u0131\u015ft\u0131klar\u0131 bir ortamda 2001\u2019de ortaya \u00e7\u0131kan uygulama art\u0131k gelenek halini alm\u0131\u015f. Ba\u015flang\u0131\u00e7ta 10 dakika olarak belirlenen okuma s\u00fcreleri ise \u00f6\u011frencilerin bu y\u00f6ndeki talepleri do\u011frultusunda art\u0131k 15 dakika.<\/p>\n<p>\u00d6\u011frencilerin sadece kitap de\u011fil \u00e7izgi roman okumas\u0131n\u0131n da m\u00fcmk\u00fcn oldu\u011funun alt\u0131n\u0131 \u00e7izen gazete, okulun m\u00fcd\u00fcr\u00fc Ay\u015fe Ba\u015f\u00e7avu\u015fo\u011flu\u2019nun, \u201cE\u011fer o saatte randevusuz bir ziyaret\u00e7i beni g\u00f6rmek isterse okumam bitene kadar bekliyor\u201d s\u00f6zlerine yer vermi\u015f.<\/p>\n<p>UYGULAMANIN EL\u00c7\u0130S\u0130<\/p>\n<p><strong>Uygulaman\u0131n Fransa\u2019ya yay\u0131lmaya ba\u015flamas\u0131 ise<\/strong> Frans\u0131z yap\u0131mc\u0131, y\u00f6netmen ve senaryo yazar\u0131 Olivier Delahaye\u2019in, \u2018G\u00fcne\u015fler\u2019 (Soleils) adl\u0131 filmini tan\u0131tmak i\u00e7in geldi\u011fi d\u00f6nemde duruma tan\u0131kl\u0131k etmesiyle ger\u00e7ekle\u015fti. Fransa\u2019ya d\u00f6n\u00fc\u015fte bu uygulamay\u0131 tan\u0131tmaya \u00e7al\u0131\u015fan Delahaye\u2019in giri\u015fimi Frans\u0131z Akademisi \u00fcyelerinden Daniele Sallenave\u2019\u0131n kula\u011f\u0131na gidince \u00e7abalar farkl\u0131 bir boyuta ula\u015ft\u0131. 2015\u2019te Ba\u015f\u00e7avu\u015fo\u011flu, Delahaye ve Sallenave, \u201cSessizlik, okuyoruz!\u201d derne\u011fini kurdu. Delahaye yakla\u015f\u0131k iki y\u0131ld\u0131r Fransa\u2019da bu uygulaman\u0131n el\u00e7ili\u011fini yap\u0131yor. Baz\u0131 \u00f6\u011fretmenlerin bu zaman\u0131n kendi derslerinden \u00e7al\u0131narak Frans\u0131zca e\u011fitiminin uzat\u0131lmas\u0131 olarak g\u00f6rd\u00fc\u011f\u00fcn\u00fc belirten Delahaye, \u201cBaz\u0131 \u00f6\u011fretmenler frenliyor. Baz\u0131lar\u0131 bizi bakanl\u0131\u011f\u0131n Truva At\u0131 olarak g\u00f6r\u00fcyor\u201d diyor.<\/p>\n<p>\u201c<strong>Sessizlik, okuyoruz!<\/strong>\u201d derne\u011fine \u015fu ana kadar yakla\u015f\u0131k 400 kurum \u00fcye olmu\u015f durumda. Le Figaro\u2019nun aktard\u0131\u011f\u0131na g\u00f6re Fas\u2019ta bir ortaokul da projeye dahil olmu\u015f. Strasbourg\u2019da sadece okullar\u0131n de\u011fil Strasbourg Belediyesi \u00e7al\u0131\u015fanlar\u0131n\u0131n da uygulamaya dahil olmas\u0131 de\u011ferlendiriliyor.<\/p>\n<p>BAKANLA G\u00d6R\u00dc\u015eT\u00dcLER<\/p>\n<p>Derne\u011fin \u015fimdiki amac\u0131 ise Fransa E\u011fitim Bakanl\u0131\u011f\u0131\u2019ndan somut destek alarak uygulaman\u0131n daha da yayg\u0131nla\u015fmas\u0131n\u0131 sa\u011flamak. Bu \u00e7er\u00e7evede ge\u00e7ti\u011fimiz aylarda Fransa E\u011fitim Bakan\u0131 Jean-Michel Blanquer, Sallenave ve Delahaye ile bir araya geldi.<\/p>\n<p><a href=\"http:\/\/www.hurriyet.com.tr\" target=\"_blank\" rel=\"noopener\">Kaynak<\/a><\/p>\n","protected":false},"excerpt":{"rendered":"<p>Frans\u0131zca e\u011fitim veren Tevfik Fikret Lisesi\u2019nin g\u00fcnde 15 dakikal\u0131k okuma uygulamas\u0131 Fransa\u2019ya \u00f6rnek oldu. Fransa\u2019da faaliyet g\u00f6steren \u201cSessizlik, okuyoruz!\u201d adl\u0131 dernek bu uygulamay\u0131 \u00fclke geneline yaymak i\u00e7in \u00e7aba g\u00f6steriyor. Haberin detaylar\u0131 \u015f\u00f6yle:<\/p>\n","protected":false},"author":1,"featured_media":23380,"comment_status":"open","ping_status":"open","sticky":false,"template":"","format":"standard","meta":{"footnotes":""},"categories":[1,1496],"tags":[],"class_list":["post-23378","post","type-post","status-publish","format-standard","has-post-thumbnail","hentry","category-genel","category-kitap-okuma-etkinligi"],"_links":{"self":[{"href":"https:\/\/www.bbyhaber.com\/bby\/wp-json\/wp\/v2\/posts\/23378"}],"collection":[{"href":"https:\/\/www.bbyhaber.com\/bby\/wp-json\/wp\/v2\/posts"}],"about":[{"href":"https:\/\/www.bbyhaber.com\/bby\/wp-json\/wp\/v2\/types\/post"}],"author":[{"embeddable":true,"href":"https:\/\/www.bbyhaber.com\/bby\/wp-json\/wp\/v2\/users\/1"}],"replies":[{"embeddable":true,"href":"https:\/\/www.bbyhaber.com\/bby\/wp-json\/wp\/v2\/comments?post=23378"}],"version-history":[{"count":2,"href":"https:\/\/www.bbyhaber.com\/bby\/wp-json\/wp\/v2\/posts\/23378\/revisions"}],"predecessor-version":[{"id":23382,"href":"https:\/\/www.bbyhaber.com\/bby\/wp-json\/wp\/v2\/posts\/23378\/revisions\/23382"}],"wp:featuredmedia":[{"embeddable":true,"href":"https:\/\/www.bbyhaber.com\/bby\/wp-json\/wp\/v2\/media\/23380"}],"wp:attachment":[{"href":"https:\/\/www.bbyhaber.com\/bby\/wp-json\/wp\/v2\/media?parent=23378"}],"wp:term":[{"taxonomy":"category","embeddable":true,"href":"https:\/\/www.bbyhaber.com\/bby\/wp-json\/wp\/v2\/categories?post=23378"},{"taxonomy":"post_tag","embeddable":true,"href":"https:\/\/www.bbyhaber.com\/bby\/wp-json\/wp\/v2\/tags?post=23378"}],"curies":[{"name":"wp","href":"https:\/\/api.w.org\/{rel}","templated":true}]}}