{"id":23346,"date":"2018-01-05T19:22:16","date_gmt":"2018-01-05T16:22:16","guid":{"rendered":"http:\/\/www.bbyhaber.com\/bby\/?p=23346"},"modified":"2018-01-18T20:28:53","modified_gmt":"2018-01-18T17:28:53","slug":"bu-ilcede-uygulanan-proje-sayesinde-herkes-kutuphaneye-gidiyor","status":"publish","type":"post","link":"https:\/\/www.bbyhaber.com\/bby\/2018\/01\/05\/bu-ilcede-uygulanan-proje-sayesinde-herkes-kutuphaneye-gidiyor","title":{"rendered":"Bu il\u00e7ede uygulanan proje sayesinde herkes k\u00fct\u00fcphaneye gidiyor"},"content":{"rendered":"<p><em><a href=\"http:\/\/www.bbyhaber.com\/bby\/wp-content\/uploads\/2018\/01\/2309670-1.jpg\"><img loading=\"lazy\" decoding=\"async\" class=\"aligncenter size-full wp-image-23428\" src=\"http:\/\/www.bbyhaber.com\/bby\/wp-content\/uploads\/2018\/01\/2309670-1.jpg\" alt=\"\" width=\"664\" height=\"354\" srcset=\"https:\/\/www.bbyhaber.com\/bby\/wp-content\/uploads\/2018\/01\/2309670-1.jpg 664w, https:\/\/www.bbyhaber.com\/bby\/wp-content\/uploads\/2018\/01\/2309670-1-300x160.jpg 300w, https:\/\/www.bbyhaber.com\/bby\/wp-content\/uploads\/2018\/01\/2309670-1-310x165.jpg 310w, https:\/\/www.bbyhaber.com\/bby\/wp-content\/uploads\/2018\/01\/2309670-1-475x252.jpg 475w\" sizes=\"(max-width: 664px) 100vw, 664px\" \/><\/a><\/em><\/p>\n<p>&nbsp;<\/p>\n<p class=\"spot\">Bursa Yeni\u015fehir Kaymakaml\u0131\u011f\u0131 taraf\u0131ndan ba\u015flat\u0131lan, \u201cK\u00fct\u00fcphaneden Okula Uzanan K\u00fclt\u00fcreli\u201d projesine okullar ve \u00f6\u011frenciler yo\u011fun ilgi g\u00f6steriyor. Bursa Yeni\u015fehir Kaymakaml\u0131\u011f\u0131 taraf\u0131ndan ba\u015flat\u0131lan, \u201cK\u00fct\u00fcphaneden Okula Uzanan K\u00fclt\u00fcreli\u201d projesine okullar ve \u00f6\u011frenciler yo\u011fun ilgi g\u00f6steriyor.<\/p>\n<p><iframe loading=\"lazy\" style=\"border: none; overflow: hidden;\" src=\"https:\/\/www.facebook.com\/plugins\/video.php?href=https%3A%2F%2Fwww.facebook.com%2Fkanal16tv%2Fvideos%2F1224858954311021%2F&amp;show_text=0&amp;width=560\" width=\"560\" height=\"312\" frameborder=\"0\" scrolling=\"no\" allowfullscreen=\"allowfullscreen\"><\/iframe><\/p>\n<p>Konuyla ilgili a\u00e7\u0131klama yapan Yeni\u015fehir Kaymakam\u0131 Suat Seyito\u011flu, \u201cK\u00fct\u00fcphanemizde 30 binden fazla kitab\u0131m\u0131z var. Fakat fazla gelen yoktu. Biz de \u00f6rg\u00fcn e\u011fitim i\u00e7erisindeki \u00e7ocuklar\u0131n \u00f6nce k\u00fct\u00fcphaneye gelmesini sa\u011flamak i\u00e7in ne yapaca\u011f\u0131m\u0131z\u0131 ara\u015ft\u0131rd\u0131k. Yapt\u0131\u011f\u0131m\u0131z \u00e7al\u0131\u015fmalar sonunda 2 bin civar\u0131nda \u00e7ocu\u011fumuzun k\u00fct\u00fcphaneye \u00fcye olmas\u0131n\u0131 sa\u011flad\u0131k. Bununla birlikte 5 binden fazla kitab\u0131n okunmas\u0131na vesile olduk\u201d diye konu\u015ftu.<\/p>\n<p>As\u0131l hedeflerinin 8 bin civar\u0131nda \u00fcye oldu\u011funu belirten il\u00e7e kaymakam\u0131 Seyito\u011flu, &#8220;\u015eu ana kadar 5 binden fazla okunan kitap say\u0131s\u0131n\u0131 da 20 binlere ula\u015ft\u0131rd\u0131\u011f\u0131m\u0131z zaman hem \u00f6\u011frencilerimize hem de k\u00fct\u00fcphanemize daha fazla katk\u0131 sa\u011flam\u0131\u015f oluruz. Ayn\u0131 zamanda il\u00e7emize yeni yap\u0131lan modern k\u00fct\u00fcphanemizin in\u015faat\u0131 bitmi\u015f durumda, i\u00e7indeki eksikliklerin tamamlanmas\u0131 ile birlikte \u00f6n\u00fcm\u00fczdeki aylarda yeni k\u00fct\u00fcphanemizi de hizmete a\u00e7m\u0131\u015f olaca\u011f\u0131z&#8221; dedi.<\/p>\n<p><a href=\"http:\/\/iha.com.tr\" target=\"_blank\" rel=\"noopener\">Kaynak<\/a><\/p>\n","protected":false},"excerpt":{"rendered":"<p>&nbsp; Bursa Yeni\u015fehir Kaymakaml\u0131\u011f\u0131 taraf\u0131ndan ba\u015flat\u0131lan, \u201cK\u00fct\u00fcphaneden Okula Uzanan K\u00fclt\u00fcreli\u201d projesine okullar ve \u00f6\u011frenciler yo\u011fun ilgi g\u00f6steriyor. Bursa Yeni\u015fehir Kaymakaml\u0131\u011f\u0131 taraf\u0131ndan ba\u015flat\u0131lan, \u201cK\u00fct\u00fcphaneden Okula Uzanan K\u00fclt\u00fcreli\u201d projesine okullar ve \u00f6\u011frenciler yo\u011fun ilgi g\u00f6steriyor. Konuyla ilgili a\u00e7\u0131klama yapan Yeni\u015fehir Kaymakam\u0131 Suat Seyito\u011flu, \u201cK\u00fct\u00fcphanemizde 30 binden fazla kitab\u0131m\u0131z var. Fakat fazla gelen yoktu. Biz de \u00f6rg\u00fcn e\u011fitim [&hellip;]<\/p>\n","protected":false},"author":129,"featured_media":23428,"comment_status":"open","ping_status":"open","sticky":false,"template":"","format":"standard","meta":{"footnotes":""},"categories":[1],"tags":[],"class_list":["post-23346","post","type-post","status-publish","format-standard","has-post-thumbnail","hentry","category-genel"],"_links":{"self":[{"href":"https:\/\/www.bbyhaber.com\/bby\/wp-json\/wp\/v2\/posts\/23346"}],"collection":[{"href":"https:\/\/www.bbyhaber.com\/bby\/wp-json\/wp\/v2\/posts"}],"about":[{"href":"https:\/\/www.bbyhaber.com\/bby\/wp-json\/wp\/v2\/types\/post"}],"author":[{"embeddable":true,"href":"https:\/\/www.bbyhaber.com\/bby\/wp-json\/wp\/v2\/users\/129"}],"replies":[{"embeddable":true,"href":"https:\/\/www.bbyhaber.com\/bby\/wp-json\/wp\/v2\/comments?post=23346"}],"version-history":[{"count":9,"href":"https:\/\/www.bbyhaber.com\/bby\/wp-json\/wp\/v2\/posts\/23346\/revisions"}],"predecessor-version":[{"id":23430,"href":"https:\/\/www.bbyhaber.com\/bby\/wp-json\/wp\/v2\/posts\/23346\/revisions\/23430"}],"wp:featuredmedia":[{"embeddable":true,"href":"https:\/\/www.bbyhaber.com\/bby\/wp-json\/wp\/v2\/media\/23428"}],"wp:attachment":[{"href":"https:\/\/www.bbyhaber.com\/bby\/wp-json\/wp\/v2\/media?parent=23346"}],"wp:term":[{"taxonomy":"category","embeddable":true,"href":"https:\/\/www.bbyhaber.com\/bby\/wp-json\/wp\/v2\/categories?post=23346"},{"taxonomy":"post_tag","embeddable":true,"href":"https:\/\/www.bbyhaber.com\/bby\/wp-json\/wp\/v2\/tags?post=23346"}],"curies":[{"name":"wp","href":"https:\/\/api.w.org\/{rel}","templated":true}]}}