{"id":23332,"date":"2018-01-02T15:16:21","date_gmt":"2018-01-02T12:16:21","guid":{"rendered":"http:\/\/www.bbyhaber.com\/bby\/?p=23332"},"modified":"2018-01-02T15:16:40","modified_gmt":"2018-01-02T12:16:40","slug":"esekli-kutuphaneci-turkce-ders-kitaplarinda","status":"publish","type":"post","link":"https:\/\/www.bbyhaber.com\/bby\/2018\/01\/02\/esekli-kutuphaneci-turkce-ders-kitaplarinda","title":{"rendered":"E\u015fekli K\u00fct\u00fcphaneci T\u00fcrk\u00e7e Ders Kitaplar\u0131nda"},"content":{"rendered":"<p><a href=\"http:\/\/www.bbyhaber.com\/bby\/wp-content\/uploads\/2017\/05\/esekli-kutuphaneci-mustafa-guzelgoz-un-heykeli-kartal-da-acildi1.jpg\"><img loading=\"lazy\" decoding=\"async\" class=\"alignleft size-full wp-image-21905\" src=\"http:\/\/www.bbyhaber.com\/bby\/wp-content\/uploads\/2017\/05\/esekli-kutuphaneci-mustafa-guzelgoz-un-heykeli-kartal-da-acildi1.jpg\" alt=\"\" width=\"390\" height=\"180\" \/><\/a>T.C. Milli E\u011fitim Bakanl\u0131\u011f\u0131\u2019n\u0131n \u00f6\u011frencilere \u00fccretsiz da\u011f\u0131tt\u0131\u011f\u0131 T\u00fcrk\u00e7e ders kitaplar\u0131nda E\u015fekli K\u00fct\u00fcphaneci Mustafa G\u00fczelg\u00f6z\u2019\u00fcn hayat\u0131 ve k\u00f6ylere e\u015fekleriyle g\u00f6t\u00fcrd\u00fc\u011f\u00fc k\u00fct\u00fcphanecilik \u00e7al\u0131\u015fmalar\u0131 okuma par\u00e7as\u0131 olarak yer ald\u0131. \u00d6\u011frenciler E\u015fekli K\u00fct\u00fcphaneci ile okuma par\u00e7as\u0131 arac\u0131l\u0131\u011f\u0131 ile tan\u0131\u015ft\u0131.<!--more--><\/p>\n<p>K\u00fct\u00fcphaneci, yazar Ayd\u0131n \u0130leri taraf\u0131ndan haz\u0131rlanan \u201cE\u015fekli K\u00fct\u00fcphaneci Mustafa Amca\u201d isimli okuma par\u00e7as\u0131 6. s\u0131n\u0131f T\u00fcrk\u00e7e Ders Kitab\u0131nda 4. Tema \u201cBilim ve Teknoloji\u201d ba\u015fl\u0131\u011f\u0131 alt\u0131nda 43.ve 44. sayfalarda yer ald\u0131. 4. Teman\u0131n 2. okuma par\u00e7as\u0131 olan yaz\u0131 2017 y\u0131l\u0131n\u0131n son haftas\u0131nda okunarak derslerde i\u015flendi. \u201c\u00d6\u011frenci \u00c7al\u0131\u015fma Kitab\u0131\u201dnda okuma par\u00e7as\u0131 \u00fczerine haz\u0131rlanan al\u0131\u015ft\u0131rma sorular\u0131 \u00e7\u00f6z\u00fcld\u00fc.<\/p>\n<p>K\u00fct\u00fcphaneci, yazar Ayd\u0131n \u0130leri Mustafa G\u00fczelg\u00f6z\u2019\u00fcn hayat\u0131n\u0131 kaleme ald\u0131\u011f\u0131 ilk bask\u0131s\u0131 2006 y\u0131l\u0131nda yay\u0131nlanan \u201cE\u015fekle Gelen Ayd\u0131nl\u0131k\u201d isimli kitab\u0131 bulunmaktad\u0131r. Yazar Ayd\u0131n \u0130leri\u2019den ald\u0131\u011f\u0131m\u0131z bilgilere g\u00f6re, 2018\u2019y\u0131l\u0131n\u0131n ilk aylar\u0131nda \u201cE\u015fekle Gelen Ayd\u0131nl\u0131k\u201d isimli kitab\u0131n geni\u015fletilmi\u015f 3. bask\u0131s\u0131n\u0131n yay\u0131nlanaca\u011f\u0131n\u0131 sizlere m\u00fcjdeliyoruz.<\/p>\n<p>K\u00fct\u00fcphaneci, yazar Ayd\u0131n \u0130leri\u2019nin vefal\u0131 \u00e7al\u0131\u015fmalar\u0131, yapt\u0131\u011f\u0131 sergiler, s\u00f6yle\u015filer Mustafa G\u00fczelg\u00f6z\u2019\u00fcn T\u00fcrkiye\u2019de iki heykelinin yap\u0131lmas\u0131na vesile olmu\u015ftur. G\u00fczelg\u00f6z\u2019\u00fcn ilk heykeli 2012 y\u0131l\u0131nda \u0130stanbul Maltepe \u0130l\u00e7esinde, Maltepe \u00dcniversitesi yerle\u015fkesinin yer ald\u0131\u011f\u0131 Marmara E\u011fitim K\u00f6y\u00fc\u2019ne, \u0130kinci heykeli 2017 y\u0131l\u0131nda \u0130stanbul Kartal \u0130l\u00e7esi Meydan\u0131na dikilmi\u015ftir.<\/p>\n<p><a href=\"http:\/\/www.eba.gov.tr\/ekitap?icerik-id=4886\" target=\"_blank\" rel=\"noopener\">6. S\u0131n\u0131f T\u00fcrk\u00e7e ders kitab\u0131na buraya t\u0131klayarak eri\u015febilirsiniz.<\/a><\/p>\n<p><a href=\"http:\/\/www.okumaajansi.com\" target=\"_blank\" rel=\"noopener\">Kaynak<\/a><\/p>\n","protected":false},"excerpt":{"rendered":"<p>T.C. Milli E\u011fitim Bakanl\u0131\u011f\u0131\u2019n\u0131n \u00f6\u011frencilere \u00fccretsiz da\u011f\u0131tt\u0131\u011f\u0131 T\u00fcrk\u00e7e ders kitaplar\u0131nda E\u015fekli K\u00fct\u00fcphaneci Mustafa G\u00fczelg\u00f6z\u2019\u00fcn hayat\u0131 ve k\u00f6ylere e\u015fekleriyle g\u00f6t\u00fcrd\u00fc\u011f\u00fc k\u00fct\u00fcphanecilik \u00e7al\u0131\u015fmalar\u0131 okuma par\u00e7as\u0131 olarak yer ald\u0131. \u00d6\u011frenciler E\u015fekli K\u00fct\u00fcphaneci ile okuma par\u00e7as\u0131 arac\u0131l\u0131\u011f\u0131 ile tan\u0131\u015ft\u0131.<\/p>\n","protected":false},"author":1,"featured_media":21905,"comment_status":"open","ping_status":"open","sticky":false,"template":"","format":"standard","meta":{"footnotes":""},"categories":[1575,1],"tags":[177],"class_list":["post-23332","post","type-post","status-publish","format-standard","has-post-thumbnail","hentry","category-esekli-kutuphaneci","category-genel","tag-mustafa-guzelgoz"],"_links":{"self":[{"href":"https:\/\/www.bbyhaber.com\/bby\/wp-json\/wp\/v2\/posts\/23332"}],"collection":[{"href":"https:\/\/www.bbyhaber.com\/bby\/wp-json\/wp\/v2\/posts"}],"about":[{"href":"https:\/\/www.bbyhaber.com\/bby\/wp-json\/wp\/v2\/types\/post"}],"author":[{"embeddable":true,"href":"https:\/\/www.bbyhaber.com\/bby\/wp-json\/wp\/v2\/users\/1"}],"replies":[{"embeddable":true,"href":"https:\/\/www.bbyhaber.com\/bby\/wp-json\/wp\/v2\/comments?post=23332"}],"version-history":[{"count":2,"href":"https:\/\/www.bbyhaber.com\/bby\/wp-json\/wp\/v2\/posts\/23332\/revisions"}],"predecessor-version":[{"id":23335,"href":"https:\/\/www.bbyhaber.com\/bby\/wp-json\/wp\/v2\/posts\/23332\/revisions\/23335"}],"wp:featuredmedia":[{"embeddable":true,"href":"https:\/\/www.bbyhaber.com\/bby\/wp-json\/wp\/v2\/media\/21905"}],"wp:attachment":[{"href":"https:\/\/www.bbyhaber.com\/bby\/wp-json\/wp\/v2\/media?parent=23332"}],"wp:term":[{"taxonomy":"category","embeddable":true,"href":"https:\/\/www.bbyhaber.com\/bby\/wp-json\/wp\/v2\/categories?post=23332"},{"taxonomy":"post_tag","embeddable":true,"href":"https:\/\/www.bbyhaber.com\/bby\/wp-json\/wp\/v2\/tags?post=23332"}],"curies":[{"name":"wp","href":"https:\/\/api.w.org\/{rel}","templated":true}]}}