{"id":23313,"date":"2017-12-29T09:51:44","date_gmt":"2017-12-29T06:51:44","guid":{"rendered":"http:\/\/www.bbyhaber.com\/bby\/?p=23313"},"modified":"2018-02-12T17:44:01","modified_gmt":"2018-02-12T14:44:01","slug":"milli-savunma-bakanligi-muze-ve-tarih-uzmani-ilani-son-basvuru-12-subat-2018","status":"publish","type":"post","link":"https:\/\/www.bbyhaber.com\/bby\/2017\/12\/29\/milli-savunma-bakanligi-muze-ve-tarih-uzmani-ilani-son-basvuru-12-subat-2018","title":{"rendered":"Milli Savunma Bakanl\u0131\u011f\u0131 M\u00fcze ve Tarih Uzman\u0131 \u0130lan\u0131-Son Ba\u015fvuru-12 \u015eubat 2018"},"content":{"rendered":"<p><a href=\"http:\/\/www.bbyhaber.com\/bby\/wp-content\/uploads\/2017\/12\/msb-memur-alimi.jpg\"><img loading=\"lazy\" decoding=\"async\" class=\"alignleft size-full wp-image-23314\" src=\"http:\/\/www.bbyhaber.com\/bby\/wp-content\/uploads\/2017\/12\/msb-memur-alimi.jpg\" alt=\"\" width=\"390\" height=\"180\" \/><\/a>Milli Savunma Bakanl\u0131\u011f\u0131, Genelkurmay Ba\u015fkanl\u0131\u011f\u0131 ve Kuvvet Komutanl\u0131klar\u0131nda memur olarak istihdam edilmek \u00fczere,\u00a0belirtilen faaliyet takvimine uygun olarak, belirtilen niteliklerde devlet memuru kadrolar\u0131na, &#8220;657 say\u0131l\u0131 Devlet Memurlar\u0131 Kanunu&#8221; ile &#8220;Milli Savunma Bakanl\u0131\u011f\u0131, Genelkurmay Ba\u015fkanl\u0131\u011f\u0131 ve Kuvvet Komutanl\u0131klar\u0131nda \u0130lk Defa Devlet Memurlu\u011funa Atanacaklar \u0130\u00e7in Yap\u0131lacak S\u0131navlar Hakk\u0131nda Y\u00f6netmelik&#8221; esaslar\u0131na g\u00f6re personel se\u00e7imi yap\u0131lacakt\u0131r.<!--more--><\/p>\n<p><span style=\"color: #ff0000;\"><strong>KO\u015eULLAR&#8211;&gt;<\/strong><\/span>Fak\u00fcltelerin Tarih, <strong><span style=\"color: #0000ff;\">K\u00fct\u00fcphane ve Ar\u015fiv<\/span><\/strong> veya T\u00fcrkoloji B\u00f6l\u00fcm\u00fc mezunu olmak <span style=\"color: #ff0000;\"><strong>VE<\/strong><\/span> Osmanl\u0131ca yaz\u0131lm\u0131\u015f eser ve belgeleri iyi okumak (Osmanl\u0131ca terimlerini bilmek tercih sebebidir.) \u015fartlar\u0131 ile M\u00fcze ve Tarih Uzman\u0131 <strong><span style=\"color: #ff0000;\">1 ki\u015fi<\/span><\/strong> alacakt\u0131r.<\/p>\n<table style=\"height: 447px;\" width=\"350\">\n<tbody>\n<tr>\n<td width=\"64\">UNVANI<\/td>\n<td width=\"59\">SINIF\/<br \/>\nDERECE<\/td>\n<td width=\"36\">SAYI<\/td>\n<td width=\"56\">KPSS<\/td>\n<td width=\"43\">B\u0130R\u0130M<\/td>\n<td width=\"54\">\u0130L<\/td>\n<td width=\"178\">N\u0130TEL\u0130KLER<\/td>\n<\/tr>\n<tr>\n<td width=\"64\">M\u00fcze ve Tarih Uzman\u0131<\/td>\n<td width=\"59\">G\u0130HS\/9<\/td>\n<td width=\"36\">1<\/td>\n<td width=\"56\">KPSS<br \/>\nP3<\/td>\n<td width=\"43\">MS\u00dc<\/td>\n<td width=\"54\">ANKARA<\/td>\n<td width=\"178\">..Fak\u00fcltelerin Tarih, K\u00fct\u00fcphane ve Ar\u015fiv veya T\u00fcrkoloji B\u00f6l\u00fcm\u00fc mezunu olmak.<br \/>\n..Osmanl\u0131ca yaz\u0131lm\u0131\u015f eser ve belgeleri iyi okumak (Osmanl\u0131ca terimlerini bilmek tercih sebebidir.)<\/td>\n<\/tr>\n<\/tbody>\n<\/table>\n<p>Ba\u015fvuru ve faaliyet takvimi a\u015fa\u011f\u0131daki gibidir:<\/p>\n<table style=\"height: 751px;\" width=\"605\">\n<tbody>\n<tr>\n<td colspan=\"2\"><strong>A\u00c7IKTAN S\u0130V\u0130L MEMUR TEM\u0130N\u0130 FAAL\u0130YET TAKV\u0130M\u0130<\/strong><\/td>\n<\/tr>\n<tr>\n<td><strong>Faaliyet<\/strong><\/td>\n<td><strong>Tarih<\/strong><\/td>\n<\/tr>\n<tr>\n<td>\u00d6n ba\u015fvurular\u0131n genel a\u011f (\u0130nternet) \u00fczerinden \u00e7evrimi\u00e7i (Online) al\u0131nmas\u0131<\/td>\n<td>28 Aral\u0131k 2017-12 \u015eubat 2018 (Saat 17.00&#8217;a kadar.)<\/td>\n<\/tr>\n<tr>\n<td>\u00d6n ba\u015fvurusu kabul edilen adaylar\u0131n isim listesinin genel a\u011f (internet) \u00fczerinden yay\u0131mlanmas\u0131<\/td>\n<td>26 \u015eubat 2018&#8217;den sonra<\/td>\n<\/tr>\n<tr>\n<td>\u00d6n ba\u015fvurusu kabul edilen adaylar\u0131n, istenilen belgeleri M.S.B. Personel Temin Daire Ba\u015fkanl\u0131\u011f\u0131&#8217;nda bulundurmas\u0131<\/td>\n<td>12 Mart 2018 tarihine kadar<\/td>\n<\/tr>\n<tr>\n<td>Ba\u015fvuru ve s\u0131navlar i\u00e7in \u00e7a\u011fr\u0131lacak adaylar\u0131n genel a\u011f (\u0130nternet) \u00fczerinden yay\u0131mlanmas\u0131<\/td>\n<td>19 Mart 2018&#8217;den sonra<\/td>\n<\/tr>\n<tr>\n<td>S\u0131navlar\u0131n icras\u0131 (M\u00fclakat\/Uygulamal\u0131 s\u0131nav)<\/td>\n<td>M\u00fcteakiben Yay\u0131mlanacakt\u0131r.<\/td>\n<\/tr>\n<tr>\n<td>Ba\u015far\u0131l\u0131 (Asil ve yedek) adaylar\u0131n ilan edilmesi (Genel a\u011f arac\u0131l\u0131\u011f\u0131 ile duyurulacakt\u0131r.)<\/td>\n<td>M\u00fcteakiben Yay\u0131mlanacakt\u0131r.<\/td>\n<\/tr>\n<\/tbody>\n<\/table>\n<p><strong><a href=\"https:\/\/pertem.kkk.tsk.tr\/01Basvuru\/memur2017\/memur2017.pdf\" target=\"_blank\" rel=\"noopener\">Ba\u015fvuru k\u0131lavuzu i\u00e7in t\u0131klay\u0131n\u0131z<\/a><\/strong><br \/>\n<a href=\"https:\/\/pertem.kkk.tsk.tr\/01Basvuru\/memur2017\/basvuru.aspx?tid=55\" target=\"_blank\" rel=\"noopener\"><strong>BA\u015eVURU \u0130\u00c7\u0130N TIKLAYINIZ<\/strong><\/a><\/p>\n","protected":false},"excerpt":{"rendered":"<p>Milli Savunma Bakanl\u0131\u011f\u0131, Genelkurmay Ba\u015fkanl\u0131\u011f\u0131 ve Kuvvet Komutanl\u0131klar\u0131nda memur olarak istihdam edilmek \u00fczere,\u00a0belirtilen faaliyet takvimine uygun olarak, belirtilen niteliklerde devlet memuru kadrolar\u0131na, &#8220;657 say\u0131l\u0131 Devlet Memurlar\u0131 Kanunu&#8221; ile &#8220;Milli Savunma Bakanl\u0131\u011f\u0131, Genelkurmay Ba\u015fkanl\u0131\u011f\u0131 ve Kuvvet Komutanl\u0131klar\u0131nda \u0130lk Defa Devlet Memurlu\u011funa Atanacaklar \u0130\u00e7in Yap\u0131lacak S\u0131navlar Hakk\u0131nda Y\u00f6netmelik&#8221; esaslar\u0131na g\u00f6re personel se\u00e7imi yap\u0131lacakt\u0131r.<\/p>\n","protected":false},"author":1,"featured_media":23314,"comment_status":"open","ping_status":"open","sticky":false,"template":"","format":"standard","meta":{"footnotes":""},"categories":[],"tags":[1393],"class_list":["post-23313","post","type-post","status-publish","format-standard","has-post-thumbnail","hentry","tag-bby-is-ilanlari-arsivi"],"_links":{"self":[{"href":"https:\/\/www.bbyhaber.com\/bby\/wp-json\/wp\/v2\/posts\/23313"}],"collection":[{"href":"https:\/\/www.bbyhaber.com\/bby\/wp-json\/wp\/v2\/posts"}],"about":[{"href":"https:\/\/www.bbyhaber.com\/bby\/wp-json\/wp\/v2\/types\/post"}],"author":[{"embeddable":true,"href":"https:\/\/www.bbyhaber.com\/bby\/wp-json\/wp\/v2\/users\/1"}],"replies":[{"embeddable":true,"href":"https:\/\/www.bbyhaber.com\/bby\/wp-json\/wp\/v2\/comments?post=23313"}],"version-history":[{"count":5,"href":"https:\/\/www.bbyhaber.com\/bby\/wp-json\/wp\/v2\/posts\/23313\/revisions"}],"predecessor-version":[{"id":23319,"href":"https:\/\/www.bbyhaber.com\/bby\/wp-json\/wp\/v2\/posts\/23313\/revisions\/23319"}],"wp:featuredmedia":[{"embeddable":true,"href":"https:\/\/www.bbyhaber.com\/bby\/wp-json\/wp\/v2\/media\/23314"}],"wp:attachment":[{"href":"https:\/\/www.bbyhaber.com\/bby\/wp-json\/wp\/v2\/media?parent=23313"}],"wp:term":[{"taxonomy":"category","embeddable":true,"href":"https:\/\/www.bbyhaber.com\/bby\/wp-json\/wp\/v2\/categories?post=23313"},{"taxonomy":"post_tag","embeddable":true,"href":"https:\/\/www.bbyhaber.com\/bby\/wp-json\/wp\/v2\/tags?post=23313"}],"curies":[{"name":"wp","href":"https:\/\/api.w.org\/{rel}","templated":true}]}}