{"id":23302,"date":"2017-12-28T11:19:42","date_gmt":"2017-12-28T08:19:42","guid":{"rendered":"http:\/\/www.bbyhaber.com\/bby\/?p=23302"},"modified":"2017-12-28T11:19:59","modified_gmt":"2017-12-28T08:19:59","slug":"kataloglama-siniflama-egitim-ve-proje-grubu-kuruluyor","status":"publish","type":"post","link":"https:\/\/www.bbyhaber.com\/bby\/2017\/12\/28\/kataloglama-siniflama-egitim-ve-proje-grubu-kuruluyor","title":{"rendered":"Kataloglama-S\u0131n\u0131flama E\u011fitim ve Proje Grubu kuruluyor"},"content":{"rendered":"<p><a href=\"http:\/\/www.bbyhaber.com\/bby\/wp-content\/uploads\/2017\/12\/kataloglama-siniflama-egitim-proje-grubu.jpg\"><img loading=\"lazy\" decoding=\"async\" class=\"alignleft size-full wp-image-23303\" src=\"http:\/\/www.bbyhaber.com\/bby\/wp-content\/uploads\/2017\/12\/kataloglama-siniflama-egitim-proje-grubu.jpg\" alt=\"\" width=\"380\" height=\"190\" \/><\/a>T\u00fcrk K\u00fct\u00fcphaneciler Derne\u011fi (TKD)\u00a0Ba\u015fkan\u0131 Ali Fuat Kartal, <strong>Kataloglama-S\u0131n\u0131flama E\u011fitim ve Proje Grubu<\/strong> hakk\u0131nda bilgilendirme yapt\u0131. Kartal, &#8220;Uzun y\u0131llar ODT\u00dc K\u00fct\u00fcphanesinde Kataloglama ve S\u0131n\u0131flama biriminde \u00e7al\u0131\u015fan ve birim sorumlulu\u011fu yapan Zehra Erdem ba\u015fkanl\u0131\u011f\u0131nda \u201cKataloglama-S\u0131n\u0131flama E\u011fitim ve Proje Grubu\u201d kurulmas\u0131na karar verilmi\u015ftir. Grubun kurulmas\u0131ndaki ama\u00e7; kataloglama ve s\u0131n\u0131flama konusunda ya\u015fanan otorite sorununa, bir par\u00e7a da olsa ortak \u00e7\u00f6z\u00fcm \u00fcretmektir.<!--more--> Kataloglama-S\u0131n\u0131flama konusunda meslekta\u015flar\u0131m\u0131z\u0131n bilgilerini g\u00fcncel tutmak ve gerekti\u011finde kurulan ve kurulacak olan k\u00fct\u00fcphanelerin bilgi kaynaklar\u0131n\u0131n organizasyonu konusunda kurumlar taraf\u0131ndan artan talepleri TKD b\u00fcnyesinde olu\u015fturulacak bu grup taraf\u0131ndan kar\u015f\u0131layarak, hem meslekta\u015flar\u0131m\u0131za i\u015f imkan\u0131 sa\u011flamak hem de Kataloglama-S\u0131n\u0131flama konusunda ya\u015fanacak sorunlar i\u00e7in ba\u015fvurulabilecek otorite bir grup olu\u015fturmakt\u0131r.&#8221; dedi.<\/p>\n<p>K\u00fct\u00fcphane kurmak isteyen ve kataloglama-s\u0131n\u0131flama konusunda uzman personel sa\u011flama konusunda s\u0131k\u0131nt\u0131 ya\u015fayan kurumlara, <strong>TKD b\u00fcnyesinde olu\u015fturulan<\/strong> \u201c<strong>Kataloglama-S\u0131n\u0131flama E\u011fitim ve Proje Grubu<\/strong>\u201d ile destek vererek, mesle\u011fimiz a\u00e7\u0131s\u0131ndan \u00f6nemli bir fark\u0131ndal\u0131k yarat\u0131laca\u011f\u0131 d\u00fc\u015f\u00fcncesindeyiz.<\/p>\n<p>Projelerde \u00e7al\u0131\u015fmak, \u00e7al\u0131\u015fma grubunda yer almak isteyen Bilgi ve Belge Y\u00f6netimi B\u00f6l\u00fcm\u00fcnde okuyan \u00f6\u011frencilerin ve t\u00fcm meslekta\u015flar\u0131n \u00f6zge\u00e7mi\u015flerini <strong>tkd.dernek@gmail.com<\/strong> adresine g\u00f6ndermeleri gerekmektedir.<\/p>\n","protected":false},"excerpt":{"rendered":"<p>T\u00fcrk K\u00fct\u00fcphaneciler Derne\u011fi (TKD)\u00a0Ba\u015fkan\u0131 Ali Fuat Kartal, Kataloglama-S\u0131n\u0131flama E\u011fitim ve Proje Grubu hakk\u0131nda bilgilendirme yapt\u0131. Kartal, &#8220;Uzun y\u0131llar ODT\u00dc K\u00fct\u00fcphanesinde Kataloglama ve S\u0131n\u0131flama biriminde \u00e7al\u0131\u015fan ve birim sorumlulu\u011fu yapan Zehra Erdem ba\u015fkanl\u0131\u011f\u0131nda \u201cKataloglama-S\u0131n\u0131flama E\u011fitim ve Proje Grubu\u201d kurulmas\u0131na karar verilmi\u015ftir. Grubun kurulmas\u0131ndaki ama\u00e7; kataloglama ve s\u0131n\u0131flama konusunda ya\u015fanan otorite sorununa, bir par\u00e7a da olsa ortak [&hellip;]<\/p>\n","protected":false},"author":1,"featured_media":23303,"comment_status":"open","ping_status":"open","sticky":false,"template":"","format":"standard","meta":{"footnotes":""},"categories":[1],"tags":[],"class_list":["post-23302","post","type-post","status-publish","format-standard","has-post-thumbnail","hentry","category-genel"],"_links":{"self":[{"href":"https:\/\/www.bbyhaber.com\/bby\/wp-json\/wp\/v2\/posts\/23302"}],"collection":[{"href":"https:\/\/www.bbyhaber.com\/bby\/wp-json\/wp\/v2\/posts"}],"about":[{"href":"https:\/\/www.bbyhaber.com\/bby\/wp-json\/wp\/v2\/types\/post"}],"author":[{"embeddable":true,"href":"https:\/\/www.bbyhaber.com\/bby\/wp-json\/wp\/v2\/users\/1"}],"replies":[{"embeddable":true,"href":"https:\/\/www.bbyhaber.com\/bby\/wp-json\/wp\/v2\/comments?post=23302"}],"version-history":[{"count":2,"href":"https:\/\/www.bbyhaber.com\/bby\/wp-json\/wp\/v2\/posts\/23302\/revisions"}],"predecessor-version":[{"id":23305,"href":"https:\/\/www.bbyhaber.com\/bby\/wp-json\/wp\/v2\/posts\/23302\/revisions\/23305"}],"wp:featuredmedia":[{"embeddable":true,"href":"https:\/\/www.bbyhaber.com\/bby\/wp-json\/wp\/v2\/media\/23303"}],"wp:attachment":[{"href":"https:\/\/www.bbyhaber.com\/bby\/wp-json\/wp\/v2\/media?parent=23302"}],"wp:term":[{"taxonomy":"category","embeddable":true,"href":"https:\/\/www.bbyhaber.com\/bby\/wp-json\/wp\/v2\/categories?post=23302"},{"taxonomy":"post_tag","embeddable":true,"href":"https:\/\/www.bbyhaber.com\/bby\/wp-json\/wp\/v2\/tags?post=23302"}],"curies":[{"name":"wp","href":"https:\/\/api.w.org\/{rel}","templated":true}]}}