{"id":23297,"date":"2017-12-28T09:12:50","date_gmt":"2017-12-28T06:12:50","guid":{"rendered":"http:\/\/www.bbyhaber.com\/bby\/?p=23297"},"modified":"2017-12-28T09:13:21","modified_gmt":"2017-12-28T06:13:21","slug":"arsiv-uzmani-alimi-2018de-yapilacak-ve-kadro-bbyye-acilacak-arsivcibbydencikar","status":"publish","type":"post","link":"https:\/\/www.bbyhaber.com\/bby\/2017\/12\/28\/arsiv-uzmani-alimi-2018de-yapilacak-ve-kadro-bbyye-acilacak-arsivcibbydencikar","title":{"rendered":"Ar\u015fiv Uzman\u0131 al\u0131m\u0131 2018&#8217;de yap\u0131lacak ve kadro BBY&#8217;ye a\u00e7\u0131lacak #Ar\u015fivciBBYden\u00e7\u0131kar"},"content":{"rendered":"<p><a href=\"http:\/\/www.bbyhaber.com\/bby\/wp-content\/uploads\/2017\/12\/arsiv-uzmani-alimi-2018de.jpg\"><img loading=\"lazy\" decoding=\"async\" class=\"alignleft size-full wp-image-23298\" src=\"http:\/\/www.bbyhaber.com\/bby\/wp-content\/uploads\/2017\/12\/arsiv-uzmani-alimi-2018de.jpg\" alt=\"\" width=\"390\" height=\"180\" \/><\/a>27 Aral\u0131k \u00c7ar\u015famba g\u00fcn\u00fc Tapu ve Kadastro Genel M\u00fcd\u00fcrl\u00fc\u011f\u00fc Genel M\u00fcd\u00fcr Yard\u0131mc\u0131s\u0131 Vekili Say\u0131n \u00d6mer Sinan Bay\u00e7elebi ile bir toplant\u0131 ger\u00e7ekle\u015ftirildi. Toplant\u0131da TKD Y\u00f6netim Kurulu Ba\u015fkan\u0131 Ali Fuat Kartal, TKD Ankara \u015eubesi Y\u00f6netim Kurulu Ba\u015fkan\u0131 Can Celik, TKD Kamp\u00fcs Ba\u015fkan\u0131 Bet\u00fcl \u00c7a\u011flayan, M\u00fcjgan Tuna, Sinan Ebrem, Tapu ve Kadastro Genel M\u00fcd\u00fcrl\u00fc\u011f\u00fcne yap\u0131lacak olan personel al\u0131m\u0131 ile ilgili g\u00f6r\u00fc\u015fleri Genel M\u00fcd\u00fcr Yard\u0131mc\u0131s\u0131 Say\u0131n \u00d6mer Sinan Bay\u00e7elebi\u2019ye aktard\u0131lar.<!--more--><\/p>\n<p>\u00d6mer Sinan Bay\u00e7elebi g\u00f6r\u00fc\u015fmede: \u201c200 ki\u015filik ar\u015fiv uzman\u0131 al\u0131m\u0131n\u0131n kald\u0131r\u0131lmad\u0131\u011f\u0131n\u0131, herhangi bir \u015fekilde bu al\u0131mda bir unvan de\u011fi\u015fikli\u011finin yap\u0131lmayaca\u011f\u0131n\u0131 ve 200 ar\u015fiv uzman\u0131 kadrosunun ellerinde bulundu\u011funu; fakat nitelikli personel al\u0131m\u0131na girildi\u011fi i\u00e7in al\u0131mlar\u0131n m\u00fclakatla yap\u0131laca\u011f\u0131n\u0131, kurum planlamas\u0131nda 2017 y\u0131l\u0131 i\u00e7in yer ay\u0131rmad\u0131klar\u0131n\u0131, ilgili al\u0131m\u0131n 2018 y\u0131l\u0131nda istenilen yeni kadro ile beraber yap\u0131laca\u011f\u0131n\u0131\u201d s\u00f6yledi\u011fi belirtildi.<\/p>\n<p><strong>Ar\u015fiv Uzman\u0131<\/strong> kadrosunun<strong> sadece Bilgi ve Belge Y\u00f6netimi<\/strong> b\u00f6l\u00fcm\u00fcnden <strong>yap\u0131laca\u011f\u0131na<\/strong> da \u00f6zellikle vurgu yap\u0131ld\u0131\u011f\u0131 ifade edildi.<\/p>\n","protected":false},"excerpt":{"rendered":"<p>27 Aral\u0131k \u00c7ar\u015famba g\u00fcn\u00fc Tapu ve Kadastro Genel M\u00fcd\u00fcrl\u00fc\u011f\u00fc Genel M\u00fcd\u00fcr Yard\u0131mc\u0131s\u0131 Vekili Say\u0131n \u00d6mer Sinan Bay\u00e7elebi ile bir toplant\u0131 ger\u00e7ekle\u015ftirildi. Toplant\u0131da TKD Y\u00f6netim Kurulu Ba\u015fkan\u0131 Ali Fuat Kartal, TKD Ankara \u015eubesi Y\u00f6netim Kurulu Ba\u015fkan\u0131 Can Celik, TKD Kamp\u00fcs Ba\u015fkan\u0131 Bet\u00fcl \u00c7a\u011flayan, M\u00fcjgan Tuna, Sinan Ebrem, Tapu ve Kadastro Genel M\u00fcd\u00fcrl\u00fc\u011f\u00fcne yap\u0131lacak olan personel al\u0131m\u0131 [&hellip;]<\/p>\n","protected":false},"author":1,"featured_media":23298,"comment_status":"open","ping_status":"open","sticky":false,"template":"","format":"standard","meta":{"footnotes":""},"categories":[31],"tags":[1096],"class_list":["post-23297","post","type-post","status-publish","format-standard","has-post-thumbnail","hentry","category-bbykpss","tag-arsivcilik"],"_links":{"self":[{"href":"https:\/\/www.bbyhaber.com\/bby\/wp-json\/wp\/v2\/posts\/23297"}],"collection":[{"href":"https:\/\/www.bbyhaber.com\/bby\/wp-json\/wp\/v2\/posts"}],"about":[{"href":"https:\/\/www.bbyhaber.com\/bby\/wp-json\/wp\/v2\/types\/post"}],"author":[{"embeddable":true,"href":"https:\/\/www.bbyhaber.com\/bby\/wp-json\/wp\/v2\/users\/1"}],"replies":[{"embeddable":true,"href":"https:\/\/www.bbyhaber.com\/bby\/wp-json\/wp\/v2\/comments?post=23297"}],"version-history":[{"count":3,"href":"https:\/\/www.bbyhaber.com\/bby\/wp-json\/wp\/v2\/posts\/23297\/revisions"}],"predecessor-version":[{"id":23301,"href":"https:\/\/www.bbyhaber.com\/bby\/wp-json\/wp\/v2\/posts\/23297\/revisions\/23301"}],"wp:featuredmedia":[{"embeddable":true,"href":"https:\/\/www.bbyhaber.com\/bby\/wp-json\/wp\/v2\/media\/23298"}],"wp:attachment":[{"href":"https:\/\/www.bbyhaber.com\/bby\/wp-json\/wp\/v2\/media?parent=23297"}],"wp:term":[{"taxonomy":"category","embeddable":true,"href":"https:\/\/www.bbyhaber.com\/bby\/wp-json\/wp\/v2\/categories?post=23297"},{"taxonomy":"post_tag","embeddable":true,"href":"https:\/\/www.bbyhaber.com\/bby\/wp-json\/wp\/v2\/tags?post=23297"}],"curies":[{"name":"wp","href":"https:\/\/api.w.org\/{rel}","templated":true}]}}