{"id":23252,"date":"2017-12-18T16:07:51","date_gmt":"2017-12-18T13:07:51","guid":{"rendered":"http:\/\/www.bbyhaber.com\/bby\/?p=23252"},"modified":"2017-12-18T16:08:37","modified_gmt":"2017-12-18T13:08:37","slug":"kitap-tanitimi-kamusal-alan-olarak-bilgi-merkezleri-ve-yenilikci-yaklasimlar","status":"publish","type":"post","link":"https:\/\/www.bbyhaber.com\/bby\/2017\/12\/18\/kitap-tanitimi-kamusal-alan-olarak-bilgi-merkezleri-ve-yenilikci-yaklasimlar","title":{"rendered":"Kitap tan\u0131t\u0131m\u0131&#8211;>Kamusal alan olarak bilgi merkezleri ve yenilik\u00e7i yakla\u015f\u0131mlar"},"content":{"rendered":"<p><a href=\"http:\/\/www.bbyhaber.com\/bby\/wp-content\/uploads\/2017\/12\/Kamusal-alan-olarak-bilgi-merkezleri-yenilikci-yaklasimlar.jpg\"><img loading=\"lazy\" decoding=\"async\" class=\"alignleft size-full wp-image-23253\" src=\"http:\/\/www.bbyhaber.com\/bby\/wp-content\/uploads\/2017\/12\/Kamusal-alan-olarak-bilgi-merkezleri-yenilikci-yaklasimlar.jpg\" alt=\"\" width=\"390\" height=\"180\" \/><\/a>Ya\u015fam\u0131n temel dinamiklerinden de\u011fi\u015fim, var olan\u0131 reddetme yerine yeni tu\u011flalarla y\u00fckselen bir yap\u0131 gibi temeli sa\u011flam kararl\u0131 bir y\u00fckseli\u015fi temsil etmelidir. K\u00fct\u00fcphane ve bilgi hizmetlerinin temel ta\u015flar\u0131ndan bilgiye eri\u015fim, ara\u015ft\u0131rma ve \u00f6\u011frenme s\u00fcrecinin vazge\u00e7ilmez bir par\u00e7as\u0131d\u0131r. Uygarl\u0131\u011f\u0131n varl\u0131\u011f\u0131, merak, ara\u015ft\u0131rma, \u00f6\u011frenme ve uygulama becerisi ile elde edilen bilginin \u00fczerine yenilerinin eklenerek eri\u015filebilir k\u0131l\u0131nmas\u0131na ba\u011fl\u0131d\u0131r.<!--more--> Bu d\u00f6ng\u00fcde bilgi hizmetleri, bilgiyi formlara sokmaya, di\u011fer bilgilerle ili\u015fkilendirmeye, kullan\u0131labilir k\u0131lmaya, g\u00fcvenli ortamlarda korumaya \u00e7al\u0131\u015fmakta; bunlarla ilgili sistemler ve uygulamalar geli\u015ftirmekte, bilgiye eri\u015fim i\u00e7in sosyal ortamlar sa\u011flamaktad\u0131r. Bu kapsamda tarihsel s\u00fcre\u00e7te ma\u011fara duvarlar\u0131na \u00e7izilen hayvan fig\u00fcrlerinden ilk yaz\u0131l\u0131 antla\u015fmalara, tap\u0131nak bilgi depolar\u0131ndan Kuy\u00fbd-\u0131 Kadime Ar\u015fivine, \u0130skenderiye K\u00fct\u00fcphanesinden arama motorlar\u0131na \u00e7abalar, bilginin do\u011fru ve g\u00fcvenilir formlarda eri\u015febilir k\u0131l\u0131nmas\u0131na y\u00f6neliktir.<\/p>\n<p>\u00c7al\u0131\u015fma ortamlar\u0131m\u0131z ve sosyal ya\u015fant\u0131m\u0131z de\u011fi\u015fiyor. Bilgi kaynaklar\u0131m\u0131za, bilginin hizmete sunuldu\u011fu sistemlere ve teknoloji uygulamalar\u0131na her ge\u00e7en g\u00fcn yeni boyutlar ekleniyor. Bu s\u00fcre\u00e7 bizi s\u00fcrekli dinamik ve yarat\u0131c\u0131 olmaya zorluyor. \u00d6te yandan yo\u011fun ve \u00e7o\u011funlukla rutin i\u015f s\u00fcre\u00e7leri, b\u00fcrokratik temay\u00fcller ve olanaklar\u0131n yetersizli\u011fi yarat\u0131c\u0131l\u0131\u011f\u0131 ve yenilik\u00e7ili\u011fi olumsuz etkileyebiliyor. T\u00fcm olumsuzluklara ra\u011fmen yeni g\u00fcne daha iyiyi arayarak uyanmak bizi g\u00fc\u00e7l\u00fc k\u0131l\u0131yor. Kamusal Alan Olarak Bilgi Merkezleri ve Yenilik\u00e7i Yakla\u015f\u0131mlar ad\u0131yla yay\u0131mlad\u0131\u011f\u0131m\u0131z bu kitap \u00e7al\u0131\u015fmas\u0131, bilginin kendisini ve toplumsal boyutlar\u0131n\u0131, bilgi hizmetlerinin farkl\u0131la\u015fan y\u00f6nlerini ve yenilik\u00e7i bilgi hizmetlerini a\u00e7\u0131klamaya, ilgili konulara kavramsal bir \u00e7er\u00e7eve \u00e7izmeye ve uygulama alanlar\u0131ndaki yenilik\u00e7i hizmetlere \u0131\u015f\u0131k tutmaya y\u00f6nelmektedir.<\/p>\n<p>Kitap \u00e7al\u0131\u015fmas\u0131nda yer alan \u00e7ok k\u00fclt\u00fcrl\u00fcl\u00fck ve k\u00fct\u00fcphane ili\u015fkisi, yeni medya uygulamalar\u0131, dijital d\u00fcnyada ger\u00e7e\u011fe giden yolda bilgi merkezlerinin \u00fczerine b\u00f6l\u00fcmler, daha \u00e7ok bilgi hizmetlerinin toplumsal y\u00f6n\u00fcne d\u00f6n\u00fck kuramsal tart\u0131\u015fmalara yer vermektedir. \u00dc\u00e7\u00fcnc\u00fc mek\u00e2n olarak k\u00fct\u00fcphaneler, k\u00fct\u00fcphanelerde oyunla\u015ft\u0131rma uygulamalar\u0131, yenilik\u00e7i hizmetler ve kullan\u0131c\u0131 deneyimi y\u00f6netimi \u00fczerine haz\u0131rlanan b\u00f6l\u00fcmler, bilgi hizmetlerine d\u00f6n\u00fck yeni yakla\u015f\u0131mlar \u00e7er\u00e7evesinde de\u011ferlendirilebilir. Dijital \u00e7a\u011fda ar\u015fivlerde eri\u015fim ve elektronik belgelerin gelece\u011fi konular\u0131, geleneksel k\u00fct\u00fcphane hizmetlerinin \u00f6tesinde bilgi ve belge y\u00f6netimi alan\u0131n g\u00fcncel tart\u0131\u015fmalar\u0131 aras\u0131nda yer almaktad\u0131r. Yine engelliler ve dezavantajl\u0131 gruplar\u0131n beklentileri, bilgi hizmetleri geli\u015ftirilirken g\u00f6z \u00f6n\u00fcnde bulundurulmas\u0131 gerekenler aras\u0131ndad\u0131r. \u00c7al\u0131\u015fman\u0131n yukar\u0131da \u00f6zetlenen i\u00e7eri\u011fi ve kapsam\u0131yla \u00fclkemizde bilgi sekt\u00f6r\u00fcnde \u00e7al\u0131\u015fanlara ve bu alanda e\u011fitim g\u00f6renlere katk\u0131 sa\u011flamas\u0131 umulmaktad\u0131r.<\/p>\n<p>Prof. Dr. \u00d6zg\u00fcr K\u00fclc\u00fc<\/p>\n","protected":false},"excerpt":{"rendered":"<p>Ya\u015fam\u0131n temel dinamiklerinden de\u011fi\u015fim, var olan\u0131 reddetme yerine yeni tu\u011flalarla y\u00fckselen bir yap\u0131 gibi temeli sa\u011flam kararl\u0131 bir y\u00fckseli\u015fi temsil etmelidir. K\u00fct\u00fcphane ve bilgi hizmetlerinin temel ta\u015flar\u0131ndan bilgiye eri\u015fim, ara\u015ft\u0131rma ve \u00f6\u011frenme s\u00fcrecinin vazge\u00e7ilmez bir par\u00e7as\u0131d\u0131r. Uygarl\u0131\u011f\u0131n varl\u0131\u011f\u0131, merak, ara\u015ft\u0131rma, \u00f6\u011frenme ve uygulama becerisi ile elde edilen bilginin \u00fczerine yenilerinin eklenerek eri\u015filebilir k\u0131l\u0131nmas\u0131na ba\u011fl\u0131d\u0131r.<\/p>\n","protected":false},"author":1,"featured_media":23253,"comment_status":"open","ping_status":"open","sticky":false,"template":"","format":"standard","meta":{"footnotes":""},"categories":[],"tags":[1403,1408],"class_list":["post-23252","post","type-post","status-publish","format-standard","has-post-thumbnail","hentry","tag-bilgi-merkezleri","tag-kitap-tanitimlari"],"_links":{"self":[{"href":"https:\/\/www.bbyhaber.com\/bby\/wp-json\/wp\/v2\/posts\/23252"}],"collection":[{"href":"https:\/\/www.bbyhaber.com\/bby\/wp-json\/wp\/v2\/posts"}],"about":[{"href":"https:\/\/www.bbyhaber.com\/bby\/wp-json\/wp\/v2\/types\/post"}],"author":[{"embeddable":true,"href":"https:\/\/www.bbyhaber.com\/bby\/wp-json\/wp\/v2\/users\/1"}],"replies":[{"embeddable":true,"href":"https:\/\/www.bbyhaber.com\/bby\/wp-json\/wp\/v2\/comments?post=23252"}],"version-history":[{"count":2,"href":"https:\/\/www.bbyhaber.com\/bby\/wp-json\/wp\/v2\/posts\/23252\/revisions"}],"predecessor-version":[{"id":23255,"href":"https:\/\/www.bbyhaber.com\/bby\/wp-json\/wp\/v2\/posts\/23252\/revisions\/23255"}],"wp:featuredmedia":[{"embeddable":true,"href":"https:\/\/www.bbyhaber.com\/bby\/wp-json\/wp\/v2\/media\/23253"}],"wp:attachment":[{"href":"https:\/\/www.bbyhaber.com\/bby\/wp-json\/wp\/v2\/media?parent=23252"}],"wp:term":[{"taxonomy":"category","embeddable":true,"href":"https:\/\/www.bbyhaber.com\/bby\/wp-json\/wp\/v2\/categories?post=23252"},{"taxonomy":"post_tag","embeddable":true,"href":"https:\/\/www.bbyhaber.com\/bby\/wp-json\/wp\/v2\/tags?post=23252"}],"curies":[{"name":"wp","href":"https:\/\/api.w.org\/{rel}","templated":true}]}}