{"id":23244,"date":"2017-12-18T15:21:27","date_gmt":"2017-12-18T12:21:27","guid":{"rendered":"http:\/\/www.bbyhaber.com\/bby\/?p=23244"},"modified":"2018-06-06T10:38:02","modified_gmt":"2018-06-06T07:38:02","slug":"tempo-cagri-merkezi-arsiv-elemani-ilani-son-basvuru-31-12-2017","status":"publish","type":"post","link":"https:\/\/www.bbyhaber.com\/bby\/2017\/12\/18\/tempo-cagri-merkezi-arsiv-elemani-ilani-son-basvuru-31-12-2017","title":{"rendered":"Tempo \u00c7a\u011fr\u0131 Merkezi ar\u015fiv eleman\u0131 ilan\u0131-Son Ba\u015fvuru-31.12.2017"},"content":{"rendered":"<p><a href=\"http:\/\/www.bbyhaber.com\/bby\/wp-content\/uploads\/2017\/12\/tempo-cagri-merkezi-personel-alimi.jpg\"><img loading=\"lazy\" decoding=\"async\" class=\"alignleft size-full wp-image-23258\" src=\"http:\/\/www.bbyhaber.com\/bby\/wp-content\/uploads\/2017\/12\/tempo-cagri-merkezi-personel-alimi.jpg\" alt=\"\" width=\"390\" height=\"180\" \/><\/a>Tempo \u00c7a\u011fr\u0131 Merkezi Afyon Lokasyonunda \u00e7al\u0131\u015ft\u0131r\u0131lmak \u00fczere Ar\u015fiv konusunda deneyimli adaylar aramaktad\u0131r.<!--more--><\/p>\n<p><span style=\"color: #ff0000;\"><strong>Son Ba\u015fvuru<\/strong><\/span>&#8211;<strong>31.12.2017<\/strong><\/p>\n<p><strong><span style=\"color: #0000ff;\">Al\u0131nacak ki\u015fi say\u0131s\u0131<\/span><\/strong>-1<\/p>\n<p><strong><span style=\"color: #0000ff;\">Ba\u015fvuru i\u00e7in<\/span><\/strong>\u00a0<a href=\"mailto:Ceyhan.keser@tempocagri.com\" target=\"_blank\" rel=\"noopener\">Ceyhan.keser@tempocagri.com<\/a>\u00a0adresine CV iletebilirsiniz.<\/p>\n<p><strong>\u0130\u015f Tan\u0131m\u0131<\/strong><\/p>\n<p><strong>Tempo \u00c7a\u011fr\u0131 Merkezi &#8211; Ar\u015fiv Eleman\u0131<\/strong><\/p>\n<p><strong>\u0130\u015f A\u00e7\u0131klamas\u0131<\/strong><\/p>\n<p>\u00b7Gelen \/ Giden dok\u00fcmanlar\u0131 incelemek ve kontrol etmek,<\/p>\n<p>\u00b7Ar\u015fiv belgelerini yasal mevzuata g\u00f6re belirlenen s\u00fcreler i\u00e7inde saklamak,s\u00fcresi dolmu\u015f ar\u015fiv belgelerini ilgili departmanlardan yaz\u0131l\u0131 onay alarak ar\u015fivden \u00e7\u0131karmak.<\/p>\n<p>\u00b7D\u00fczenleyici\/\u00f6nleyici iyile\u015ftirme faaliyetlerini y\u00fcr\u00fctmek,<\/p>\n<p>\u00b7Ar\u015fiv d\u00fczenini ve g\u00fcvenli\u011fini sa\u011flamak,<\/p>\n<p>\u00b7lokasyonlar aras\u0131 ta\u015f\u0131ma i\u015flerini organize etmek.<\/p>\n<p><strong>Aranan Nitelikler<\/strong><\/p>\n<p>\u0130stenen Yetenek ve Uzmanl\u0131klar<\/p>\n<p>\u00b7Tercihen \u00fcniversitelerin K\u00fct\u00fcphanecilik, Bilgi \/ Belge Y\u00f6netimi, Ar\u015fiv veya Dok\u00fcmantasyon b\u00f6l\u00fcmlerinden mezun,<\/p>\n<p>\u00b7Tercihen ar\u015fivleme ve dok\u00fcmantasyon alan\u0131nda \u00e7al\u0131\u015fm\u0131\u015f olan,<\/p>\n<p>\u00b7Dosyalama ve d\u00fczenleme bilgisi olan,Ofis programlar\u0131n\u0131 kullanabilen,<\/p>\n<p>\u00b7Askerlik g\u00f6revini tamamlam\u0131\u015f ( Erkek adaylar i\u00e7in )<\/p>\n","protected":false},"excerpt":{"rendered":"<p>Tempo \u00c7a\u011fr\u0131 Merkezi Afyon Lokasyonunda \u00e7al\u0131\u015ft\u0131r\u0131lmak \u00fczere Ar\u015fiv konusunda deneyimli adaylar aramaktad\u0131r.<\/p>\n","protected":false},"author":137,"featured_media":23258,"comment_status":"open","ping_status":"open","sticky":false,"template":"","format":"standard","meta":{"footnotes":""},"categories":[],"tags":[1393,1460],"class_list":["post-23244","post","type-post","status-publish","format-standard","has-post-thumbnail","hentry","tag-bby-is-ilanlari-arsivi","tag-kose-yazarlari"],"_links":{"self":[{"href":"https:\/\/www.bbyhaber.com\/bby\/wp-json\/wp\/v2\/posts\/23244"}],"collection":[{"href":"https:\/\/www.bbyhaber.com\/bby\/wp-json\/wp\/v2\/posts"}],"about":[{"href":"https:\/\/www.bbyhaber.com\/bby\/wp-json\/wp\/v2\/types\/post"}],"author":[{"embeddable":true,"href":"https:\/\/www.bbyhaber.com\/bby\/wp-json\/wp\/v2\/users\/137"}],"replies":[{"embeddable":true,"href":"https:\/\/www.bbyhaber.com\/bby\/wp-json\/wp\/v2\/comments?post=23244"}],"version-history":[{"count":9,"href":"https:\/\/www.bbyhaber.com\/bby\/wp-json\/wp\/v2\/posts\/23244\/revisions"}],"predecessor-version":[{"id":23260,"href":"https:\/\/www.bbyhaber.com\/bby\/wp-json\/wp\/v2\/posts\/23244\/revisions\/23260"}],"wp:featuredmedia":[{"embeddable":true,"href":"https:\/\/www.bbyhaber.com\/bby\/wp-json\/wp\/v2\/media\/23258"}],"wp:attachment":[{"href":"https:\/\/www.bbyhaber.com\/bby\/wp-json\/wp\/v2\/media?parent=23244"}],"wp:term":[{"taxonomy":"category","embeddable":true,"href":"https:\/\/www.bbyhaber.com\/bby\/wp-json\/wp\/v2\/categories?post=23244"},{"taxonomy":"post_tag","embeddable":true,"href":"https:\/\/www.bbyhaber.com\/bby\/wp-json\/wp\/v2\/tags?post=23244"}],"curies":[{"name":"wp","href":"https:\/\/api.w.org\/{rel}","templated":true}]}}