{"id":23231,"date":"2017-12-14T15:13:16","date_gmt":"2017-12-14T12:13:16","guid":{"rendered":"http:\/\/www.bbyhaber.com\/bby\/?p=23231"},"modified":"2017-12-27T23:07:13","modified_gmt":"2017-12-27T20:07:13","slug":"istanbul-gelisim-universitesi-ogretim-gorevlisi-ilani-son-basvuru-27-12-2017","status":"publish","type":"post","link":"https:\/\/www.bbyhaber.com\/bby\/2017\/12\/14\/istanbul-gelisim-universitesi-ogretim-gorevlisi-ilani-son-basvuru-27-12-2017","title":{"rendered":"\u0130stanbul Geli\u015fim \u00dcniversitesi \u00d6\u011eRET\u0130M G\u00d6REVL\u0130S\u0130 \u0130lan\u0131-Son Ba\u015fvuru-27.12.2017"},"content":{"rendered":"<p style=\"text-align: justify;\"><a href=\"http:\/\/www.bbyhaber.com\/bby\/wp-content\/uploads\/2017\/12\/istanbul-gelisim.jpg\"><img loading=\"lazy\" decoding=\"async\" class=\"alignleft size-full wp-image-23232\" src=\"http:\/\/www.bbyhaber.com\/bby\/wp-content\/uploads\/2017\/12\/istanbul-gelisim.jpg\" alt=\"\" width=\"390\" height=\"180\" \/><\/a>\u0130STANBUL GEL\u0130\u015e\u0130M \u00dcN\u0130VERS\u0130TES\u0130&#8212;&gt;SA\u011eLIK H\u0130ZMETLER\u0130 MESLEK Y\u00dcKSEKOKULU&#8212;&gt;TIBB\u0130 H\u0130ZMETLER VE TEKN\u0130KLER B\u00d6L\u00dcM\u00dc&#8212;&gt;TIBB\u0130 DOK\u00dcMANTASYON VE SEKRETERL\u0130K PR. (TAM BURSLU)&#8217;na; &#8220;Sa\u011fl\u0131k Kurumlar\u0131 \u0130\u015fletmecili\u011fi <span style=\"color: #ff0000;\"><strong>veya<\/strong><\/span> <strong>Bilgi ve Belge Y\u00f6netimi lisans mezunu olup<\/strong>, lisans mezuniyetinden sonra alan\u0131nda tezli y\u00fcksek lisans mezunu olmak veya belgelendirmek kayd\u0131 ile alan\u0131nda en az 2 (iki) y\u0131l deneyim sahibi olmak. &#8221; \u00f6zel \u015fart\u0131 ile <span style=\"color: #ff0000;\"><strong>2<\/strong>\u00a0<\/span><strong>\u00d6\u011eRET\u0130M G\u00d6REVL\u0130S\u0130\u00a0<\/strong>al\u0131nacakt\u0131r.<br \/>\n<!--more--><\/p>\n<table style=\"color: #000000; font-family: Arial, Tahoma, Verdana; font-size: 15px; line-height: 18px;\" border=\"1\" width=\"344\" cellspacing=\"0\" cellpadding=\"0\">\n<colgroup>\n<col width=\"233\" \/>\n<col width=\"111\" \/> <\/colgroup>\n<tbody>\n<tr>\n<td width=\"233\" height=\"20\">Kadro Unvan<\/td>\n<td width=\"111\"><strong>\u00d6\u011eRET\u0130M G\u00d6REVL\u0130S\u0130<\/strong><\/td>\n<\/tr>\n<tr>\n<td height=\"20\">ALES<\/td>\n<td><strong>70<\/strong><\/td>\n<\/tr>\n<tr>\n<td height=\"20\">\u00dcDS\/Dengi<\/td>\n<td><b>&#8212;<\/b><\/td>\n<\/tr>\n<tr>\n<td height=\"20\">Kadro Say\u0131s\u0131<\/td>\n<td><span style=\"color: #ff0000;\"><b>2<\/b><\/span><\/td>\n<\/tr>\n<tr>\n<td height=\"20\">Kadro Derecesi<\/td>\n<td>0<\/td>\n<\/tr>\n<tr>\n<td height=\"20\">Ba\u015fvuru Tipi<\/td>\n<td><strong>Posta, \u015eahsen<\/strong><\/td>\n<\/tr>\n<tr>\n<td height=\"20\"><strong><span style=\"color: #0000ff;\">\u00d6zel \u015eart<\/span><\/strong><\/td>\n<td style=\"text-align: justify;\"><strong><strong>Sa\u011fl\u0131k Kurumlar\u0131 \u0130\u015fletmecili\u011fi <span style=\"color: #0000ff;\">veya<\/span> <span style=\"color: #ff0000;\">Bilgi ve Belge Y\u00f6netimi lisans mezunu olup<\/span>, lisans mezuniyetinden sonra alan\u0131nda tezli y\u00fcksek lisans mezunu olmak veya belgelendirmek kayd\u0131 ile alan\u0131nda en az 2 (iki) y\u0131l deneyim sahibi olmak.<\/strong><\/strong><\/td>\n<\/tr>\n<tr>\n<td height=\"20\">Ba\u015fvuru Yeri<\/td>\n<td><strong>\u0130stanbul Geli\u015fim \u00dcniversitesi Sa\u011fl\u0131k Hizmetleri Meslek Y\u00fcksekokulu\/Avc\u0131lar-\u0130stanbul<\/strong><\/td>\n<\/tr>\n<tr>\n<td height=\"20\"><strong style=\"color: #ff0000; font-family: Arial, Tahoma, Verdana; font-size: 15px; line-height: 18px;\">Son Ba\u015fvuru Tarihi<\/strong><\/td>\n<td><span style=\"font-family: Arial, Tahoma, Verdana;\"><span style=\"font-size: 15px;\"><strong>27.12.2017<\/strong><\/span><\/span><\/td>\n<\/tr>\n<tr>\n<td height=\"20\">\u00d6n De\u011ferlendirme Tarihi<\/td>\n<td>28.12.2017<\/td>\n<\/tr>\n<tr>\n<td height=\"20\">S\u0131nav Giri\u015f Tarihi<\/td>\n<td>29.12.2017<\/td>\n<\/tr>\n<tr>\n<td height=\"20\"><span style=\"color: #0000ff;\"><strong>Sonu\u00e7 A\u00e7\u0131klama Tarihi<\/strong><\/span><\/td>\n<td><strong>02.01.2018<\/strong><\/td>\n<\/tr>\n<\/tbody>\n<\/table>\n<p><a href=\"https:\/\/yoksis.yok.gov.tr\/ilansayfa\/?sessionid=63340\" target=\"_blank\" rel=\"noopener noreferrer\"><span style=\"color: #0000ff;\"><strong><span style=\"color: #0000ff;\">Daha fazla bilgi ve belge i\u00e7in t\u0131klay\u0131n\u0131z<\/span><\/strong><\/span><\/a><\/p>\n","protected":false},"excerpt":{"rendered":"<p>\u0130STANBUL GEL\u0130\u015e\u0130M \u00dcN\u0130VERS\u0130TES\u0130&#8212;&gt;SA\u011eLIK H\u0130ZMETLER\u0130 MESLEK Y\u00dcKSEKOKULU&#8212;&gt;TIBB\u0130 H\u0130ZMETLER VE TEKN\u0130KLER B\u00d6L\u00dcM\u00dc&#8212;&gt;TIBB\u0130 DOK\u00dcMANTASYON VE SEKRETERL\u0130K PR. (TAM BURSLU)&#8217;na; &#8220;Sa\u011fl\u0131k Kurumlar\u0131 \u0130\u015fletmecili\u011fi veya Bilgi ve Belge Y\u00f6netimi lisans mezunu olup, lisans mezuniyetinden sonra alan\u0131nda tezli y\u00fcksek lisans mezunu olmak veya belgelendirmek kayd\u0131 ile alan\u0131nda en az 2 (iki) y\u0131l deneyim sahibi olmak. &#8221; \u00f6zel \u015fart\u0131 ile 2\u00a0\u00d6\u011eRET\u0130M G\u00d6REVL\u0130S\u0130\u00a0al\u0131nacakt\u0131r.<\/p>\n","protected":false},"author":1,"featured_media":23232,"comment_status":"open","ping_status":"open","sticky":false,"template":"","format":"standard","meta":{"footnotes":""},"categories":[],"tags":[1393],"class_list":["post-23231","post","type-post","status-publish","format-standard","has-post-thumbnail","hentry","tag-bby-is-ilanlari-arsivi"],"_links":{"self":[{"href":"https:\/\/www.bbyhaber.com\/bby\/wp-json\/wp\/v2\/posts\/23231"}],"collection":[{"href":"https:\/\/www.bbyhaber.com\/bby\/wp-json\/wp\/v2\/posts"}],"about":[{"href":"https:\/\/www.bbyhaber.com\/bby\/wp-json\/wp\/v2\/types\/post"}],"author":[{"embeddable":true,"href":"https:\/\/www.bbyhaber.com\/bby\/wp-json\/wp\/v2\/users\/1"}],"replies":[{"embeddable":true,"href":"https:\/\/www.bbyhaber.com\/bby\/wp-json\/wp\/v2\/comments?post=23231"}],"version-history":[{"count":2,"href":"https:\/\/www.bbyhaber.com\/bby\/wp-json\/wp\/v2\/posts\/23231\/revisions"}],"predecessor-version":[{"id":23234,"href":"https:\/\/www.bbyhaber.com\/bby\/wp-json\/wp\/v2\/posts\/23231\/revisions\/23234"}],"wp:featuredmedia":[{"embeddable":true,"href":"https:\/\/www.bbyhaber.com\/bby\/wp-json\/wp\/v2\/media\/23232"}],"wp:attachment":[{"href":"https:\/\/www.bbyhaber.com\/bby\/wp-json\/wp\/v2\/media?parent=23231"}],"wp:term":[{"taxonomy":"category","embeddable":true,"href":"https:\/\/www.bbyhaber.com\/bby\/wp-json\/wp\/v2\/categories?post=23231"},{"taxonomy":"post_tag","embeddable":true,"href":"https:\/\/www.bbyhaber.com\/bby\/wp-json\/wp\/v2\/tags?post=23231"}],"curies":[{"name":"wp","href":"https:\/\/api.w.org\/{rel}","templated":true}]}}