{"id":23213,"date":"2017-12-12T13:42:50","date_gmt":"2017-12-12T10:42:50","guid":{"rendered":"http:\/\/www.bbyhaber.com\/bby\/?p=23213"},"modified":"2019-11-01T08:29:56","modified_gmt":"2019-11-01T05:29:56","slug":"iii-uluslararasi-bilgi-ve-belge-yonetimi-bolumu-ogrenci-kongresi-10-12-mayis-2018-ankara","status":"publish","type":"post","link":"https:\/\/www.bbyhaber.com\/bby\/2017\/12\/12\/iii-uluslararasi-bilgi-ve-belge-yonetimi-bolumu-ogrenci-kongresi-10-12-mayis-2018-ankara","title":{"rendered":"3.Uluslararas\u0131 Bilgi ve Belge Y\u00f6netimi B\u00f6l\u00fcm\u00fc \u00d6\u011frenci Kongresi-10-12 May\u0131s 2018, Ankara"},"content":{"rendered":"<p><strong><a href=\"http:\/\/www.bbyhaber.com\/bby\/wp-content\/uploads\/2017\/12\/bby-sempozyum2018-yaziici.jpg\"><img loading=\"lazy\" decoding=\"async\" class=\"alignleft size-full wp-image-23214\" src=\"http:\/\/www.bbyhaber.com\/bby\/wp-content\/uploads\/2017\/12\/bby-sempozyum2018-yaziici.jpg\" alt=\"\" width=\"390\" height=\"180\" \/><\/a>3. Uluslararas\u0131 Bilgi ve Belge Y\u00f6netimi \u00d6\u011frenci Kongresi<\/strong> \u201c<span style=\"color: #0000ff;\"><strong>Bilgi Merkezlerinde De\u011fi\u015fim ve D\u00f6n\u00fc\u015f\u00fcm S\u00fcreci<\/strong><\/span>\u201d ana temas\u0131 ile <span style=\"color: #0000ff;\"><strong>10-12 May\u0131s 2018<\/strong><\/span> tarihleri aras\u0131nda <span style=\"color: #0000ff;\"><strong>Ankara<\/strong><\/span>\u2019da, Ankara \u00dcniversitesi Dil ve Tarih \u2013 Co\u011frafya Fak\u00fcltesi Farabi Salonu\u2019nda ger\u00e7ekle\u015ftirilecektir. Kongrede;<!--more--><\/p>\n<p>\u2022 21. Y\u00fczy\u0131l Kullan\u0131c\u0131 Profili: y, z ve \u03b1 Ku\u015faklar\u0131<\/p>\n<p>\u2022 Bilgi Uzmanlar\u0131n\u0131n Mesleki E\u011fitimi ve \u0130stihdam Alanlar\u0131<\/p>\n<p>\u2022 Bug\u00fcn\u00fcn z Ku\u015fa\u011f\u0131 Olarak Bilgi Uzmanlar\u0131n\u0131n Nitelikleri<\/p>\n<p>\u2022 Kullan\u0131c\u0131 Odakl\u0131 Bilgi Hizmetleri<\/p>\n<p>\u2022 Bilgi Merkezlerinde Sosyal Medyan\u0131n Etkisi<\/p>\n<p>\u2022 Teknolojik D\u00f6n\u00fc\u015f\u00fcm: Peki, ya \u0130nsan\u2026<\/p>\n<p>\u2022 Yeni Teknolojik Uygulamalar ve Bilgi Merkezleri: B\u00fcy\u00fck Veri, Yapay Zeka, Derin \u00d6\u011frenme, Zaman Okuyuculu\u011fu, vd.<\/p>\n<p>\u2022 Yar\u0131n\u0131n Bilgi Merkezleri: Gelece\u011fe Haz\u0131r m\u0131y\u0131z?<\/p>\n<p>\u2022 Bilgi Kaynaklar\u0131 ve Bilgi Kay\u0131t Ortamlar\u0131n\u0131n D\u00f6n\u00fc\u015f\u00fcm\u00fc<\/p>\n<p>\u2022 Bilgi Merkezlerinde Yeni Mimari Tasar\u0131mlar<\/p>\n<p>alt konu ba\u015fl\u0131klar\u0131n\u0131n, <strong>T\u00fcrkiye\u2019<\/strong>de ve yurt d\u0131\u015f\u0131nda <strong>Bilgi ve Belge Y\u00f6netimi<\/strong> alan\u0131nda e\u011fitim ve \u00f6\u011fretim veren \u00fcniversitelerin lisans ve lisans\u00fcst\u00fc (y\u00fcksek lisans ve doktora) \u00f6\u011frencileri taraf\u0131ndan ele al\u0131nmas\u0131 \u00f6ng\u00f6r\u00fclmektedir. Kongre, <strong>Bilgi ve Belge Y\u00f6netimi<\/strong> alan\u0131ndaki \u00f6\u011frencileri, akademisyenleri, uygulamac\u0131lar\u0131 ve ilgili meslek payda\u015flar\u0131n\u0131, bu alana ilgi duyan birey ve kurulu\u015flar\u0131 bir araya getirerek kar\u015f\u0131l\u0131kl\u0131 bilgi al\u0131\u015fveri\u015finde bulunmalar\u0131na olanak sa\u011flamay\u0131 ama\u00e7lamaktad\u0131r. Ayr\u0131ca fikirlerini, ara\u015ft\u0131rma sonu\u00e7lar\u0131n\u0131 ve deneyimlerini payla\u015fabilecekleri bir ortam yaratmay\u0131, alan\u0131m\u0131zdaki geli\u015fmeler \u00fczerine akademik bir tart\u0131\u015fma platformu olu\u015fturup, bilimsel ve sosyal etkile\u015fim s\u00fcrecini ger\u00e7ekle\u015ftirmeyi hedeflemektedir.<\/p>\n<p><strong><span style=\"color: #ff0000;\">Kongreye kat\u0131l\u0131m \u00fccretlidir<\/span><\/strong>; <strong>\u00f6\u011frenciler i\u00e7in 20 TL, yeti\u015fkinler i\u00e7in 50 TL\u2019dir.<\/strong><\/p>\n<p><span style=\"color: #0000ff;\"><strong>\u00d6NEML\u0130 TAR\u0130HLER<\/strong><\/span><\/p>\n<p>Bildiri \u00d6zlerinin G\u00f6nderilmesi \u0130\u00e7in Son Tarih: 4 Mart 2018<\/p>\n<p>Kabul Edilen Bildiri \u00d6zlerinin Duyurusu: 21 Mart 2018<\/p>\n<p>Bildiri Tam Metinlerinin G\u00f6nderilmesi: 3 Haziran 2018<\/p>\n<p>Ayr\u0131nt\u0131l\u0131 bilgiye kongre <strong>web sitesi<\/strong>nden eri\u015febilirsiniz. (<a href=\"http:\/\/bby2018kongre.ankara.edu.tr\" target=\"_blank\" rel=\"noopener\">http:\/\/bby2018kongre.ankara.edu.tr<\/a>)<\/p>\n<p>Kongre ile ilgili her t\u00fcrl\u00fc sorular\u0131n\u0131z i\u00e7in bizimle irtibata ge\u00e7ebilirsiniz. (bby2018kongre@gmail.com)<\/p>\n<p><strong><a href=\"http:\/\/www.bbyhaber.com\/bby\/tag\/bby-ogrenci-kongresi\">DAHA \u00d6NCEK\u0130 YAPILAN KONGRELER \u0130\u00c7\u0130N TIKLAYINIZ<\/a><\/strong><\/p>\n","protected":false},"excerpt":{"rendered":"<p>3. Uluslararas\u0131 Bilgi ve Belge Y\u00f6netimi \u00d6\u011frenci Kongresi \u201cBilgi Merkezlerinde De\u011fi\u015fim ve D\u00f6n\u00fc\u015f\u00fcm S\u00fcreci\u201d ana temas\u0131 ile 10-12 May\u0131s 2018 tarihleri aras\u0131nda Ankara\u2019da, Ankara \u00dcniversitesi Dil ve Tarih \u2013 Co\u011frafya Fak\u00fcltesi Farabi Salonu\u2019nda ger\u00e7ekle\u015ftirilecektir. Kongrede;<\/p>\n","protected":false},"author":1,"featured_media":23214,"comment_status":"open","ping_status":"open","sticky":false,"template":"","format":"standard","meta":{"footnotes":""},"categories":[],"tags":[1395,828,1409],"class_list":["post-23213","post","type-post","status-publish","format-standard","has-post-thumbnail","hentry","tag-bby-mesleki-etkinlikler-arsivi","tag-bby-ogrenci-kongresi","tag-bby-ogrencileri"],"_links":{"self":[{"href":"https:\/\/www.bbyhaber.com\/bby\/wp-json\/wp\/v2\/posts\/23213"}],"collection":[{"href":"https:\/\/www.bbyhaber.com\/bby\/wp-json\/wp\/v2\/posts"}],"about":[{"href":"https:\/\/www.bbyhaber.com\/bby\/wp-json\/wp\/v2\/types\/post"}],"author":[{"embeddable":true,"href":"https:\/\/www.bbyhaber.com\/bby\/wp-json\/wp\/v2\/users\/1"}],"replies":[{"embeddable":true,"href":"https:\/\/www.bbyhaber.com\/bby\/wp-json\/wp\/v2\/comments?post=23213"}],"version-history":[{"count":3,"href":"https:\/\/www.bbyhaber.com\/bby\/wp-json\/wp\/v2\/posts\/23213\/revisions"}],"predecessor-version":[{"id":27484,"href":"https:\/\/www.bbyhaber.com\/bby\/wp-json\/wp\/v2\/posts\/23213\/revisions\/27484"}],"wp:featuredmedia":[{"embeddable":true,"href":"https:\/\/www.bbyhaber.com\/bby\/wp-json\/wp\/v2\/media\/23214"}],"wp:attachment":[{"href":"https:\/\/www.bbyhaber.com\/bby\/wp-json\/wp\/v2\/media?parent=23213"}],"wp:term":[{"taxonomy":"category","embeddable":true,"href":"https:\/\/www.bbyhaber.com\/bby\/wp-json\/wp\/v2\/categories?post=23213"},{"taxonomy":"post_tag","embeddable":true,"href":"https:\/\/www.bbyhaber.com\/bby\/wp-json\/wp\/v2\/tags?post=23213"}],"curies":[{"name":"wp","href":"https:\/\/api.w.org\/{rel}","templated":true}]}}