{"id":23201,"date":"2017-12-11T09:23:58","date_gmt":"2017-12-11T06:23:58","guid":{"rendered":"http:\/\/www.bbyhaber.com\/bby\/?p=23201"},"modified":"2017-12-11T09:24:13","modified_gmt":"2017-12-11T06:24:13","slug":"dpb-2018-yilindaki-atama-izinlerinin-dagilimi-icin-talep-topluyor","status":"publish","type":"post","link":"https:\/\/www.bbyhaber.com\/bby\/2017\/12\/11\/dpb-2018-yilindaki-atama-izinlerinin-dagilimi-icin-talep-topluyor","title":{"rendered":"DPB, 2018 y\u0131l\u0131ndaki atama izinlerinin da\u011f\u0131l\u0131m\u0131 i\u00e7in, talep topluyor"},"content":{"rendered":"<p><a href=\"http:\/\/www.bbyhaber.com\/bby\/wp-content\/uploads\/2017\/12\/dpb-talepleri-topluyor-2018.jpg\"><img loading=\"lazy\" decoding=\"async\" class=\"alignleft size-full wp-image-23202\" src=\"http:\/\/www.bbyhaber.com\/bby\/wp-content\/uploads\/2017\/12\/dpb-talepleri-topluyor-2018.jpg\" alt=\"\" width=\"390\" height=\"180\" \/><\/a>Devlet Personel Ba\u015fkanl\u0131\u011f\u0131, 2018 y\u0131l\u0131nda kamu kurumlar\u0131n\u0131n ihtiya\u00e7lar\u0131 do\u011frultusunda almay\u0131 planlad\u0131klar\u0131 memur say\u0131lar\u0131 ile ilgili talepleri toplamaya ba\u015flad\u0131. Maliye Bakanl\u0131\u011f\u0131nca haz\u0131rlanan ve TBMM&#8217;ye sevk edilen &#8220;<b><i>2018 y\u0131l\u0131 Merkezi Y\u00f6netim B\u00fct\u00e7e Kanunu Tasar\u0131s\u0131&#8221;<\/i><\/b>na<b><i>\u00a0<\/i><\/b>ekli cetvellere<b><i>\u00a0<\/i><\/b>g\u00f6re kamu kurumlar\u0131n\u0131n serbest memur kadrolar\u0131 i\u00e7in belirlenen atama say\u0131s\u0131 ge\u00e7en y\u0131l oldu\u011fu gibi &#8220;<b>5000&#8243;<\/b>\u00a0olarak \u00f6ng\u00f6r\u00fcld\u00fc.<!--more--><\/p>\n<p>Bilindi\u011fi \u00fczere, 190 say\u0131l\u0131 Genel Kadro ve Usul\u00fc Hakk\u0131nda Kanun H\u00fckm\u00fcnde Kararnamenin ek 7 nci maddesinin 3 \u00fcnc\u00fc f\u0131kras\u0131na g\u00f6re, merkezi y\u00f6netim b\u00fct\u00e7e kanununda belirtilen atama say\u0131s\u0131n\u0131n kamu idare, kurum ve kurulu\u015flar\u0131 itibar\u0131yla da\u011f\u0131l\u0131m\u0131, kullan\u0131m\u0131 ve di\u011fer hususlar Devlet Personel Ba\u015fkanl\u0131\u011f\u0131n\u0131n ba\u011fl\u0131 oldu\u011fu Bakan (\u00c7al\u0131\u015fma ve Sosyal G\u00fcvenlik Bakan\u0131) ve Maliye Bakan\u0131n\u0131n m\u00fc\u015fterek teklifi \u00fczerine Ba\u015fbakan onay\u0131 ile belirlenmektedir.<\/p>\n<div>\n<div>Bu kapsamda, Devlet Personel Ba\u015fkanl\u0131\u011f\u0131 2018 y\u0131l\u0131 Merkezi Y\u00f6netim B\u00fct\u00e7e Kanunu hen\u00fcz yasala\u015fmadan t\u00fcm kamu kurumlar\u0131na yaz\u0131 g\u00f6ndererek \u00f6n\u00fcm\u00fczdeki y\u0131l ihtiya\u00e7 duyulan memur taleplerini istemi\u015ftir.<\/div>\n<\/div>\n<p>Ge\u00e7en y\u0131l oldu\u011fu gibi \u00e7ok az say\u0131daki atama izninin merkezi y\u00f6netim b\u00fct\u00e7e kanununa tabi y\u00fczlerce kamu kurum ve kurulu\u015funa nas\u0131l payla\u015ft\u0131r\u0131laca\u011f\u0131n\u0131 \u00f6n\u00fcm\u00fczdeki y\u0131l g\u00f6rece\u011fiz.<\/p>\n<p><a href=\"https:\/\/www.memurlar.net\/\" target=\"_blank\" rel=\"noopener\">Kaynak<\/a><\/p>\n<p><strong>2018<\/strong> y\u0131l\u0131 i\u00e7erisinde yap\u0131lacak olan <strong>KPSS<\/strong> atamalar\u0131nda <strong>Bilgi ve Belge Y\u00f6netimi B\u00f6l\u00fcm\u00fc<\/strong>&#8216;nden mezun olan meslekta\u015flar\u0131m\u0131za iyi bir kadro a\u00e7\u0131lmas\u0131 dile\u011fi ile&#8230;<\/p>\n","protected":false},"excerpt":{"rendered":"<p>Devlet Personel Ba\u015fkanl\u0131\u011f\u0131, 2018 y\u0131l\u0131nda kamu kurumlar\u0131n\u0131n ihtiya\u00e7lar\u0131 do\u011frultusunda almay\u0131 planlad\u0131klar\u0131 memur say\u0131lar\u0131 ile ilgili talepleri toplamaya ba\u015flad\u0131. Maliye Bakanl\u0131\u011f\u0131nca haz\u0131rlanan ve TBMM&#8217;ye sevk edilen &#8220;2018 y\u0131l\u0131 Merkezi Y\u00f6netim B\u00fct\u00e7e Kanunu Tasar\u0131s\u0131&#8221;na\u00a0ekli cetvellere\u00a0g\u00f6re kamu kurumlar\u0131n\u0131n serbest memur kadrolar\u0131 i\u00e7in belirlenen atama say\u0131s\u0131 ge\u00e7en y\u0131l oldu\u011fu gibi &#8220;5000&#8243;\u00a0olarak \u00f6ng\u00f6r\u00fcld\u00fc.<\/p>\n","protected":false},"author":1,"featured_media":23202,"comment_status":"open","ping_status":"open","sticky":false,"template":"","format":"standard","meta":{"footnotes":""},"categories":[1514,31],"tags":[1021],"class_list":["post-23201","post","type-post","status-publish","format-standard","has-post-thumbnail","hentry","category-2018-bilgi-ve-belge-yonetimi-bolumu-kpss-kadrolari","category-bbykpss","tag-2018-bby-kpss-kadrolari"],"_links":{"self":[{"href":"https:\/\/www.bbyhaber.com\/bby\/wp-json\/wp\/v2\/posts\/23201"}],"collection":[{"href":"https:\/\/www.bbyhaber.com\/bby\/wp-json\/wp\/v2\/posts"}],"about":[{"href":"https:\/\/www.bbyhaber.com\/bby\/wp-json\/wp\/v2\/types\/post"}],"author":[{"embeddable":true,"href":"https:\/\/www.bbyhaber.com\/bby\/wp-json\/wp\/v2\/users\/1"}],"replies":[{"embeddable":true,"href":"https:\/\/www.bbyhaber.com\/bby\/wp-json\/wp\/v2\/comments?post=23201"}],"version-history":[{"count":2,"href":"https:\/\/www.bbyhaber.com\/bby\/wp-json\/wp\/v2\/posts\/23201\/revisions"}],"predecessor-version":[{"id":23204,"href":"https:\/\/www.bbyhaber.com\/bby\/wp-json\/wp\/v2\/posts\/23201\/revisions\/23204"}],"wp:featuredmedia":[{"embeddable":true,"href":"https:\/\/www.bbyhaber.com\/bby\/wp-json\/wp\/v2\/media\/23202"}],"wp:attachment":[{"href":"https:\/\/www.bbyhaber.com\/bby\/wp-json\/wp\/v2\/media?parent=23201"}],"wp:term":[{"taxonomy":"category","embeddable":true,"href":"https:\/\/www.bbyhaber.com\/bby\/wp-json\/wp\/v2\/categories?post=23201"},{"taxonomy":"post_tag","embeddable":true,"href":"https:\/\/www.bbyhaber.com\/bby\/wp-json\/wp\/v2\/tags?post=23201"}],"curies":[{"name":"wp","href":"https:\/\/api.w.org\/{rel}","templated":true}]}}