{"id":23197,"date":"2017-12-11T09:16:11","date_gmt":"2017-12-11T06:16:11","guid":{"rendered":"http:\/\/www.bbyhaber.com\/bby\/?p=23197"},"modified":"2017-12-11T09:16:46","modified_gmt":"2017-12-11T06:16:46","slug":"gezici-kutuphane-koy-okullarinin-hizmetinde-malatya","status":"publish","type":"post","link":"https:\/\/www.bbyhaber.com\/bby\/2017\/12\/11\/gezici-kutuphane-koy-okullarinin-hizmetinde-malatya","title":{"rendered":"Gezici K\u00fct\u00fcphane K\u00f6y Okullar\u0131n\u0131n Hizmetinde-Malatya"},"content":{"rendered":"<p><a href=\"http:\/\/www.bbyhaber.com\/bby\/wp-content\/uploads\/2017\/12\/gezici-kutuphane-malatya.jpg\"><img loading=\"lazy\" decoding=\"async\" class=\"alignleft size-full wp-image-23198\" src=\"http:\/\/www.bbyhaber.com\/bby\/wp-content\/uploads\/2017\/12\/gezici-kutuphane-malatya.jpg\" alt=\"\" width=\"390\" height=\"180\" \/><\/a>Malatya&#8217;n\u0131n Darende il\u00e7esinde, 1778 y\u0131l\u0131nda Osmanl\u0131 Sadrazam\u0131 taraf\u0131ndan yapt\u0131r\u0131lan ve i\u00e7erisinde 40 bini a\u015fk\u0131n kitap ve el yazmas\u0131 nadide eserleri bar\u0131ndan k\u00fct\u00fcphane, kitaplar\u0131n\u0131 gezici k\u00fct\u00fcphane uygulamas\u0131yla k\u0131rsaldaki okullarda \u00f6\u011frenim g\u00f6ren 2 bin \u00f6\u011frenciyle bulu\u015fturuyor. Darende Sadrazam Mehmet Pa\u015fa \u0130l\u00e7e Halk K\u00fct\u00fcphanesi taraf\u0131ndan ba\u015flat\u0131lan ve Kaymakaml\u0131\u011f\u0131n destekledi\u011fi &#8220;<strong>Gezici K\u00fct\u00fcphane<\/strong>&#8220;, faaliyetine bir s\u00fcre \u00f6nce ba\u015flad\u0131.<!--more--><\/p>\n<p>\u0130\u00e7erisinde d\u00fcnya klasiklerinden hikayeler ve romanlar\u0131n yan\u0131 s\u0131ra tarih, fen ve sosyal bilimler konular\u0131ndaki kitaplar bulunan k\u00fct\u00fcphane, haftan\u0131n 2 g\u00fcn\u00fc k\u0131rsaldaki okullar\u0131 ziyaret ederek, \u00f6\u011frencilere ihtiya\u00e7 duyduklar\u0131 konularda kitaplar ula\u015ft\u0131r\u0131yor. Balaban Ortaokulunda d\u00fczenlenen etkinlikte gazetecilere a\u00e7\u0131klamalarda bulunan Kaymakam Enver Hakan Zengince, ya\u015fad\u0131klar\u0131 d\u00f6nemde bilginin \u00e7ok g\u00fczel kullan\u0131ld\u0131\u011f\u0131n\u0131 kaydetti. Zengince, &#8220;\u015eu an bilgi, bili\u015fim \u00e7a\u011f\u0131nday\u0131z. Okuyarak, okutarak bilgi birikimimizi art\u0131rma ve muas\u0131r medeniyetlere ula\u015fma gayreti i\u00e7erisindeyiz.&#8221; dedi. \u0130l\u00e7e Halk K\u00fct\u00fcphanesi M\u00fcd\u00fcr\u00fc Nevim Ery\u0131lmaz Do\u011fan da k\u00f6y okullar\u0131ndaki \u00f6\u011frencileri, g\u00fcncel kitap ve eserlerden yararland\u0131rmay\u0131 hedeflediklerini s\u00f6yledi. Bu kapsamda yerel y\u00f6netimlerden al\u0131nan destekle b\u00f6yle bir hizmet ba\u015flatt\u0131klar\u0131n\u0131 anlatan Do\u011fan, &#8220;K\u0131rsalda bulunan \u00f6\u011frenci ve ilerleyen a\u015famalarda vatanda\u015flar\u0131m\u0131za ula\u015fmay\u0131 planl\u0131yoruz. \u015eu an 60 mahallede 2 bin \u00f6\u011frencimiz i\u00e7in haftan\u0131n 2 g\u00fcn\u00fc okullar\u0131m\u0131za kitap ta\u015f\u0131yoruz. 15 g\u00fcnde bir tekrardan u\u011frayarak, eskiyi al\u0131p yeni kitapla de\u011fi\u015ftiriyoruz. Ayn\u0131 zamanda internet \u00fczerinden de \u00fcye yap\u0131yoruz. \u00d6\u011frenci ve \u00f6\u011fretmenlerimiz bu durumdan \u00e7ok memnun.&#8221;<\/p>\n<p><iframe loading=\"lazy\" src=\"\/\/www.dailymotion.com\/embed\/video\/x6b9soi\" width=\"480\" height=\"270\" frameborder=\"0\" allowfullscreen=\"allowfullscreen\"><\/iframe><\/p>\n<p><a href=\"https:\/\/www.haberler.com\" target=\"_blank\" rel=\"noopener\">Kaynak<\/a><\/p>\n","protected":false},"excerpt":{"rendered":"<p>Malatya&#8217;n\u0131n Darende il\u00e7esinde, 1778 y\u0131l\u0131nda Osmanl\u0131 Sadrazam\u0131 taraf\u0131ndan yapt\u0131r\u0131lan ve i\u00e7erisinde 40 bini a\u015fk\u0131n kitap ve el yazmas\u0131 nadide eserleri bar\u0131ndan k\u00fct\u00fcphane, kitaplar\u0131n\u0131 gezici k\u00fct\u00fcphane uygulamas\u0131yla k\u0131rsaldaki okullarda \u00f6\u011frenim g\u00f6ren 2 bin \u00f6\u011frenciyle bulu\u015fturuyor. Darende Sadrazam Mehmet Pa\u015fa \u0130l\u00e7e Halk K\u00fct\u00fcphanesi taraf\u0131ndan ba\u015flat\u0131lan ve Kaymakaml\u0131\u011f\u0131n destekledi\u011fi &#8220;Gezici K\u00fct\u00fcphane&#8220;, faaliyetine bir s\u00fcre \u00f6nce ba\u015flad\u0131.<\/p>\n","protected":false},"author":1,"featured_media":23198,"comment_status":"open","ping_status":"open","sticky":false,"template":"","format":"standard","meta":{"footnotes":""},"categories":[],"tags":[1440],"class_list":["post-23197","post","type-post","status-publish","format-standard","has-post-thumbnail","hentry","tag-gezici-kutuphaneler"],"_links":{"self":[{"href":"https:\/\/www.bbyhaber.com\/bby\/wp-json\/wp\/v2\/posts\/23197"}],"collection":[{"href":"https:\/\/www.bbyhaber.com\/bby\/wp-json\/wp\/v2\/posts"}],"about":[{"href":"https:\/\/www.bbyhaber.com\/bby\/wp-json\/wp\/v2\/types\/post"}],"author":[{"embeddable":true,"href":"https:\/\/www.bbyhaber.com\/bby\/wp-json\/wp\/v2\/users\/1"}],"replies":[{"embeddable":true,"href":"https:\/\/www.bbyhaber.com\/bby\/wp-json\/wp\/v2\/comments?post=23197"}],"version-history":[{"count":2,"href":"https:\/\/www.bbyhaber.com\/bby\/wp-json\/wp\/v2\/posts\/23197\/revisions"}],"predecessor-version":[{"id":23200,"href":"https:\/\/www.bbyhaber.com\/bby\/wp-json\/wp\/v2\/posts\/23197\/revisions\/23200"}],"wp:featuredmedia":[{"embeddable":true,"href":"https:\/\/www.bbyhaber.com\/bby\/wp-json\/wp\/v2\/media\/23198"}],"wp:attachment":[{"href":"https:\/\/www.bbyhaber.com\/bby\/wp-json\/wp\/v2\/media?parent=23197"}],"wp:term":[{"taxonomy":"category","embeddable":true,"href":"https:\/\/www.bbyhaber.com\/bby\/wp-json\/wp\/v2\/categories?post=23197"},{"taxonomy":"post_tag","embeddable":true,"href":"https:\/\/www.bbyhaber.com\/bby\/wp-json\/wp\/v2\/tags?post=23197"}],"curies":[{"name":"wp","href":"https:\/\/api.w.org\/{rel}","templated":true}]}}