{"id":23189,"date":"2017-12-07T15:22:15","date_gmt":"2017-12-07T12:22:15","guid":{"rendered":"http:\/\/www.bbyhaber.com\/bby\/?p=23189"},"modified":"2017-12-07T15:24:57","modified_gmt":"2017-12-07T12:24:57","slug":"yuksek-secim-kurulu-3-arsiv-memuru-kadrosu-acacak","status":"publish","type":"post","link":"https:\/\/www.bbyhaber.com\/bby\/2017\/12\/07\/yuksek-secim-kurulu-3-arsiv-memuru-kadrosu-acacak","title":{"rendered":"Y\u00fcksek Se\u00e7im Kurulu 3 ar\u015fiv memuru kadrosu a\u00e7acak"},"content":{"rendered":"<p><strong><a href=\"http:\/\/www.bbyhaber.com\/bby\/wp-content\/uploads\/2017\/12\/ysk.jpg\"><img loading=\"lazy\" decoding=\"async\" class=\"alignleft size-full wp-image-23190\" src=\"http:\/\/www.bbyhaber.com\/bby\/wp-content\/uploads\/2017\/12\/ysk.jpg\" alt=\"\" width=\"390\" height=\"180\" \/><\/a>Y\u00fcksek Se\u00e7im Kurulu<\/strong> kapsam\u0131nda 715 kadro ihdas\u0131 yap\u0131lm\u0131\u015ft\u0131. Yap\u0131lan kadro ihdas\u0131n\u0131n ard\u0131ndan adaylar YSK memur al\u0131m\u0131n\u0131n bir an \u00f6nce yap\u0131lmas\u0131 i\u00e7in taleplerini dile getiriyorlar. Peki size g\u00f6re al\u0131mlarda genel \u015fartlar nas\u0131l olmal\u0131d\u0131r?<!--more--><\/p>\n<p>Y\u00fcksek Se\u00e7im Kurulu g\u00f6revleri T\u00fcrkiye B\u00fcy\u00fck Millet Meclisi Anayasa Komisyonunda kanun teklifinin kabul edilmesi ile belirlendi. Buna g\u00f6re kanun teklifi kapsam\u0131nda Y\u00fcksek Se\u00e7im Kurulunun g\u00f6revleri se\u00e7imlerin yap\u0131lmas\u0131n\u0131 ve d\u00fczenini sa\u011flamak, TBMM \u00fcyelerinin se\u00e7im tutanaklar\u0131n\u0131 kabul, se\u00e7men k\u00fct\u00fc\u011f\u00fcn\u00fcn olu\u015fturulmas\u0131, g\u00fcncellenmesi, usul ve esaslar\u0131n\u0131 belirlemek, engelli se\u00e7menlerin oy vermesinin kolayla\u015ft\u0131racak tedbirleri almak, yurt d\u0131\u015f\u0131nda ya\u015fayan se\u00e7menlerin oy kullanmalar\u0131n\u0131 kolayla\u015ft\u0131racak tedbirleri almak olarak belirlendi.<\/p>\n<p>MEMUR ALIMI KADRO DA\u011eILIMI<\/p>\n<p>Bunun yan\u0131 s\u0131ra Y\u00fcksek Se\u00e7im Kurulu g\u00f6revlerine ili\u015fkin kanun teklifinde 715 kadro ihdas\u0131 da yer al\u0131yor. Y\u00fcksek Se\u00e7im Kurulu b\u00fcnyesinde merkez ve ta\u015fra olmak \u00fczere iki birim i\u00e7in kadro ihdas\u0131 yap\u0131ld\u0131. Bunun ard\u0131ndan Y\u00fcksek Se\u00e7im Kurulu memur al\u0131m\u0131na ili\u015fkin kadro da\u011f\u0131l\u0131m\u0131 da belirtildi. Bu kapsamda 2 genel m\u00fcd\u00fcr yard\u0131mc\u0131s\u0131, 14 daire ba\u015fkan\u0131, 15 se\u00e7im uzman\u0131, 15 se\u00e7im uzman yard\u0131mc\u0131s\u0131, 16 \u015fube m\u00fcd\u00fcr\u00fc, 3 mali hizmetler uzman\u0131, 9 bilgi i\u015flem m\u00fcd\u00fcr\u00fc, 9 \u015fef, 13 \u00e7\u00f6z\u00fcmleyici, 10 programc\u0131, 2 bilgisayar i\u015fletmeni, 49 veri haz\u0131rlama ve kontrol i\u015fletmeni, <strong><span style=\"color: #ff0000;\">3 ar\u015fiv memuru<\/span><\/strong>, 3 santral memuru, 10 sekreter, 10 \u015fof\u00f6r, 2 m\u00fchendis, 6 istatistik\u00e7i, 5 teknisyen, 25 hizmetli, 2 da\u011f\u0131t\u0131c\u0131 ve 6 bek\u00e7i olmak \u00fczere 715 memur al\u0131m\u0131 yap\u0131lacakt\u0131r.<\/p>\n<p><a href=\"https:\/\/www.kamupersoneli.net\" target=\"_blank\" rel=\"noopener\">Kaynak<\/a><\/p>\n<p><strong><span style=\"color: #ff0000;\">\u00d6NEML\u0130&#8211;&gt;<\/span><span style=\"color: #0000ff;\">3 Ar\u015fiv Memuru kadrosu yine her zaman oldu\u011fu gibi Bilgi ve Belge Y\u00f6netimi mezunlar\u0131n\u0131n hakk\u0131d\u0131r ve bu kadrolar\u0131n da alan\u0131m\u0131za a\u00e7\u0131lmas\u0131 y\u00f6n\u00fcnde \u00e7al\u0131\u015fmalar yap\u0131lmal\u0131d\u0131r!<\/span><\/strong><\/p>\n","protected":false},"excerpt":{"rendered":"<p>Y\u00fcksek Se\u00e7im Kurulu kapsam\u0131nda 715 kadro ihdas\u0131 yap\u0131lm\u0131\u015ft\u0131. Yap\u0131lan kadro ihdas\u0131n\u0131n ard\u0131ndan adaylar YSK memur al\u0131m\u0131n\u0131n bir an \u00f6nce yap\u0131lmas\u0131 i\u00e7in taleplerini dile getiriyorlar. Peki size g\u00f6re al\u0131mlarda genel \u015fartlar nas\u0131l olmal\u0131d\u0131r?<\/p>\n","protected":false},"author":1,"featured_media":23190,"comment_status":"open","ping_status":"open","sticky":false,"template":"","format":"standard","meta":{"footnotes":""},"categories":[31],"tags":[1398],"class_list":["post-23189","post","type-post","status-publish","format-standard","has-post-thumbnail","hentry","category-bbykpss","tag-bby-ozluk-haklari"],"_links":{"self":[{"href":"https:\/\/www.bbyhaber.com\/bby\/wp-json\/wp\/v2\/posts\/23189"}],"collection":[{"href":"https:\/\/www.bbyhaber.com\/bby\/wp-json\/wp\/v2\/posts"}],"about":[{"href":"https:\/\/www.bbyhaber.com\/bby\/wp-json\/wp\/v2\/types\/post"}],"author":[{"embeddable":true,"href":"https:\/\/www.bbyhaber.com\/bby\/wp-json\/wp\/v2\/users\/1"}],"replies":[{"embeddable":true,"href":"https:\/\/www.bbyhaber.com\/bby\/wp-json\/wp\/v2\/comments?post=23189"}],"version-history":[{"count":3,"href":"https:\/\/www.bbyhaber.com\/bby\/wp-json\/wp\/v2\/posts\/23189\/revisions"}],"predecessor-version":[{"id":23193,"href":"https:\/\/www.bbyhaber.com\/bby\/wp-json\/wp\/v2\/posts\/23189\/revisions\/23193"}],"wp:featuredmedia":[{"embeddable":true,"href":"https:\/\/www.bbyhaber.com\/bby\/wp-json\/wp\/v2\/media\/23190"}],"wp:attachment":[{"href":"https:\/\/www.bbyhaber.com\/bby\/wp-json\/wp\/v2\/media?parent=23189"}],"wp:term":[{"taxonomy":"category","embeddable":true,"href":"https:\/\/www.bbyhaber.com\/bby\/wp-json\/wp\/v2\/categories?post=23189"},{"taxonomy":"post_tag","embeddable":true,"href":"https:\/\/www.bbyhaber.com\/bby\/wp-json\/wp\/v2\/tags?post=23189"}],"curies":[{"name":"wp","href":"https:\/\/api.w.org\/{rel}","templated":true}]}}