{"id":23184,"date":"2017-12-07T14:58:53","date_gmt":"2017-12-07T11:58:53","guid":{"rendered":"http:\/\/www.bbyhaber.com\/bby\/?p=23184"},"modified":"2017-12-07T18:04:18","modified_gmt":"2017-12-07T15:04:18","slug":"cocuk-kutuphaneleri-calistayi-sonuc-raporu-yayinlandi","status":"publish","type":"post","link":"https:\/\/www.bbyhaber.com\/bby\/2017\/12\/07\/cocuk-kutuphaneleri-calistayi-sonuc-raporu-yayinlandi","title":{"rendered":"\u00c7ocuk K\u00fct\u00fcphaneleri \u00c7al\u0131\u015ftay\u0131 Sonu\u00e7 Raporu yay\u0131nland\u0131"},"content":{"rendered":"<p class=\"m_7782590085368293193gmail-MsoNormal\"><a href=\"http:\/\/www.bbyhaber.com\/bby\/wp-content\/uploads\/2017\/11\/20171113_190551.png\"><img loading=\"lazy\" decoding=\"async\" class=\"alignleft size-full wp-image-22960\" src=\"http:\/\/www.bbyhaber.com\/bby\/wp-content\/uploads\/2017\/11\/20171113_190551.png\" alt=\"\" width=\"1440\" height=\"2173\" srcset=\"https:\/\/www.bbyhaber.com\/bby\/wp-content\/uploads\/2017\/11\/20171113_190551.png 1440w, https:\/\/www.bbyhaber.com\/bby\/wp-content\/uploads\/2017\/11\/20171113_190551-199x300.png 199w, https:\/\/www.bbyhaber.com\/bby\/wp-content\/uploads\/2017\/11\/20171113_190551-768x1159.png 768w, https:\/\/www.bbyhaber.com\/bby\/wp-content\/uploads\/2017\/11\/20171113_190551-679x1024.png 679w\" sizes=\"(max-width: 1440px) 100vw, 1440px\" \/><\/a>K\u00fct\u00fcphaneler ve Yay\u0131mlar Genel M\u00fcd\u00fcrl\u00fc\u011f\u00fc taraf\u0131ndan, 16-18 Kas\u0131m 2017 tarihleri aras\u0131nda ba\u015far\u0131yla ger\u00e7ekle\u015ftirilen \u201c<b>\u00c7ocuk K\u00fct\u00fcphaneleri \u00c7al\u0131\u015ftay\u0131<\/b>\u201dna ait sonu\u00e7 raporu yay\u0131nlanm\u0131\u015ft\u0131r. \u00c7al\u0131\u015ftayda, kapsamdaki ana konular baz\u0131nda akademisyenlerden, sahan\u0131n uygulay\u0131c\u0131lar\u0131ndan ve farkl\u0131 sekt\u00f6rlerde \u00e7e\u015fitli pozisyonlarda g\u00f6rev yapan 59 kat\u0131l\u0131mc\u0131 yer alm\u0131\u015f ve iki g\u00fcn s\u00fcresince, \u00e7ocuk k\u00fct\u00fcphanelerinin daha iyi yap\u0131land\u0131r\u0131lmas\u0131 noktas\u0131nda de\u011ferli g\u00f6r\u00fc\u015fleriyle katk\u0131da bulunmu\u015ftur.<!--more-->\u00c7al\u0131\u015ftay arac\u0131l\u0131\u011f\u0131yla; hem toplumsal ve akademik anlamda, hem de idari (merkezi ve yerel) anlamda fark\u0131ndal\u0131k yaratmak hedeflenmi\u015f; konunun hassasiyet ve \u00f6nemine dikkat \u00e7ekilmek istenmi\u015ftir. \u00c7al\u0131\u015ftayda, be\u015f \u00e7al\u0131\u015fma grubu, be\u015f farkl\u0131 ana konu ba\u015fl\u0131\u011f\u0131n\u0131, alt\u0131 oturumda ve \u00e7ok farkl\u0131 alt ba\u015fl\u0131klar baz\u0131nda tart\u0131\u015fm\u0131\u015ft\u0131r. \u00c7al\u0131\u015fma s\u00fcresince, ana konu ba\u015fl\u0131klar\u0131 birbirinden farkl\u0131 olmakla birlikte, baz\u0131 alt konu ba\u015fl\u0131klar\u0131n\u0131n hemen b\u00fct\u00fcn gruplarda ele al\u0131nd\u0131\u011f\u0131 g\u00f6r\u00fclm\u00fc\u015ft\u00fcr. \u00c7al\u0131\u015ftayda elde edilen veriler, -rapor tasla\u011f\u0131nda yer alanlar da d\u00e2hil olacak \u015fekilde- en geni\u015f haliyle ve kitap format\u0131nda olmak \u00fczere (bas\u0131l\u0131 ve e-n\u00fcsha), m\u00fcmk\u00fcn olan en k\u0131sa s\u00fcrede kamuoyuyla payla\u015f\u0131lacakt\u0131r.<\/p>\n<p><strong><a href=\"http:\/\/www.bbyhaber.com\/bby\/wp-content\/uploads\/2017\/12\/cocuk-kutuphaneleri-calistay-raporu.pdf\" target=\"_blank\" rel=\"noopener\">\u00c7ocuk K\u00fct\u00fcphaneleri \u00c7al\u0131\u015ftay\u0131 Sonu\u00e7 Raporu i\u00e7in t\u0131klay\u0131n\u0131z<\/a><\/strong><\/p>\n","protected":false},"excerpt":{"rendered":"<p>K\u00fct\u00fcphaneler ve Yay\u0131mlar Genel M\u00fcd\u00fcrl\u00fc\u011f\u00fc taraf\u0131ndan, 16-18 Kas\u0131m 2017 tarihleri aras\u0131nda ba\u015far\u0131yla ger\u00e7ekle\u015ftirilen \u201c\u00c7ocuk K\u00fct\u00fcphaneleri \u00c7al\u0131\u015ftay\u0131\u201dna ait sonu\u00e7 raporu yay\u0131nlanm\u0131\u015ft\u0131r. \u00c7al\u0131\u015ftayda, kapsamdaki ana konular baz\u0131nda akademisyenlerden, sahan\u0131n uygulay\u0131c\u0131lar\u0131ndan ve farkl\u0131 sekt\u00f6rlerde \u00e7e\u015fitli pozisyonlarda g\u00f6rev yapan 59 kat\u0131l\u0131mc\u0131 yer alm\u0131\u015f ve iki g\u00fcn s\u00fcresince, \u00e7ocuk k\u00fct\u00fcphanelerinin daha iyi yap\u0131land\u0131r\u0131lmas\u0131 noktas\u0131nda de\u011ferli g\u00f6r\u00fc\u015fleriyle katk\u0131da bulunmu\u015ftur.<\/p>\n","protected":false},"author":1,"featured_media":22960,"comment_status":"open","ping_status":"open","sticky":false,"template":"","format":"standard","meta":{"footnotes":""},"categories":[],"tags":[1439],"class_list":["post-23184","post","type-post","status-publish","format-standard","has-post-thumbnail","hentry","tag-cocuk-kutuphaneleri"],"_links":{"self":[{"href":"https:\/\/www.bbyhaber.com\/bby\/wp-json\/wp\/v2\/posts\/23184"}],"collection":[{"href":"https:\/\/www.bbyhaber.com\/bby\/wp-json\/wp\/v2\/posts"}],"about":[{"href":"https:\/\/www.bbyhaber.com\/bby\/wp-json\/wp\/v2\/types\/post"}],"author":[{"embeddable":true,"href":"https:\/\/www.bbyhaber.com\/bby\/wp-json\/wp\/v2\/users\/1"}],"replies":[{"embeddable":true,"href":"https:\/\/www.bbyhaber.com\/bby\/wp-json\/wp\/v2\/comments?post=23184"}],"version-history":[{"count":5,"href":"https:\/\/www.bbyhaber.com\/bby\/wp-json\/wp\/v2\/posts\/23184\/revisions"}],"predecessor-version":[{"id":23195,"href":"https:\/\/www.bbyhaber.com\/bby\/wp-json\/wp\/v2\/posts\/23184\/revisions\/23195"}],"wp:featuredmedia":[{"embeddable":true,"href":"https:\/\/www.bbyhaber.com\/bby\/wp-json\/wp\/v2\/media\/22960"}],"wp:attachment":[{"href":"https:\/\/www.bbyhaber.com\/bby\/wp-json\/wp\/v2\/media?parent=23184"}],"wp:term":[{"taxonomy":"category","embeddable":true,"href":"https:\/\/www.bbyhaber.com\/bby\/wp-json\/wp\/v2\/categories?post=23184"},{"taxonomy":"post_tag","embeddable":true,"href":"https:\/\/www.bbyhaber.com\/bby\/wp-json\/wp\/v2\/tags?post=23184"}],"curies":[{"name":"wp","href":"https:\/\/api.w.org\/{rel}","templated":true}]}}