{"id":23180,"date":"2017-12-07T13:35:34","date_gmt":"2017-12-07T10:35:34","guid":{"rendered":"http:\/\/www.bbyhaber.com\/bby\/?p=23180"},"modified":"2017-12-07T13:35:54","modified_gmt":"2017-12-07T10:35:54","slug":"54-kutuphane-haftasi-ana-temasi-belirlendi","status":"publish","type":"post","link":"https:\/\/www.bbyhaber.com\/bby\/2017\/12\/07\/54-kutuphane-haftasi-ana-temasi-belirlendi","title":{"rendered":"54. K\u00fct\u00fcphane Haftas\u0131 Ana Temas\u0131 Belirlendi"},"content":{"rendered":"<p><a href=\"http:\/\/www.bbyhaber.com\/bby\/wp-content\/uploads\/2017\/12\/54.kutuphane-haftasi-temasi.jpg\"><img loading=\"lazy\" decoding=\"async\" class=\"alignleft size-full wp-image-23181\" src=\"http:\/\/www.bbyhaber.com\/bby\/wp-content\/uploads\/2017\/12\/54.kutuphane-haftasi-temasi.jpg\" alt=\"\" width=\"390\" height=\"180\" \/><\/a>6 Aral\u0131k \u00c7ar\u015famba g\u00fcn\u00fc saat 14:00&#8217;te TKD Genel Merkezi&#8217;nde 54. K\u00fct\u00fcphane Haftas\u0131 D\u00fczenleme Komitesi Tan\u0131\u015fma Toplant\u0131s\u0131 ger\u00e7ekle\u015ftirilmi\u015ftir. Toplant\u0131 sonucunda 26 Mart-1 Nisan 2018 tarihlerinde ger\u00e7ekle\u015fecek <strong>54. K\u00fct\u00fcphane Haftas\u0131<\/strong> <strong>ana tema<\/strong>s\u0131 gelen \u00f6neriler de\u011ferlendirilerek &#8220;<span style=\"color: #ff0000;\"><strong>K\u00fclt\u00fcrel De\u011fi\u015fim ve K\u00fct\u00fcphaneler<\/strong><\/span>&#8221; olarak belirlenmi\u015ftir.<!--more-->Ana tema ile ilgili program olu\u015fturma \u00e7al\u0131\u015fmalar\u0131 devam etmektedir. Bir sonraki 54. K\u00fct\u00fcphane Haftas\u0131 Komite Toplant\u0131s\u0131 15 Aral\u0131k Cuma saat 14:00&#8217;te TKD Genel Merkezi&#8217;nde yap\u0131lacakt\u0131r.<\/p>\n<div class=\"text_exposed_show\">\n<p>Toplant\u0131lar t\u00fcm kurumlar\u0131n, BBY B\u00f6l\u00fcmlerinin, K\u00fct\u00fcphane temsilcilerinin, STK&#8217;lar\u0131n ve \u00f6\u011frenci kul\u00fcp ve topluluklar\u0131n\u0131n ve ki\u015filerin kat\u0131l\u0131m\u0131na a\u00e7\u0131kt\u0131r.<\/p>\n<p>\u0130\u015fbirli\u011fimizin ve mesleki dayan\u0131\u015fmam\u0131z\u0131n her alanda s\u00fcrmesi en b\u00fcy\u00fck dile\u011fimizdir.<\/p>\n<p>T\u00fcm meslek camiam\u0131za hay\u0131rl\u0131 olsun.<\/p>\n<p>T\u00fcrk K\u00fct\u00fcphaneciler Derne\u011fi Genel Merkezi \/ TKD<br \/>\n\u00dcniversite ve Ara\u015ft\u0131rma K\u00fct\u00fcphanecileri Derne\u011fi \/\u00dcNAK<br \/>\nOkul K\u00fct\u00fcphanecileri Derne\u011fi \/ OKD<\/p>\n<p>Kaynak:Ayd\u0131n \u0130leri<\/p>\n<\/div>\n","protected":false},"excerpt":{"rendered":"<p>6 Aral\u0131k \u00c7ar\u015famba g\u00fcn\u00fc saat 14:00&#8217;te TKD Genel Merkezi&#8217;nde 54. K\u00fct\u00fcphane Haftas\u0131 D\u00fczenleme Komitesi Tan\u0131\u015fma Toplant\u0131s\u0131 ger\u00e7ekle\u015ftirilmi\u015ftir. Toplant\u0131 sonucunda 26 Mart-1 Nisan 2018 tarihlerinde ger\u00e7ekle\u015fecek 54. K\u00fct\u00fcphane Haftas\u0131 ana temas\u0131 gelen \u00f6neriler de\u011ferlendirilerek &#8220;K\u00fclt\u00fcrel De\u011fi\u015fim ve K\u00fct\u00fcphaneler&#8221; olarak belirlenmi\u015ftir.<\/p>\n","protected":false},"author":1,"featured_media":23181,"comment_status":"open","ping_status":"open","sticky":false,"template":"","format":"standard","meta":{"footnotes":""},"categories":[1524,1476],"tags":[1461],"class_list":["post-23180","post","type-post","status-publish","format-standard","has-post-thumbnail","hentry","category-54-kutuphane-haftasi","category-aydin-ileri","tag-kutuphane-haftasi"],"_links":{"self":[{"href":"https:\/\/www.bbyhaber.com\/bby\/wp-json\/wp\/v2\/posts\/23180"}],"collection":[{"href":"https:\/\/www.bbyhaber.com\/bby\/wp-json\/wp\/v2\/posts"}],"about":[{"href":"https:\/\/www.bbyhaber.com\/bby\/wp-json\/wp\/v2\/types\/post"}],"author":[{"embeddable":true,"href":"https:\/\/www.bbyhaber.com\/bby\/wp-json\/wp\/v2\/users\/1"}],"replies":[{"embeddable":true,"href":"https:\/\/www.bbyhaber.com\/bby\/wp-json\/wp\/v2\/comments?post=23180"}],"version-history":[{"count":2,"href":"https:\/\/www.bbyhaber.com\/bby\/wp-json\/wp\/v2\/posts\/23180\/revisions"}],"predecessor-version":[{"id":23183,"href":"https:\/\/www.bbyhaber.com\/bby\/wp-json\/wp\/v2\/posts\/23180\/revisions\/23183"}],"wp:featuredmedia":[{"embeddable":true,"href":"https:\/\/www.bbyhaber.com\/bby\/wp-json\/wp\/v2\/media\/23181"}],"wp:attachment":[{"href":"https:\/\/www.bbyhaber.com\/bby\/wp-json\/wp\/v2\/media?parent=23180"}],"wp:term":[{"taxonomy":"category","embeddable":true,"href":"https:\/\/www.bbyhaber.com\/bby\/wp-json\/wp\/v2\/categories?post=23180"},{"taxonomy":"post_tag","embeddable":true,"href":"https:\/\/www.bbyhaber.com\/bby\/wp-json\/wp\/v2\/tags?post=23180"}],"curies":[{"name":"wp","href":"https:\/\/api.w.org\/{rel}","templated":true}]}}