{"id":23153,"date":"2017-12-05T08:50:51","date_gmt":"2017-12-05T05:50:51","guid":{"rendered":"http:\/\/www.bbyhaber.com\/bby\/?p=23153"},"modified":"2017-12-05T09:39:23","modified_gmt":"2017-12-05T06:39:23","slug":"tkd-baskanindan-cagri-meslek-orgutlerimize-sahip-cikalim","status":"publish","type":"post","link":"https:\/\/www.bbyhaber.com\/bby\/2017\/12\/05\/tkd-baskanindan-cagri-meslek-orgutlerimize-sahip-cikalim","title":{"rendered":"TKD Ba\u015fkan\u0131&#8217;ndan \u00e7a\u011fr\u0131 &#8216;Meslek \u00d6rg\u00fctlerimize Sahip \u00c7\u0131kal\u0131m!&#8217;"},"content":{"rendered":"<p><a href=\"http:\/\/www.bbyhaber.com\/bby\/wp-content\/uploads\/2017\/12\/stklar.jpg\"><img loading=\"lazy\" decoding=\"async\" class=\"alignleft size-full wp-image-23154\" src=\"http:\/\/www.bbyhaber.com\/bby\/wp-content\/uploads\/2017\/12\/stklar.jpg\" alt=\"\" width=\"390\" height=\"180\" \/><\/a>2 Aral\u0131k 2017 tarihinde yap\u0131lan \u00dcNAK 12. Genel Kurul sonu\u00e7lar\u0131 a\u00e7\u0131kland\u0131 ve bu ba\u011flamda TKD Ba\u015fkan\u0131 Ali Fuat KARTAL meslek \u00f6rg\u00fctlerimize yeteri kadar sahip \u00e7\u0131k\u0131lmad\u0131\u011f\u0131n\u0131, gereken \u00f6nemin verilmedi\u011fini belirterek a\u015fa\u011f\u0131daki a\u00e7\u0131klamay\u0131 yapt\u0131:<!--more--><\/p>\n<p>&#8220;Genel Kurula kat\u0131l\u0131m\u0131n ve ilginin azl\u0131\u011f\u0131 nedeniyle bu konudaki baz\u0131 d\u00fc\u015f\u00fcncelerimi payla\u015fmak istiyorum. Demokrasiyi \u00f6z\u00fcmsemi\u015f modern bir toplum olmak istiyorsak, STK\u2019lar\u0131n varl\u0131k nedeni \u00fczerinde yeniden hem kamunun hem de bizlerin d\u00fc\u015f\u00fcnmesi\/tart\u0131\u015fmas\u0131 gerekiyor. Maalesef \u00fclkemizin mevcut ko\u015fullar\u0131 ger\u00e7ek anlamda bir sivil toplum bilincinin do\u011furabilecek niteli\u011fe ve demokratik k\u00fclt\u00fcre sahip olmad\u0131\u011f\u0131 gibi bizde de bu bilin\u00e7 yeterince olu\u015fmam\u0131\u015f durumda. \u00dcyelerinin \u00f6zveri ve destekleri ile ayakta kalma \u00e7abas\u0131 i\u00e7erisinde olan STK\u2019lar bu t\u00fcr \u00fcyelerin azl\u0131\u011f\u0131 nedeniyle faaliyetleri ve bu faaliyetlerde ba\u015far\u0131l\u0131 olmalar\u0131 s\u0131n\u0131rl\u0131 kalmaktad\u0131r.<\/p>\n<p><span style=\"color: #0000ff;\"><strong>\u00d6zl\u00fck haklar\u0131m\u0131z i\u00e7in, mesle\u011fimizin hak etti\u011fi de\u011ferin toplum taraf\u0131ndan benimsenmesi i\u00e7in, mesleki \u00f6rg\u00fctlerimize sahip \u00e7\u0131kal\u0131m.<\/strong><\/span>&#8221;<\/p>\n<p><strong>&#8212;&#8212;&#8212;-<\/strong><\/p>\n<p>\u00dcniversite ve Ara\u015ft\u0131rma K\u00fct\u00fcphanecileri Derne\u011fi 12. Ola\u011fan Genel Kurulu 2 Aral\u0131k 2017 tarihinde ger\u00e7ekle\u015ftirilmi\u015ftir.<\/p>\n<p>Genel kurulun ger\u00e7ekle\u015ftirilebilmesi i\u00e7in gerekli \u00e7o\u011funlu\u011fun sa\u011flanmas\u0131 ve Derne\u011fimize sahip \u00e7\u0131k\u0131lmas\u0131 konusunda bizlere Genel Kurula gelerek bizzat destek veren ve \u00e7e\u015fitli nedenlerle bulunamayan \u00fcyelerimize en i\u00e7ten te\u015fekk\u00fcrlerimizi sunar\u0131z.<\/p>\n<p><span style=\"color: #ff0000;\"><strong>12. ola\u011fan Genel Kurul sonu\u00e7lar\u0131na g\u00f6re yeni \u00dcNAK Y\u00f6netim ve Denetim kurullar\u0131 a\u015fa\u011f\u0131daki gibi olu\u015fmu\u015ftur.<\/strong><\/span><\/p>\n<div><\/div>\n<div>\n<div><u><b>Y\u00f6netim Kurulu\u00a0<\/b><\/u><\/div>\n<div><\/div>\n<div>Nil\u00fcfer SAROS\u00a0\u00a0\u00a0\u00a0\u00a0\u00a0\u00a0\u00a0\u00a0\u00a0\u00a0\u00a0 Ba\u015fkan<\/div>\n<div>M. Fatih KUMSEL\u00a0\u00a0\u00a0\u00a0\u00a0\u00a0\u00a0 Ba\u015fkan Yard\u0131mc\u0131s\u0131<\/div>\n<div>H\u00fcseyin Murat Y\u00dcCEL\u00a0Sayman<\/div>\n<div>G\u00f6zde TORUN\u00a0\u00a0\u00a0\u00a0\u00a0\u00a0\u00a0\u00a0\u00a0\u00a0\u00a0\u00a0Yazman<\/div>\n<div>\u00d6mer ORHAN\u00a0\u00a0\u00a0\u00a0\u00a0\u00a0\u00a0\u00a0\u00a0\u00a0\u00a0\u00a0 \u00a0<span class=\"il\">Genel<\/span>\u00a0Sekreter<\/div>\n<div>Nermin \u00c7AKMAK \u00a0 \u00a0 \u00a0 \u00a0 \u00dcye<\/div>\n<div>Emine Hatun G\u00dcR\u00a0\u00a0\u00a0\u00a0\u00a0\u00a0 \u00dcye<\/div>\n<div><\/div>\n<div><strong><u>Y\u00f6netim Kurulu Yedek \u00dcyeleri<\/u><\/strong><\/div>\n<div><\/div>\n<div>Somer B\u00dcY\u00dcKKAN<\/div>\n<div>T\u00fclay ERDURAN<\/div>\n<div>H\u00fcseyin K\u00d6RPEO\u011eLU<\/div>\n<div>Feyza \u00c7ET\u0130N<\/div>\n<div>Esma BABAY\u0130\u011e\u0130T<\/div>\n<div><\/div>\n<div><u><b>Denetim Kurulu<\/b><\/u><\/div>\n<div><u><b>\u00a0<\/b><\/u><\/div>\n<div>Ebru KAYA<\/div>\n<div>\u015eeyda AYTEM<\/div>\n<div>Emine BA\u015eTAV<\/div>\n<div><\/div>\n<div><strong><u>Denetleme Kurulu Yedek \u00dcyeleri<\/u><\/strong><\/div>\n<div><u>\u00a0<\/u><\/div>\n<div>G\u00fcler KUMSEL<\/div>\n<div>Serhat BAYTUR<\/div>\n<div>Mine KESK\u0130N<\/div>\n<\/div>\n","protected":false},"excerpt":{"rendered":"<p>2 Aral\u0131k 2017 tarihinde yap\u0131lan \u00dcNAK 12. Genel Kurul sonu\u00e7lar\u0131 a\u00e7\u0131kland\u0131 ve bu ba\u011flamda TKD Ba\u015fkan\u0131 Ali Fuat KARTAL meslek \u00f6rg\u00fctlerimize yeteri kadar sahip \u00e7\u0131k\u0131lmad\u0131\u011f\u0131n\u0131, gereken \u00f6nemin verilmedi\u011fini belirterek a\u015fa\u011f\u0131daki a\u00e7\u0131klamay\u0131 yapt\u0131:<\/p>\n","protected":false},"author":1,"featured_media":23154,"comment_status":"open","ping_status":"open","sticky":false,"template":"","format":"standard","meta":{"footnotes":""},"categories":[1474],"tags":[1398,1437],"class_list":["post-23153","post","type-post","status-publish","format-standard","has-post-thumbnail","hentry","category-ali-fuat-kartal","tag-bby-ozluk-haklari","tag-univ-arastirma-kutuphaneleri"],"_links":{"self":[{"href":"https:\/\/www.bbyhaber.com\/bby\/wp-json\/wp\/v2\/posts\/23153"}],"collection":[{"href":"https:\/\/www.bbyhaber.com\/bby\/wp-json\/wp\/v2\/posts"}],"about":[{"href":"https:\/\/www.bbyhaber.com\/bby\/wp-json\/wp\/v2\/types\/post"}],"author":[{"embeddable":true,"href":"https:\/\/www.bbyhaber.com\/bby\/wp-json\/wp\/v2\/users\/1"}],"replies":[{"embeddable":true,"href":"https:\/\/www.bbyhaber.com\/bby\/wp-json\/wp\/v2\/comments?post=23153"}],"version-history":[{"count":3,"href":"https:\/\/www.bbyhaber.com\/bby\/wp-json\/wp\/v2\/posts\/23153\/revisions"}],"predecessor-version":[{"id":23157,"href":"https:\/\/www.bbyhaber.com\/bby\/wp-json\/wp\/v2\/posts\/23153\/revisions\/23157"}],"wp:featuredmedia":[{"embeddable":true,"href":"https:\/\/www.bbyhaber.com\/bby\/wp-json\/wp\/v2\/media\/23154"}],"wp:attachment":[{"href":"https:\/\/www.bbyhaber.com\/bby\/wp-json\/wp\/v2\/media?parent=23153"}],"wp:term":[{"taxonomy":"category","embeddable":true,"href":"https:\/\/www.bbyhaber.com\/bby\/wp-json\/wp\/v2\/categories?post=23153"},{"taxonomy":"post_tag","embeddable":true,"href":"https:\/\/www.bbyhaber.com\/bby\/wp-json\/wp\/v2\/tags?post=23153"}],"curies":[{"name":"wp","href":"https:\/\/api.w.org\/{rel}","templated":true}]}}