{"id":23073,"date":"2017-11-30T18:52:01","date_gmt":"2017-11-30T15:52:01","guid":{"rendered":"http:\/\/www.bbyhaber.com\/bby\/?p=23073"},"modified":"2017-12-09T15:28:02","modified_gmt":"2017-12-09T12:28:02","slug":"halk-kutuphanelerinde-mimari-uygulamalar-calistayi","status":"publish","type":"post","link":"https:\/\/www.bbyhaber.com\/bby\/2017\/11\/30\/halk-kutuphanelerinde-mimari-uygulamalar-calistayi","title":{"rendered":"Halk K\u00fct\u00fcphanelerinde Mimari Uygulamalar \u00c7al\u0131\u015ftay\u0131, 7-9 Aral\u0131k 2017, Ankara"},"content":{"rendered":"<p style=\"font-weight: 400;\"><a href=\"http:\/\/www.bbyhaber.com\/bby\/wp-content\/uploads\/2017\/11\/2017-mimari-uygulamalar-calistayi-afis-halk-kutuphaneleri.jpg\"><img loading=\"lazy\" decoding=\"async\" class=\"alignleft size-full wp-image-23095\" src=\"http:\/\/www.bbyhaber.com\/bby\/wp-content\/uploads\/2017\/11\/2017-mimari-uygulamalar-calistayi-afis-halk-kutuphaneleri.jpg\" alt=\"\" width=\"390\" height=\"180\" \/><\/a>Bili\u015fim ve ileti\u015fim teknolojilerindeki h\u0131zl\u0131 ve yo\u011fun geli\u015fmeler bir\u00e7ok kurumu h\u0131zl\u0131 bir de\u011fi\u015fim s\u00fcrecine sokmu\u015ftur. \u015e\u00fcphesiz k\u00fct\u00fcphaneler bu s\u00fcre\u00e7ten en \u00e7ok etkilenen kurumlar\u0131n ba\u015f\u0131nda gelmekte olup, bilgi teknolojilerindeki h\u0131zl\u0131 geli\u015fim ise k\u00fct\u00fcphanelerde sadece sunulan hizmetleri de\u011fil, beraberinde k\u00fct\u00fcphane organizasyonunu, personel politikas\u0131n\u0131, mek\u00e2nsal unsurlar\u0131 ve bunlar\u0131n \u00f6tesinde kullan\u0131c\u0131n\u0131n k\u00fct\u00fcphaneden beklentilerini ve gereksinimlerini de temelden etkilemi\u015ftir.\u00a0<!--more--><\/p>\n<p style=\"font-weight: 400;\">K\u00fct\u00fcphane hizmetlerinin be\u015f ana unsurundan biri olan bina\u2019lar\u0131n, sadece bilgi kaynaklar\u0131n\u0131n korundu\u011fu mek\u00e2nlar olmaktan \u00f6te; kentin k\u00fclt\u00fcrel bir simgesi olan, toplumsal i\u015flevi bulunan, kullan\u0131c\u0131 \u00fczerinde iz b\u0131rakan, modern ara\u00e7 gere\u00e7lerle donat\u0131lm\u0131\u015f estetik ve i\u015flevsel mek\u00e2nlar haline getirilmesi; K\u00fclt\u00fcr ve Turizm Bakanl\u0131\u011f\u0131 K\u00fct\u00fcphaneler ve Yay\u0131mlar Genel M\u00fcd\u00fcrl\u00fc\u011f\u00fc\u2019n\u00fcn \u00f6nemli \u00f6ncelikleri aras\u0131ndad\u0131r.<\/p>\n<p style=\"font-weight: 400;\">Bakanl\u0131\u011f\u0131m\u0131za ba\u011fl\u0131 olarak hizmet veren k\u00fct\u00fcphane binalar\u0131m\u0131z\u0131n; kullan\u0131c\u0131lar\u0131m\u0131z ve potansiyel kullan\u0131c\u0131lar\u0131m\u0131z i\u00e7in \u201ccazibe merkezi\u201d, \u201cbulu\u015fma noktas\u0131\u201d ve \u201cYA\u015eAYAN K\u00dcT\u00dcPHANE\u201d niteli\u011fi kazanmalar\u0131 en b\u00fcy\u00fck hedefimizdir.<\/p>\n<p style=\"font-weight: 400;\">Bu kapsamda; \u00dclkemizdeki halk k\u00fct\u00fcphanelerinin hizmet verdi\u011fi binalar\u0131n sorunlar\u0131n\u0131 daha b\u00fct\u00fcnc\u00fcl bir yakla\u015f\u0131mla de\u011ferlendirilmesi; kamu kaynaklar\u0131n\u0131n etkin ve verimli kullan\u0131lmas\u0131, halk k\u00fct\u00fcphanelerinin hizmet niteli\u011finin y\u00fckseltilmesi ve toplumdaki k\u00fct\u00fcphane alg\u0131s\u0131n\u0131n arzu edilen seviyeye getirilmesi amac\u0131yla\u00a0<strong>Genel M\u00fcd\u00fcrl\u00fc\u011f\u00fcm\u00fcz ev sahipli\u011finde 7-9 Aral\u0131k 2017 tarihleri aras\u0131nda Ankara K\u0131z\u0131lcahamam\u2019da \u201cHalk K\u00fct\u00fcphanelerinde Mimari Uygulamalar \u00c7al\u0131\u015ftay\u0131\u201d d\u00fczenlenecektir.<\/strong><\/p>\n<p><em>Ali ODABA\u015e \u2013 KYGM Genel M\u00fcd\u00fcr Yard\u0131mc\u0131s\u0131<\/em><\/p>\n<p><strong><a href=\"http:\/\/www.bbyhaber.com\/bby\/wp-content\/uploads\/2017\/11\/halk-kutuphanelerinde-mimari-uygulamalar-calistayi.pdf\" target=\"_blank\" rel=\"noopener\">Halk K\u00fct\u00fcphanelerinde Mimari Uygulamalar \u00c7al\u0131\u015ftay\u0131 program i\u00e7eri\u011fi i\u00e7in t\u0131klay\u0131n\u0131z<\/a><\/strong><\/p>\n","protected":false},"excerpt":{"rendered":"<p>Bili\u015fim ve ileti\u015fim teknolojilerindeki h\u0131zl\u0131 ve yo\u011fun geli\u015fmeler bir\u00e7ok kurumu h\u0131zl\u0131 bir de\u011fi\u015fim s\u00fcrecine sokmu\u015ftur. \u015e\u00fcphesiz k\u00fct\u00fcphaneler bu s\u00fcre\u00e7ten en \u00e7ok etkilenen kurumlar\u0131n ba\u015f\u0131nda gelmekte olup, bilgi teknolojilerindeki h\u0131zl\u0131 geli\u015fim ise k\u00fct\u00fcphanelerde sadece sunulan hizmetleri de\u011fil, beraberinde k\u00fct\u00fcphane organizasyonunu, personel politikas\u0131n\u0131, mek\u00e2nsal unsurlar\u0131 ve bunlar\u0131n \u00f6tesinde kullan\u0131c\u0131n\u0131n k\u00fct\u00fcphaneden beklentilerini ve gereksinimlerini de temelden etkilemi\u015ftir.\u00a0<\/p>\n","protected":false},"author":1,"featured_media":23095,"comment_status":"open","ping_status":"open","sticky":false,"template":"","format":"standard","meta":{"footnotes":""},"categories":[],"tags":[1395,848],"class_list":["post-23073","post","type-post","status-publish","format-standard","has-post-thumbnail","hentry","tag-bby-mesleki-etkinlikler-arsivi","tag-halk-kutuphaneleri"],"_links":{"self":[{"href":"https:\/\/www.bbyhaber.com\/bby\/wp-json\/wp\/v2\/posts\/23073"}],"collection":[{"href":"https:\/\/www.bbyhaber.com\/bby\/wp-json\/wp\/v2\/posts"}],"about":[{"href":"https:\/\/www.bbyhaber.com\/bby\/wp-json\/wp\/v2\/types\/post"}],"author":[{"embeddable":true,"href":"https:\/\/www.bbyhaber.com\/bby\/wp-json\/wp\/v2\/users\/1"}],"replies":[{"embeddable":true,"href":"https:\/\/www.bbyhaber.com\/bby\/wp-json\/wp\/v2\/comments?post=23073"}],"version-history":[{"count":9,"href":"https:\/\/www.bbyhaber.com\/bby\/wp-json\/wp\/v2\/posts\/23073\/revisions"}],"predecessor-version":[{"id":23101,"href":"https:\/\/www.bbyhaber.com\/bby\/wp-json\/wp\/v2\/posts\/23073\/revisions\/23101"}],"wp:featuredmedia":[{"embeddable":true,"href":"https:\/\/www.bbyhaber.com\/bby\/wp-json\/wp\/v2\/media\/23095"}],"wp:attachment":[{"href":"https:\/\/www.bbyhaber.com\/bby\/wp-json\/wp\/v2\/media?parent=23073"}],"wp:term":[{"taxonomy":"category","embeddable":true,"href":"https:\/\/www.bbyhaber.com\/bby\/wp-json\/wp\/v2\/categories?post=23073"},{"taxonomy":"post_tag","embeddable":true,"href":"https:\/\/www.bbyhaber.com\/bby\/wp-json\/wp\/v2\/tags?post=23073"}],"curies":[{"name":"wp","href":"https:\/\/api.w.org\/{rel}","templated":true}]}}