{"id":23049,"date":"2017-11-24T16:47:52","date_gmt":"2017-11-24T13:47:52","guid":{"rendered":"http:\/\/www.bbyhaber.com\/bby\/?p=23049"},"modified":"2017-11-24T16:48:05","modified_gmt":"2017-11-24T13:48:05","slug":"tkd-arsiv-uzmani-alimi-icin-cagrida-bulundu-arsivcibbydencikar","status":"publish","type":"post","link":"https:\/\/www.bbyhaber.com\/bby\/2017\/11\/24\/tkd-arsiv-uzmani-alimi-icin-cagrida-bulundu-arsivcibbydencikar","title":{"rendered":"TKD Ar\u015fiv Uzman\u0131 Al\u0131m\u0131 i\u00e7in \u00e7a\u011fr\u0131da bulundu #Ar\u015fivciBBYden\u00e7\u0131kar"},"content":{"rendered":"<p style=\"font-weight: 400;\"><a href=\"http:\/\/www.bbyhaber.com\/bby\/wp-content\/uploads\/2017\/11\/arsiv-uzmani.jpg\"><img loading=\"lazy\" decoding=\"async\" class=\"alignleft size-full wp-image-23050\" src=\"http:\/\/www.bbyhaber.com\/bby\/wp-content\/uploads\/2017\/11\/arsiv-uzmani.jpg\" alt=\"\" width=\"390\" height=\"180\" \/><\/a>T.C. \u00c7evre ve \u015eehircilik Bakanl\u0131\u011f\u0131 Tapu ve Kadastro Genel M\u00fcd\u00fcrl\u00fc\u011f\u00fc 200\u2019\u00fc Ar\u015fiv Uzman\u0131 olmak \u00fczere <strong><a href=\"http:\/\/www.bbyhaber.com\/bby\/2017\/05\/18\/tapu-kadastroya-bin-500-sozlesmeli-personel-alinacak\" target=\"_blank\" rel=\"noopener\">1500 personel al\u0131m\u0131nda bulundu<\/a><\/strong>. Ancak bu personel al\u0131m\u0131n\u0131n 1300\u2019\u00fc ger\u00e7ekle\u015ftirilirken, 200 Ar\u015fiv Uzman\u0131 al\u0131m\u0131n\u0131n yap\u0131laca\u011f\u0131 \u015fehirler ve ki\u015fi say\u0131lar\u0131 belliyken al\u0131m durduruldu. Yap\u0131lan yeni duyuruda 200 Ar\u015fiv Uzman\u0131 al\u0131m\u0131n\u0131n Tapu Kadastro, Harita Kadastro \u00f6n lisans, Tapu ve Kadastro Y\u00fcksek Okulu lisans ile Emlak ve Emlak Y\u00f6netimi b\u00f6l\u00fcmlerinin ba\u015fvuru yapabilece\u011fi a\u00e7\u0131kland\u0131.<!--more--> <strong>Bu b\u00f6l\u00fcmlerin hi\u00e7biri ar\u015fiv \u00fczerine ders almamaktad\u0131r.<\/strong> <strong>Dolay\u0131s\u0131yla ar\u015fiv uzmanl\u0131\u011f\u0131 yetkinlikleri bulunmamaktad\u0131r.<\/strong> <strong>Bundan daha da k\u00f6t\u00fcs\u00fc Ar\u015fiv Uzman\u0131 kadrosunu sahiplenmek isteyen Emlak Y\u00f6netimi mezunlar\u0131 bu konuyla ilgili yetkili ki\u015filerle g\u00f6r\u00fc\u015fmeler yap\u0131p, sosyal medyada kadroyu kendi alanlar\u0131 gibi g\u00f6stermeye y\u00f6nelik payla\u015f\u0131mlarda bulunuyorlar<\/strong>. <strong>Ar\u015fivcilikle ilgili e\u011fitim m\u00fcfredatlar\u0131nda hi\u00e7bir ders bulunmayan 2 y\u0131ll\u0131k b\u00f6l\u00fcm mezunlar\u0131 kadronun kendilerine verilmesi konusunda diretiyorlar. <\/strong><\/p>\n<p style=\"font-weight: 400;\">Biz; Bilgi ve Belge Y\u00f6neticileri olarak 4 y\u0131ll\u0131k lisans s\u00fcresince her y\u0131l ar\u015fiv dersi ald\u0131k. <strong>Hakk\u0131m\u0131z olan kadrolar\u0131 ba\u015fkalar\u0131na verilmesini istemiyoruz<\/strong>. De\u011ferli meslekta\u015flar\u0131m\u0131z, k\u00fct\u00fcphaneciler, dernek \u00fcyeleri, k\u0131ymetli b\u00f6l\u00fcm hocalar\u0131m\u0131z ve ar\u015fiv \u00e7al\u0131\u015fanlar\u0131 l\u00fctfen bizlere destek olun. K\u0131s\u0131tl\u0131 olan \u00e7al\u0131\u015fma alanlar\u0131m\u0131z\u0131n daha da azalmamas\u0131, bu kadronun al\u0131nmas\u0131n\u0131n b\u00fct\u00fcn b\u00f6l\u00fcm mezunlar\u0131m\u0131za yeni bir i\u015f kap\u0131s\u0131 olaca\u011f\u0131 inanc\u0131nday\u0131z.<\/p>\n<p style=\"font-weight: 400;\"><strong>L\u00fctfen sizler bu \u00e7a\u011fr\u0131m\u0131za kulak verin bizlere destek olun. \u00a0<\/strong><\/p>\n<p style=\"font-weight: 400;\">\u00a024 Kas\u0131m 2017 Cuma ak\u015fam\u0131 Tapu Kadastronun alaca\u011f\u0131 200 ki\u015filik personel i\u00e7in saat 20.00\u2019dan itibaren\u00a0<a href=\"https:\/\/twitter.com\/hashtag\/Ar%C5%9FivciBBYden%C3%A7%C4%B1kar?src=hash\" target=\"_blank\" rel=\"noopener\" data-saferedirecturl=\"https:\/\/www.google.com\/url?hl=tr&amp;q=https:\/\/www.facebook.com\/hashtag\/ar%25C5%259Fivcibbyden%25C3%25A7%25C4%25B1kar?source%3Dfeed_text&amp;source=gmail&amp;ust=1511617112238000&amp;usg=AFQjCNFVG4WnWw7a16qRYzCnVR9lelZ3gQ\">#Ar\u015fivciBBYden\u00e7\u0131kar<\/a>\u00a0hashtag\u2019ile\u00a0<a href=\"https:\/\/twitter.com\/sonertufanoglu\" target=\"_blank\" rel=\"noopener\" data-saferedirecturl=\"https:\/\/www.google.com\/url?hl=tr&amp;q=https:\/\/twitter.com\/sonertufanoglu&amp;source=gmail&amp;ust=1511617112238000&amp;usg=AFQjCNHOclmxg_vYHic4I2qJ-Js-jpIpaQ\">@sonertufanoglu<\/a>\u00a0<a href=\"https:\/\/twitter.com\/zaturkoglu\" target=\"_blank\" rel=\"noopener\" data-saferedirecturl=\"https:\/\/www.google.com\/url?hl=tr&amp;q=https:\/\/twitter.com\/zaturkoglu&amp;source=gmail&amp;ust=1511617112238000&amp;usg=AFQjCNGZ2qO170092WMTckM17OPkmTJQ6g\">@zaturkoglu<\/a>\u00a0<a href=\"https:\/\/twitter.com\/mehmetozhaseki\" target=\"_blank\" rel=\"noopener\" data-saferedirecturl=\"https:\/\/www.google.com\/url?hl=tr&amp;q=https:\/\/twitter.com\/mehmetozhaseki&amp;source=gmail&amp;ust=1511617112238000&amp;usg=AFQjCNFZLhnqaQrRqv5rUc3UbY6ufIEPIA\">@mehmetozhaseki<\/a>\u00a0<a href=\"https:\/\/twitter.com\/198277_09290906\" target=\"_blank\" rel=\"noopener\" data-saferedirecturl=\"https:\/\/www.google.com\/url?hl=tr&amp;q=https:\/\/twitter.com\/198277_09290906&amp;source=gmail&amp;ust=1511617112238000&amp;usg=AFQjCNHMd_9eZENIrQxNdjj4C-oY3Yd5-g\">@198277_09290906<\/a>\u00a0<a href=\"https:\/\/twitter.com\/MemurSenKonf\" target=\"_blank\" rel=\"noopener\" data-saferedirecturl=\"https:\/\/www.google.com\/url?hl=tr&amp;q=https:\/\/twitter.com\/MemurSenKonf&amp;source=gmail&amp;ust=1511617112238000&amp;usg=AFQjCNF7MBnOSw7fQHExk5V__bAptc5xTw\">@MemurSenKonf<\/a><a href=\"https:\/\/twitter.com\/BayndrMemurSen\" target=\"_blank\" rel=\"noopener\" data-saferedirecturl=\"https:\/\/www.google.com\/url?hl=tr&amp;q=https:\/\/twitter.com\/BayndrMemurSen&amp;source=gmail&amp;ust=1511617112238000&amp;usg=AFQjCNFaVRsyb49VmTOeHmipNxX4oqVRGA\">@BayndrMemurSen<\/a>\u00a0<a href=\"https:\/\/twitter.com\/tkgmgovtr\" target=\"_blank\" rel=\"noopener\" data-saferedirecturl=\"https:\/\/www.google.com\/url?hl=tr&amp;q=https:\/\/twitter.com\/tkgmgovtr&amp;source=gmail&amp;ust=1511617112238000&amp;usg=AFQjCNEaaEUmZZ0Jk-vWGby_lDDnAen61w\">@tkgmgovtr<\/a>\u00a0<a href=\"https:\/\/twitter.com\/csbgovtr\" target=\"_blank\" rel=\"noopener\" data-saferedirecturl=\"https:\/\/www.google.com\/url?hl=tr&amp;q=https:\/\/twitter.com\/csbgovtr&amp;source=gmail&amp;ust=1511617112238000&amp;usg=AFQjCNHwDlGvIiH8NgFotOBMU1KfVGjwOQ\">@csbgovtr<\/a>\u00a0<a href=\"https:\/\/twitter.com\/CSGBakanligi\" target=\"_blank\" rel=\"noopener\" data-saferedirecturl=\"https:\/\/www.google.com\/url?hl=tr&amp;q=https:\/\/twitter.com\/CSGBakanligi&amp;source=gmail&amp;ust=1511617112238000&amp;usg=AFQjCNEt2y4M4O1GanCbNPcrBwU9nEVppg\">@CSGBakanligi<\/a>\u00a0<a href=\"https:\/\/twitter.com\/arsivdairesi\" target=\"_blank\" rel=\"noopener\" data-saferedirecturl=\"https:\/\/www.google.com\/url?hl=tr&amp;q=https:\/\/twitter.com\/arsivdairesi&amp;source=gmail&amp;ust=1511617112238000&amp;usg=AFQjCNGDBqCaKc3ifJY9wBuIzIAyH6_7pQ\">@arsivdairesi<\/a>\u00a0etiketleyerek bir etkinlik daha yap\u0131yoruz.<\/p>\n<p style=\"font-weight: 400;\"><strong><span style=\"color: #ff0000;\">Kartopu gibi b\u00fcy\u00fcmeye devam ediyoruz. Siz yoksan\u0131z bir ki\u015fi eksi\u011fiz.<\/span><\/strong><\/p>\n","protected":false},"excerpt":{"rendered":"<p>T.C. \u00c7evre ve \u015eehircilik Bakanl\u0131\u011f\u0131 Tapu ve Kadastro Genel M\u00fcd\u00fcrl\u00fc\u011f\u00fc 200\u2019\u00fc Ar\u015fiv Uzman\u0131 olmak \u00fczere 1500 personel al\u0131m\u0131nda bulundu. Ancak bu personel al\u0131m\u0131n\u0131n 1300\u2019\u00fc ger\u00e7ekle\u015ftirilirken, 200 Ar\u015fiv Uzman\u0131 al\u0131m\u0131n\u0131n yap\u0131laca\u011f\u0131 \u015fehirler ve ki\u015fi say\u0131lar\u0131 belliyken al\u0131m durduruldu. Yap\u0131lan yeni duyuruda 200 Ar\u015fiv Uzman\u0131 al\u0131m\u0131n\u0131n Tapu Kadastro, Harita Kadastro \u00f6n lisans, Tapu ve Kadastro Y\u00fcksek Okulu [&hellip;]<\/p>\n","protected":false},"author":1,"featured_media":23050,"comment_status":"open","ping_status":"open","sticky":false,"template":"","format":"standard","meta":{"footnotes":""},"categories":[],"tags":[793,1096,1398],"class_list":["post-23049","post","type-post","status-publish","format-standard","has-post-thumbnail","hentry","tag-arsiv-uzmani","tag-arsivcilik","tag-bby-ozluk-haklari"],"_links":{"self":[{"href":"https:\/\/www.bbyhaber.com\/bby\/wp-json\/wp\/v2\/posts\/23049"}],"collection":[{"href":"https:\/\/www.bbyhaber.com\/bby\/wp-json\/wp\/v2\/posts"}],"about":[{"href":"https:\/\/www.bbyhaber.com\/bby\/wp-json\/wp\/v2\/types\/post"}],"author":[{"embeddable":true,"href":"https:\/\/www.bbyhaber.com\/bby\/wp-json\/wp\/v2\/users\/1"}],"replies":[{"embeddable":true,"href":"https:\/\/www.bbyhaber.com\/bby\/wp-json\/wp\/v2\/comments?post=23049"}],"version-history":[{"count":2,"href":"https:\/\/www.bbyhaber.com\/bby\/wp-json\/wp\/v2\/posts\/23049\/revisions"}],"predecessor-version":[{"id":23052,"href":"https:\/\/www.bbyhaber.com\/bby\/wp-json\/wp\/v2\/posts\/23049\/revisions\/23052"}],"wp:featuredmedia":[{"embeddable":true,"href":"https:\/\/www.bbyhaber.com\/bby\/wp-json\/wp\/v2\/media\/23050"}],"wp:attachment":[{"href":"https:\/\/www.bbyhaber.com\/bby\/wp-json\/wp\/v2\/media?parent=23049"}],"wp:term":[{"taxonomy":"category","embeddable":true,"href":"https:\/\/www.bbyhaber.com\/bby\/wp-json\/wp\/v2\/categories?post=23049"},{"taxonomy":"post_tag","embeddable":true,"href":"https:\/\/www.bbyhaber.com\/bby\/wp-json\/wp\/v2\/tags?post=23049"}],"curies":[{"name":"wp","href":"https:\/\/api.w.org\/{rel}","templated":true}]}}