{"id":23034,"date":"2017-11-21T16:54:23","date_gmt":"2017-11-21T13:54:23","guid":{"rendered":"http:\/\/www.bbyhaber.com\/bby\/?p=23034"},"modified":"2017-12-05T23:45:23","modified_gmt":"2017-12-05T20:45:23","slug":"istanbul-universitesi-uzman-is-ilani-son-basvuru-05-12-2017","status":"publish","type":"post","link":"https:\/\/www.bbyhaber.com\/bby\/2017\/11\/21\/istanbul-universitesi-uzman-is-ilani-son-basvuru-05-12-2017","title":{"rendered":"\u0130stanbul \u00dcniversitesi UZMAN \u0130\u015f \u0130lan\u0131-Son Ba\u015fvuru-05.12.2017"},"content":{"rendered":"<p class=\"m_-3732665463638293653gmail-MsoNoSpacing\"><a href=\"http:\/\/www.bbyhaber.com\/bby\/wp-content\/uploads\/2017\/11\/istanbul-is-ilani.jpg\"><img loading=\"lazy\" decoding=\"async\" class=\"alignleft size-full wp-image-23035\" src=\"http:\/\/www.bbyhaber.com\/bby\/wp-content\/uploads\/2017\/11\/istanbul-is-ilani.jpg\" alt=\"\" width=\"390\" height=\"180\" \/><\/a>\u0130STANBUL \u00dcN\u0130VERS\u0130TES\u0130&#8212;&gt;EDEB\u0130YAT FAK\u00dcLTES\u0130&#8212;&gt;B\u0130LG\u0130 VE BELGE Y\u00d6NET\u0130M\u0130 B\u00d6L\u00dcM\u00dc&#8212;&gt;AR\u015e\u0130VC\u0130L\u0130K ANAB\u0130L\u0130M DALI&#8217;na; &#8220;<strong>Atanacak Aday Rekt\u00f6rl\u00fck K\u00fct\u00fcphane ve D\u00f6k\u00fcmantasyon Daire Ba\u015fkanl\u0131\u011f\u0131nda g\u00f6revlendirilecektir. Bilgi ve Belge Y\u00f6netimi veya K\u00fct\u00fcphanecilik B\u00f6l\u00fcmlerinden Lisans mezunu olup, Bilgi ve Belge Y\u00f6netimi veya K\u00fct\u00fcphanecilik B\u00f6l\u00fcmlerinde Tezli Y\u00fcksek Lisans e\u011fitimini tamamlam\u0131\u015f olmak <span style=\"color: #ff0000;\">veya<\/span> Bilgi ve Belge Y\u00f6netimi veya K\u00fct\u00fcphanecilik alan\u0131nda Lisans e\u011fitiminden sonra en az 2 y\u0131l deneyimli olmak.k.<\/strong>&#8221; \u00f6zel \u015fart\u0131 ile <span style=\"color: #ff0000;\"><strong>1<\/strong>\u00a0<\/span><strong>UZMAN\u00a0<\/strong>al\u0131nacakt\u0131r.<br \/>\n<!--more--><\/p>\n<table style=\"color: #000000; font-family: Arial, Tahoma, Verdana; font-size: 15px; line-height: 18px;\" border=\"1\" width=\"344\" cellspacing=\"0\" cellpadding=\"0\">\n<colgroup>\n<col width=\"233\" \/>\n<col width=\"111\" \/> <\/colgroup>\n<tbody>\n<tr>\n<td width=\"233\" height=\"20\">Kadro Unvan<\/td>\n<td width=\"111\"><strong>UZMAN<\/strong><\/td>\n<\/tr>\n<tr>\n<td height=\"20\">ALES<\/td>\n<td><strong>70<\/strong><\/td>\n<\/tr>\n<tr>\n<td height=\"20\">YDS\/Dengi<\/td>\n<td><b>50<\/b><\/td>\n<\/tr>\n<tr>\n<td height=\"20\">Kadro Say\u0131s\u0131<\/td>\n<td><span style=\"color: #ff0000;\"><b>1<\/b><\/span><\/td>\n<\/tr>\n<tr>\n<td height=\"20\">Kadro Derecesi<\/td>\n<td>1<\/td>\n<\/tr>\n<tr>\n<td height=\"20\">Ba\u015fvuru Tipi<\/td>\n<td><strong>Posta, \u015eahsen<\/strong><\/td>\n<\/tr>\n<tr>\n<td height=\"20\"><strong><span style=\"color: #0000ff;\">\u00d6zel \u015eart<\/span><\/strong><\/td>\n<td style=\"text-align: justify;\"><strong><strong>Atanacak Aday Rekt\u00f6rl\u00fck K\u00fct\u00fcphane ve D\u00f6k\u00fcmantasyon Daire Ba\u015fkanl\u0131\u011f\u0131nda g\u00f6revlendirilecektir. Bilgi ve Belge Y\u00f6netimi veya K\u00fct\u00fcphanecilik B\u00f6l\u00fcmlerinden Lisans mezunu olup, Bilgi ve Belge Y\u00f6netimi veya K\u00fct\u00fcphanecilik B\u00f6l\u00fcmlerinde Tezli Y\u00fcksek Lisans e\u011fitimini tamamlam\u0131\u015f olmak veya Bilgi ve Belge Y\u00f6netimi veya K\u00fct\u00fcphanecilik alan\u0131nda Lisans e\u011fitiminden sonra en az 2 y\u0131l deneyimli olmak.<\/strong><\/strong><\/td>\n<\/tr>\n<tr>\n<td height=\"20\">Ba\u015fvuru Yeri<\/td>\n<td><strong>EDEB\u0130YAT FAK\u00dcLTES\u0130 DEKANLI\u011eI<\/strong><\/td>\n<\/tr>\n<tr>\n<td height=\"20\"><strong style=\"color: #ff0000; font-family: Arial, Tahoma, Verdana; font-size: 15px; line-height: 18px;\">Son Ba\u015fvuru Tarihi<\/strong><\/td>\n<td><span style=\"font-family: Arial, Tahoma, Verdana;\"><span style=\"font-size: 15px;\"><strong>05.12.2017<\/strong><\/span><\/span><\/td>\n<\/tr>\n<tr>\n<td height=\"20\">\u00d6n De\u011ferlendirme Tarihi<\/td>\n<td>08.12.2017<\/td>\n<\/tr>\n<tr>\n<td height=\"20\">S\u0131nav Giri\u015f Tarihi<\/td>\n<td>15.12.2017<\/td>\n<\/tr>\n<tr>\n<td height=\"20\"><span style=\"color: #0000ff;\"><strong>Sonu\u00e7 A\u00e7\u0131klama Tarihi<\/strong><\/span><\/td>\n<td><strong>19.12.2017<\/strong><\/td>\n<\/tr>\n<\/tbody>\n<\/table>\n<p><a href=\"https:\/\/yoksis.yok.gov.tr\/ilansayfa\/?sessionid=62201\" target=\"_blank\" rel=\"noopener noreferrer\"><span style=\"color: #0000ff;\"><strong><span style=\"color: #0000ff;\">Daha fazla bilgi ve belge i\u00e7in t\u0131klay\u0131n\u0131z<\/span><\/strong><\/span><\/a><\/p>\n","protected":false},"excerpt":{"rendered":"<p>\u0130STANBUL \u00dcN\u0130VERS\u0130TES\u0130&#8212;&gt;EDEB\u0130YAT FAK\u00dcLTES\u0130&#8212;&gt;B\u0130LG\u0130 VE BELGE Y\u00d6NET\u0130M\u0130 B\u00d6L\u00dcM\u00dc&#8212;&gt;AR\u015e\u0130VC\u0130L\u0130K ANAB\u0130L\u0130M DALI&#8217;na; &#8220;Atanacak Aday Rekt\u00f6rl\u00fck K\u00fct\u00fcphane ve D\u00f6k\u00fcmantasyon Daire Ba\u015fkanl\u0131\u011f\u0131nda g\u00f6revlendirilecektir. Bilgi ve Belge Y\u00f6netimi veya K\u00fct\u00fcphanecilik B\u00f6l\u00fcmlerinden Lisans mezunu olup, Bilgi ve Belge Y\u00f6netimi veya K\u00fct\u00fcphanecilik B\u00f6l\u00fcmlerinde Tezli Y\u00fcksek Lisans e\u011fitimini tamamlam\u0131\u015f olmak veya Bilgi ve Belge Y\u00f6netimi veya K\u00fct\u00fcphanecilik alan\u0131nda Lisans e\u011fitiminden sonra en az 2 [&hellip;]<\/p>\n","protected":false},"author":1,"featured_media":23035,"comment_status":"open","ping_status":"open","sticky":false,"template":"","format":"standard","meta":{"footnotes":""},"categories":[],"tags":[1393],"class_list":["post-23034","post","type-post","status-publish","format-standard","has-post-thumbnail","hentry","tag-bby-is-ilanlari-arsivi"],"_links":{"self":[{"href":"https:\/\/www.bbyhaber.com\/bby\/wp-json\/wp\/v2\/posts\/23034"}],"collection":[{"href":"https:\/\/www.bbyhaber.com\/bby\/wp-json\/wp\/v2\/posts"}],"about":[{"href":"https:\/\/www.bbyhaber.com\/bby\/wp-json\/wp\/v2\/types\/post"}],"author":[{"embeddable":true,"href":"https:\/\/www.bbyhaber.com\/bby\/wp-json\/wp\/v2\/users\/1"}],"replies":[{"embeddable":true,"href":"https:\/\/www.bbyhaber.com\/bby\/wp-json\/wp\/v2\/comments?post=23034"}],"version-history":[{"count":2,"href":"https:\/\/www.bbyhaber.com\/bby\/wp-json\/wp\/v2\/posts\/23034\/revisions"}],"predecessor-version":[{"id":23041,"href":"https:\/\/www.bbyhaber.com\/bby\/wp-json\/wp\/v2\/posts\/23034\/revisions\/23041"}],"wp:featuredmedia":[{"embeddable":true,"href":"https:\/\/www.bbyhaber.com\/bby\/wp-json\/wp\/v2\/media\/23035"}],"wp:attachment":[{"href":"https:\/\/www.bbyhaber.com\/bby\/wp-json\/wp\/v2\/media?parent=23034"}],"wp:term":[{"taxonomy":"category","embeddable":true,"href":"https:\/\/www.bbyhaber.com\/bby\/wp-json\/wp\/v2\/categories?post=23034"},{"taxonomy":"post_tag","embeddable":true,"href":"https:\/\/www.bbyhaber.com\/bby\/wp-json\/wp\/v2\/tags?post=23034"}],"curies":[{"name":"wp","href":"https:\/\/api.w.org\/{rel}","templated":true}]}}