{"id":23025,"date":"2016-10-20T13:15:53","date_gmt":"2016-10-20T10:15:53","guid":{"rendered":"http:\/\/www.bbyhaber.com\/bby\/?p=23025"},"modified":"2019-07-29T13:11:20","modified_gmt":"2019-07-29T10:11:20","slug":"5-ulusal-acik-erisim-konferansi-ae2016","status":"publish","type":"post","link":"https:\/\/www.bbyhaber.com\/bby\/2016\/10\/20\/5-ulusal-acik-erisim-konferansi-ae2016","title":{"rendered":"5. Ulusal A\u00e7\u0131k Eri\u015fim Konferans\u0131\u00a0(AE2016)"},"content":{"rendered":"<p class=\"rtejustify\"><strong><em>5. Ulusal A\u00e7\u0131k Eri\u015fim Konferans\u0131<\/em><\/strong>\u00a0(<strong><em>AE2016<\/em><\/strong>) T\u00fcrkiye Bilimsel ve Teknolojik Ara\u015ft\u0131rma Kurumu (T\u00dcB\u0130TAK) ev sahipli\u011finde Anadolu \u00dcniversite K\u00fct\u00fcphaneleri Konsorsiyumu (ANKOS), Hacettepe \u00dcniversitesi, \u0130zmir Y\u00fcksek Teknoloji Enstit\u00fcs\u00fc (\u0130YTE) i\u015fbirli\u011fi ile 27 Ekim 2016 \u00a0tarihlerinde ve 342 delegenin kat\u0131l\u0131m\u0131 ile Ankara\u2019da ger\u00e7ekle\u015ftirilmi\u015ftir.<!--more--><\/p>\n<p class=\"rtejustify\">Konferans a\u00e7\u0131l\u0131\u015f\u0131 Say\u0131n\u00a0<strong><em>T\u00dcB\u0130TAK Ba\u015fkan Yard\u0131mc\u0131s\u0131 Prof. Dr. Erol ARCAKLIO\u011eLU\u00a0<\/em><\/strong>\u00a0taraf\u0131ndan ger\u00e7ekle\u015ftirilmi\u015f ve konferansta a\u00e7\u0131k bilim, a\u00e7\u0131k eri\u015fim kavramlar\u0131 \u00e7evresinde kamu kaynaklar\u0131yla desteklenen bilimsel yay\u0131n ve veriye herkesin \u00fccretsiz olarak eri\u015febilmesi, bu yay\u0131n ve verinin kurumsal dijital ar\u015fivler arac\u0131l\u0131\u011f\u0131yla eri\u015fime a\u00e7\u0131lmas\u0131, a\u00e7\u0131k bilim ve a\u00e7\u0131k eri\u015fim uygulamalar\u0131 i\u00e7in gereken politika, strateji, mevzuat, standart ve yaz\u0131l\u0131m alt yap\u0131lar\u0131 tart\u0131\u015f\u0131lm\u0131\u015ft\u0131r.<\/p>\n","protected":false},"excerpt":{"rendered":"<p>5. Ulusal A\u00e7\u0131k Eri\u015fim Konferans\u0131\u00a0(AE2016) T\u00fcrkiye Bilimsel ve Teknolojik Ara\u015ft\u0131rma Kurumu (T\u00dcB\u0130TAK) ev sahipli\u011finde Anadolu \u00dcniversite K\u00fct\u00fcphaneleri Konsorsiyumu (ANKOS), Hacettepe \u00dcniversitesi, \u0130zmir Y\u00fcksek Teknoloji Enstit\u00fcs\u00fc (\u0130YTE) i\u015fbirli\u011fi ile 27 Ekim 2016 \u00a0tarihlerinde ve 342 delegenin kat\u0131l\u0131m\u0131 ile Ankara\u2019da ger\u00e7ekle\u015ftirilmi\u015ftir.<\/p>\n","protected":false},"author":1,"featured_media":0,"comment_status":"open","ping_status":"open","sticky":false,"template":"","format":"standard","meta":{"footnotes":""},"categories":[1472,1473,1],"tags":[],"class_list":["post-23025","post","type-post","status-publish","format-standard","hentry","category-acik-arsiv","category-acik-erisim","category-genel"],"_links":{"self":[{"href":"https:\/\/www.bbyhaber.com\/bby\/wp-json\/wp\/v2\/posts\/23025"}],"collection":[{"href":"https:\/\/www.bbyhaber.com\/bby\/wp-json\/wp\/v2\/posts"}],"about":[{"href":"https:\/\/www.bbyhaber.com\/bby\/wp-json\/wp\/v2\/types\/post"}],"author":[{"embeddable":true,"href":"https:\/\/www.bbyhaber.com\/bby\/wp-json\/wp\/v2\/users\/1"}],"replies":[{"embeddable":true,"href":"https:\/\/www.bbyhaber.com\/bby\/wp-json\/wp\/v2\/comments?post=23025"}],"version-history":[{"count":2,"href":"https:\/\/www.bbyhaber.com\/bby\/wp-json\/wp\/v2\/posts\/23025\/revisions"}],"predecessor-version":[{"id":26934,"href":"https:\/\/www.bbyhaber.com\/bby\/wp-json\/wp\/v2\/posts\/23025\/revisions\/26934"}],"wp:attachment":[{"href":"https:\/\/www.bbyhaber.com\/bby\/wp-json\/wp\/v2\/media?parent=23025"}],"wp:term":[{"taxonomy":"category","embeddable":true,"href":"https:\/\/www.bbyhaber.com\/bby\/wp-json\/wp\/v2\/categories?post=23025"},{"taxonomy":"post_tag","embeddable":true,"href":"https:\/\/www.bbyhaber.com\/bby\/wp-json\/wp\/v2\/tags?post=23025"}],"curies":[{"name":"wp","href":"https:\/\/api.w.org\/{rel}","templated":true}]}}