{"id":23022,"date":"2017-11-21T13:34:37","date_gmt":"2017-11-21T10:34:37","guid":{"rendered":"http:\/\/www.bbyhaber.com\/bby\/?p=23022"},"modified":"2018-10-15T12:52:17","modified_gmt":"2018-10-15T09:52:17","slug":"6-ulusal-acik-erisim-konferansi-sonuc-bildirgesi","status":"publish","type":"post","link":"https:\/\/www.bbyhaber.com\/bby\/2017\/11\/21\/6-ulusal-acik-erisim-konferansi-sonuc-bildirgesi","title":{"rendered":"6. Ulusal A\u00e7\u0131k Eri\u015fim Konferans\u0131 Sonu\u00e7 Bildirgesi"},"content":{"rendered":"<p><a href=\"http:\/\/www.bbyhaber.com\/bby\/wp-content\/uploads\/2017\/11\/yillara-gore-ae-katilimci.jpg\"><img loading=\"lazy\" decoding=\"async\" class=\"alignleft size-full wp-image-23030\" src=\"http:\/\/www.bbyhaber.com\/bby\/wp-content\/uploads\/2017\/11\/yillara-gore-ae-katilimci.jpg\" alt=\"\" width=\"390\" height=\"180\" \/><\/a>\u201c6. Ulusal A\u00e7\u0131k Eri\u015fim Konferans\u0131 ve OpenAIRE2020 \u00c7al\u0131\u015ftay\u0131\u201d t\u00fcm d\u00fcnyada say\u0131s\u0131z etkinlikle kutlanan A\u00e7\u0131k Eri\u015fim haftas\u0131nda 24-26 Ekim 2017 tarihleri aras\u0131nda \u0130zmir Y\u00fcksek Teknoloji Ensit\u00fct\u00fcs\u00fc (\u0130YTE) ev sahipli\u011finde Ege \u00dcniversitesi Atat\u00fcrk K\u00fclt\u00fcr Merkezi, Konak, \u0130zmir\u2019de 320 ki\u015finin kat\u0131l\u0131m\u0131 ile ger\u00e7ekle\u015ftirildi. Canl\u0131 yay\u0131n yap\u0131lan konferans\u0131 584 ki\u015fi de web \u00fczerinden takip etme imkan\u0131 buldu.<!--more--><\/p>\n<p><strong>Yukar\u0131daki y\u0131llara g\u00f6re A\u00e7\u0131k Eri\u015fim \u00c7al\u0131\u015ftay\u0131 kat\u0131l\u0131mc\u0131 say\u0131lar\u0131n\u0131 g\u00f6steren grafi\u011fi incelemeniz m\u00fcmk\u00fcnd\u00fcr. <\/strong><\/p>\n<p>sa\u011flayan \u201cDaha \u0130yi Bir Gelecek \u0130\u00e7in A\u00e7\u0131k Bilim\u201d temas\u0131 ile d\u00fczenlenen \u201c6. Ulusal A\u00e7\u0131k Eri\u015fim Konferans\u0131 ve OpenAIRE2020 \u00c7al\u0131\u015ftay\u0131\u201d \u0130YTE K\u00fct\u00fcphane ve Dok\u00fcmantasyon Daire Ba\u015fkan\u0131 ve OpenAIRE2020 T\u00fcrkiye proje y\u00f6neticisi G\u00fcltekin G\u00fcrdal\u2019\u0131n ve \u0130YTE Rekt\u00f6r\u00fc Prof.Dr. Mustafa G\u00fcden\u2019in a\u00e7\u0131k bilimin \u0130YTE ve t\u00fcm d\u00fcnya i\u00e7in \u00f6neminden bahsettikleri a\u00e7\u0131l\u0131\u015f konu\u015fmalar\u0131 ile ba\u015flad\u0131.<\/p>\n<p>A\u00e7\u0131l\u0131\u015f konu\u015fmalar\u0131n\u0131n ard\u0131ndan, davetli konu\u015fmac\u0131 TTGV Ba\u015fkan\u0131 ve Vestel y\u00f6netim kurulu \u00fcyesi Cengiz Ultav i\u015f d\u00fcnyas\u0131 i\u00e7in a\u00e7\u0131k bilimin, a\u00e7\u0131k verinin \u00f6nemine vurgu yaparak \u00f6rneklerle anlatt\u0131.<\/p>\n<p>Yurt i\u00e7i ve yurt d\u0131\u015f\u0131ndan alan\u0131nda uzman ve sayg\u0131n konu\u015fmac\u0131lar\u0131n yer ald\u0131\u011f\u0131 AE2017 ve OpenAIRE2020 \u00c7al\u0131\u015ftay\u0131\u2019n\u0131n ilk oturumunda s\u0131ras\u0131yla; COAR (Conferedation of Open Access Repositories)\u2019dan \u0130lkay G\u00fcrb\u00fcz Holt, A\u00e7\u0131k Bilim, A\u00e7\u0131k Eri\u015fim konusunda d\u00fcnyadaki geli\u015fmelerden bahsetti. Minho \u00dcniversitesi, A\u00e7\u0131k Bilim Projeleri Ofisi\u2019nde bilgi uzman\u0131 olarak g\u00f6rev yapan OpenAIRE2020 G\u00fcney Avrupa B\u00f6lge Sorumlusu Pedro Pr\u00edncipe ara\u015ft\u0131rma verisi, y\u00f6netimi, a\u00e7\u0131k veri ve Zenodo ile ilgili de\u011ferli bilgiler payla\u015ft\u0131. Hacettepe \u00dcniversitesi Bilgi Belge Y\u00f6netimi B\u00f6l\u00fcm\u00fc\u2019nden Prof.Dr. Ya\u015far Tonta; a\u00e7\u0131k bilim, ara\u015ft\u0131rma verilerinin y\u00f6netimi ve k\u00fct\u00fcphaneler ba\u015fl\u0131kl\u0131 sunumu ile kat\u0131l\u0131mc\u0131lar\u0131n ufkunu a\u00e7an bilgiler verdi.<\/p>\n<p>\u00d6\u011fleden sonraki oturumda; Hacettepe \u00dcniversitesi Bilgi Belge Y\u00f6netimi B\u00f6l\u00fcm\u00fc\u2019nden Ar. G\u00f6r. G\u00fcleda Do\u011fan, A\u00e7\u0131k Eri\u015fim politikalar\u0131 ile ilgili T\u00fcrkiye\u2019nin durumunu ortaya koyarken yine ayn\u0131 b\u00f6l\u00fcmden Ar. G\u00f6r. Zehra Ta\u015fk\u0131n T\u00fcrkiye\u2019de Ara\u015ft\u0131rma Veri Y\u00f6netimi ile ilgili yapm\u0131\u015f olduklar\u0131 ankete ili\u015fkin ilgin\u00e7 sonu\u00e7lar\u0131 payla\u015ft\u0131. T\u00dcB\u0130TAK ULAKB\u0130M M\u00fcd\u00fcr\u00fc Mirat Sato\u011flu ise T\u00dcB\u0130TAK\u2019ta A\u00e7\u0131k Bilim konusunda son d\u00f6nemde yap\u0131lan \u00e7al\u0131\u015fmalar konusunda bilgi verdi.<\/p>\n<p>Toplant\u0131n\u0131n beklenen oturumlar\u0131 aras\u0131nda yer alan panel ba\u015fkanl\u0131\u011f\u0131n\u0131 \u0130YTE Rekt\u00f6r\u00fc Prof.Dr. Mustafa G\u00fcden\u2019in yapt\u0131\u011f\u0131 \u201cDaha iyi bir gelecek i\u00e7in a\u00e7\u0131k bilim\u201d ba\u015fl\u0131kl\u0131 Rekt\u00f6rler paneline; yedi \u00fcniversitenin rekt\u00f6r\u00fc kat\u0131larak, a\u00e7\u0131k eri\u015fim, a\u00e7\u0131k bilim konusundaki g\u00f6r\u00fc\u015flerini ve bu konuda \u00fcniversitelerinde yap\u0131lan \u00e7al\u0131\u015fmalar\u0131 anlatt\u0131lar.<\/p>\n<p>G\u00fcn\u00fcn son oturumunda; COAR Yeni Nesil Ar\u015fivler Grubu \u00fcyesi ve Dublin Core Metadata Initiative (DCMI) Y\u00f6netici Direkt\u00f6r\u00fc Paul Walk, yeni nesil kurumsal akademik ar\u015fivler, Pedro Pr\u00edncipe A\u00e7\u0131k bilim i\u00e7in OpenAIRE servis ve hizmetleri ve A\u00e7\u0131k \u0130novasyon Derne\u011fi\u2019nden Murat K.Girgin A\u00e7\u0131k \u0130novasyon ile ilgili bilgiler payla\u015ft\u0131.<br \/>\nG\u00fcn\u00fcn sonunda, \u0130YTE Halk Danslar\u0131n\u0131n muhte\u015fem g\u00f6sterisi b\u00fcy\u00fck ilgi g\u00f6rd\u00fc.<\/p>\n<p>Konferans\u0131n ikinci g\u00fcn\u00fc G\u00fcltekin G\u00fcrdal\u2019\u0131n \u201cAra\u015ft\u0131rma Bilgi Sistemleri ve OpenAIRE\u201d ba\u015fl\u0131kl\u0131 sunumunun ard\u0131ndan, A\u00e7\u0131k Veri ve Veri Gazetecili\u011fi Derne\u011fi (AVVGD) Y\u00f6netim Kurulu Ba\u015fkan\u0131 ve Kadir Has \u00dcniversitesi Yeni Medya B\u00f6l\u00fcm\u00fc\u2019nden \u00d6\u011fr. G\u00f6r. P\u0131nar Da\u011f G\u00fcnl\u00fck hayat\u0131n ve akademinin i\u00e7inde &#8220;veri&#8221; kavram\u0131, a\u00e7\u0131k verinin alanlar\u0131, payla\u015f\u0131m \u015fekil ve y\u00f6ntemleri, veri okuryazarl\u0131\u011f\u0131, gazetecili\u011fi, y\u00fcksek kamu yarar\u0131na sunulan a\u00e7\u0131k verinin kullan\u0131m\u0131, \u0130T\u00dc\u2019den Zeki \u00c7elikba\u015f ise veri biliminin \u00f6nemi konusunda bilgiler verdi.<\/p>\n<p>Creative Commons ve DSpace \u00c7al\u0131\u015ftaylar\u0131n\u0131n ard\u0131ndan G\u00fcltekin G\u00fcrdal\u2019\u0131n kapan\u0131\u015f konu\u015fmas\u0131 ile AE2017 ve OpenAIRE2020 \u00c7al\u0131\u015ftay\u0131 sona erdi.<\/p>\n<p>6. A\u00e7\u0131k Eri\u015fim Konferans\u0131 T\u00fcrkiye\u2019de a\u00e7\u0131k eri\u015fim, a\u00e7\u0131k veri, a\u00e7\u0131k yaz\u0131l\u0131m, a\u00e7\u0131k inovasyon ve a\u00e7\u0131k lisanslar konusunda \u00e7al\u0131\u015fan ki\u015fileri, organizasyon temsilcilerini ve ara\u015ft\u0131rma kurumlar\u0131ndan \u00fcst d\u00fczey yetkilileri bir araya getirmesi bak\u0131m\u0131ndan oldu\u011fu kadar, a\u00e7\u0131k bilimin bir \u015femsiye kavram olarak t\u00fcm payda\u015flarca tart\u0131\u015f\u0131lmas\u0131n\u0131 sa\u011flamas\u0131 a\u00e7\u0131s\u0131ndan \u00f6nemli bir etkinlik oldu.<\/p>\n<p>Toplant\u0131ya ait t\u00fcm sunumlar, videolar ve toplant\u0131 sonu\u00e7 bildirgeleri (\u0130ngilizce ve T\u00fcrk\u00e7e) toplant\u0131 web sitesine koyulmu\u015ftur.<\/p>\n<p style=\"text-align: justify;\"><strong><span style=\"color: #ff0000;\">Ge\u00e7mi\u015fte yap\u0131lan \u00e7al\u0131\u015ftaylar\u0131n sonu\u00e7 bildirgeleri a\u015fa\u011f\u0131dad\u0131r:<\/span><\/strong><\/p>\n<p><a href=\"http:\/\/www.bbyhaber.com\/bby\/wp-content\/uploads\/dosyalar\/acikerisim\/belgeler\/1-ulusal-acik-erisim-calistayi-sonuc-bildirgesi-tr.pdf\" target=\"_blank\" rel=\"noopener\">1.Ulusal A\u00e7\u0131k Eri\u015fim \u00c7al\u0131\u015ftay\u0131 Sonu\u00e7 Bildirgesi<\/a>\u00a0(9 Kas\u0131m 2012)<\/p>\n<p><a href=\"http:\/\/www.bbyhaber.com\/bby\/wp-content\/uploads\/dosyalar\/acikerisim\/belgeler\/2-ulusal-acik-erisim-calistayi-sonuc-bildirgesi-tr.pdf\" target=\"_blank\" rel=\"noopener\">2.Ulusal A\u00e7\u0131k Eri\u015fim \u00c7al\u0131\u015ftay\u0131 Sonu\u00e7 Bildirgesi<\/a>\u00a0(22 Ekim 2013)<\/p>\n<p><a href=\"http:\/\/www.bbyhaber.com\/bby\/wp-content\/uploads\/dosyalar\/acikerisim\/belgeler\/3-ulusal-acik-erisim-calistayi-sonuc-bildirgesi-tr.pdf\" target=\"_blank\" rel=\"noopener\">3.Ulusal A\u00e7\u0131k Eri\u015fim \u00c7al\u0131\u015ftay\u0131 Sonu\u00e7 Bildirgesi<\/a>\u00a0(21 Ekim 2014)<\/p>\n<p><a href=\"http:\/\/bbyhaber.com\/bby\/wp-content\/uploads\/dosyalar\/acikerisim\/belgeler\/4-ulusal-acik-erisim-calistayi-sonuc-bildirgesi-tr.pdf\" target=\"_blank\" rel=\"noopener\">4.Ulusal A\u00e7\u0131k Eri\u015fim \u00c7al\u0131\u015ftay\u0131 Sonu\u00e7 Bildirgesi<\/a>\u00a0(21 Ekim 2015)<\/p>\n<p><a href=\"http:\/\/www.bbyhaber.com\/bby\/2016\/10\/20\/5-ulusal-acik-erisim-konferansi-ae2016\" target=\"_blank\" rel=\"noopener\">5.Ulusal A\u00e7\u0131k Eri\u015fim \u00c7al\u0131\u015ftay\u0131 Sonu\u00e7 Bildirgesi<\/a>\u00a0(20 Ekim 2016)<\/p>\n","protected":false},"excerpt":{"rendered":"<p>\u201c6. Ulusal A\u00e7\u0131k Eri\u015fim Konferans\u0131 ve OpenAIRE2020 \u00c7al\u0131\u015ftay\u0131\u201d t\u00fcm d\u00fcnyada say\u0131s\u0131z etkinlikle kutlanan A\u00e7\u0131k Eri\u015fim haftas\u0131nda 24-26 Ekim 2017 tarihleri aras\u0131nda \u0130zmir Y\u00fcksek Teknoloji Ensit\u00fct\u00fcs\u00fc (\u0130YTE) ev sahipli\u011finde Ege \u00dcniversitesi Atat\u00fcrk K\u00fclt\u00fcr Merkezi, Konak, \u0130zmir\u2019de 320 ki\u015finin kat\u0131l\u0131m\u0131 ile ger\u00e7ekle\u015ftirildi. Canl\u0131 yay\u0131n yap\u0131lan konferans\u0131 584 ki\u015fi de web \u00fczerinden takip etme imkan\u0131 buldu.<\/p>\n","protected":false},"author":1,"featured_media":23030,"comment_status":"open","ping_status":"open","sticky":false,"template":"","format":"standard","meta":{"footnotes":""},"categories":[1472,1473,1],"tags":[1088],"class_list":["post-23022","post","type-post","status-publish","format-standard","has-post-thumbnail","hentry","category-acik-arsiv","category-acik-erisim","category-genel","tag-gultekin-gurdal"],"_links":{"self":[{"href":"https:\/\/www.bbyhaber.com\/bby\/wp-json\/wp\/v2\/posts\/23022"}],"collection":[{"href":"https:\/\/www.bbyhaber.com\/bby\/wp-json\/wp\/v2\/posts"}],"about":[{"href":"https:\/\/www.bbyhaber.com\/bby\/wp-json\/wp\/v2\/types\/post"}],"author":[{"embeddable":true,"href":"https:\/\/www.bbyhaber.com\/bby\/wp-json\/wp\/v2\/users\/1"}],"replies":[{"embeddable":true,"href":"https:\/\/www.bbyhaber.com\/bby\/wp-json\/wp\/v2\/comments?post=23022"}],"version-history":[{"count":3,"href":"https:\/\/www.bbyhaber.com\/bby\/wp-json\/wp\/v2\/posts\/23022\/revisions"}],"predecessor-version":[{"id":23033,"href":"https:\/\/www.bbyhaber.com\/bby\/wp-json\/wp\/v2\/posts\/23022\/revisions\/23033"}],"wp:featuredmedia":[{"embeddable":true,"href":"https:\/\/www.bbyhaber.com\/bby\/wp-json\/wp\/v2\/media\/23030"}],"wp:attachment":[{"href":"https:\/\/www.bbyhaber.com\/bby\/wp-json\/wp\/v2\/media?parent=23022"}],"wp:term":[{"taxonomy":"category","embeddable":true,"href":"https:\/\/www.bbyhaber.com\/bby\/wp-json\/wp\/v2\/categories?post=23022"},{"taxonomy":"post_tag","embeddable":true,"href":"https:\/\/www.bbyhaber.com\/bby\/wp-json\/wp\/v2\/tags?post=23022"}],"curies":[{"name":"wp","href":"https:\/\/api.w.org\/{rel}","templated":true}]}}