{"id":23018,"date":"2017-09-20T13:19:34","date_gmt":"2017-09-20T10:19:34","guid":{"rendered":"http:\/\/www.bbyhaber.com\/bby\/?p=23018"},"modified":"2017-11-20T13:24:29","modified_gmt":"2017-11-20T10:24:29","slug":"turk-kutuphaneciligi-dergisi-cilt-31-sayi-3-2017-yayinlandi","status":"publish","type":"post","link":"https:\/\/www.bbyhaber.com\/bby\/2017\/09\/20\/turk-kutuphaneciligi-dergisi-cilt-31-sayi-3-2017-yayinlandi","title":{"rendered":"T\u00fcrk K\u00fct\u00fcphanecili\u011fi Dergisi: Cilt 31, Say\u0131 3 (2017) yay\u0131nland\u0131"},"content":{"rendered":"<p style=\"text-align: justify;\"><a href=\"http:\/\/www.bbyhaber.com\/bby\/wp-content\/uploads\/2017\/11\/tk2017-3.png\"><img loading=\"lazy\" decoding=\"async\" class=\"alignleft size-full wp-image-23019\" src=\"http:\/\/www.bbyhaber.com\/bby\/wp-content\/uploads\/2017\/11\/tk2017-3.png\" alt=\"\" width=\"390\" height=\"180\" \/><\/a>T\u00fcrk K\u00fct\u00fcphanecili\u011fi Dergisi\u2019nin 2017 y\u0131l\u0131na ait \u00fc\u00e7\u00fcn\u00fc say\u0131s\u0131 yay\u0131nland\u0131- \u201c<strong><a href=\"http:\/\/tk.org.tr\/index.php\/TK\/issue\/view\/278\/showToc\" target=\"_blank\" rel=\"noopener noreferrer\">Cilt 31, Say\u0131 3\u00a0(2017)<\/a><\/strong>\u201d<\/p>\n<p style=\"text-align: justify;\">Yeni say\u0131y\u0131 okumak i\u00e7in <strong><a href=\"http:\/\/tk.org.tr\/index.php\/TK\/issue\/view\/278\/showToc\" target=\"_blank\" rel=\"noopener noreferrer\">l\u00fctfen t\u0131klay\u0131n\u0131z.<\/a><\/strong><\/p>\n","protected":false},"excerpt":{"rendered":"<p>T\u00fcrk K\u00fct\u00fcphanecili\u011fi Dergisi\u2019nin 2017 y\u0131l\u0131na ait \u00fc\u00e7\u00fcn\u00fc say\u0131s\u0131 yay\u0131nland\u0131- \u201cCilt 31, Say\u0131 3\u00a0(2017)\u201d Yeni say\u0131y\u0131 okumak i\u00e7in l\u00fctfen t\u0131klay\u0131n\u0131z.<\/p>\n","protected":false},"author":1,"featured_media":23019,"comment_status":"open","ping_status":"open","sticky":false,"template":"","format":"standard","meta":{"footnotes":""},"categories":[],"tags":[1416],"class_list":["post-23018","post","type-post","status-publish","format-standard","has-post-thumbnail","hentry","tag-turk-kutuphaneciligi"],"_links":{"self":[{"href":"https:\/\/www.bbyhaber.com\/bby\/wp-json\/wp\/v2\/posts\/23018"}],"collection":[{"href":"https:\/\/www.bbyhaber.com\/bby\/wp-json\/wp\/v2\/posts"}],"about":[{"href":"https:\/\/www.bbyhaber.com\/bby\/wp-json\/wp\/v2\/types\/post"}],"author":[{"embeddable":true,"href":"https:\/\/www.bbyhaber.com\/bby\/wp-json\/wp\/v2\/users\/1"}],"replies":[{"embeddable":true,"href":"https:\/\/www.bbyhaber.com\/bby\/wp-json\/wp\/v2\/comments?post=23018"}],"version-history":[{"count":1,"href":"https:\/\/www.bbyhaber.com\/bby\/wp-json\/wp\/v2\/posts\/23018\/revisions"}],"predecessor-version":[{"id":23020,"href":"https:\/\/www.bbyhaber.com\/bby\/wp-json\/wp\/v2\/posts\/23018\/revisions\/23020"}],"wp:featuredmedia":[{"embeddable":true,"href":"https:\/\/www.bbyhaber.com\/bby\/wp-json\/wp\/v2\/media\/23019"}],"wp:attachment":[{"href":"https:\/\/www.bbyhaber.com\/bby\/wp-json\/wp\/v2\/media?parent=23018"}],"wp:term":[{"taxonomy":"category","embeddable":true,"href":"https:\/\/www.bbyhaber.com\/bby\/wp-json\/wp\/v2\/categories?post=23018"},{"taxonomy":"post_tag","embeddable":true,"href":"https:\/\/www.bbyhaber.com\/bby\/wp-json\/wp\/v2\/tags?post=23018"}],"curies":[{"name":"wp","href":"https:\/\/api.w.org\/{rel}","templated":true}]}}