{"id":22999,"date":"2017-11-17T13:33:01","date_gmt":"2017-11-17T10:33:01","guid":{"rendered":"http:\/\/www.bbyhaber.com\/bby\/?p=22999"},"modified":"2017-11-17T13:39:37","modified_gmt":"2017-11-17T10:39:37","slug":"ereglide-cocuk-kutuphanesi-protokolu-imzalandi","status":"publish","type":"post","link":"https:\/\/www.bbyhaber.com\/bby\/2017\/11\/17\/ereglide-cocuk-kutuphanesi-protokolu-imzalandi","title":{"rendered":"Ere\u011fli&#8217;de \u00c7ocuk K\u00fct\u00fcphanesi Protokol\u00fc \u0130mzaland\u0131"},"content":{"rendered":"<p><a href=\"http:\/\/www.bbyhaber.com\/bby\/wp-content\/uploads\/2017\/11\/eregli-de-cocuk-kutuphanesi.jpeg\"><img loading=\"lazy\" decoding=\"async\" class=\"alignleft size-full wp-image-23000\" src=\"http:\/\/www.bbyhaber.com\/bby\/wp-content\/uploads\/2017\/11\/eregli-de-cocuk-kutuphanesi.jpeg\" alt=\"\" width=\"390\" height=\"180\" \/><\/a>Konya\u2019n\u0131n Ere\u011fli \u0130l\u00e7e Belediyesi ile Konya \u0130l K\u00fclt\u00fcr ve Turizm M\u00fcd\u00fcrl\u00fc\u011f\u00fc aras\u0131nda O\u011fuz Ata S\u00fcmer Tesisleri\u2019ne yap\u0131lacak olan \u00c7ocuk K\u00fct\u00fcphanesi protokol\u00fc imzaland\u0131. Ere\u011fli\u2019ye ilkleri ya\u015fatmaya devam ettiklerini ifade eden Ere\u011fli Belediye Ba\u015fkan\u0131 \u00d6zkan \u00d6zg\u00fcven,<!--more-->\u201c\u00c7ocuklar\u0131m\u0131z bizim en k\u0131ymetli hazinemizdir. Onlar\u0131 en iyi \u015fekilde yeti\u015ftirmek, onlar\u0131n geli\u015fimine katk\u0131 sa\u011flayacak projeleri ger\u00e7ekle\u015ftirmek i\u00e7in \u00e7aba g\u00f6steriyoruz. Bu kapsamda K\u00fclt\u00fcr ve Turizm Bakanl\u0131\u011f\u0131m\u0131zla yapt\u0131\u011f\u0131m\u0131z g\u00f6r\u00fc\u015fmeler neticesinde Belediyemiz O\u011fuz Ata S\u00fcmer Tesisleri i\u00e7erisinde g\u00fczel bir \u00c7ocuk K\u00fct\u00fcphanesi yapmak i\u00e7in Konya \u0130l K\u00fclt\u00fcr ve Turizm M\u00fcd\u00fcr\u00fcm\u00fcz Abd\u00fcssettar Yarar Bey\u2019le Protokol \u0130mzalad\u0131k. Bu proje ile \u00e7ocuklar\u0131m\u0131za g\u00fczel bir k\u00fct\u00fcphane olu\u015fturaca\u011f\u0131z. \u00c7ocuklar\u0131m\u0131z\u0131n arad\u0131klar\u0131n\u0131 bulabilecekleri, derslerini yapabilecekleri k\u00fct\u00fcphanemizi en k\u0131sa zamanda hizmete a\u00e7aca\u011f\u0131z. Ere\u011flimize hay\u0131rl\u0131 u\u011furlu olsun\u201d dedi.<\/p>\n<p><a href=\"http:\/\/www.milliyet.com.tr\/\" target=\"_blank\" rel=\"noopener\">Kaynak<\/a><\/p>\n","protected":false},"excerpt":{"rendered":"<p>Konya\u2019n\u0131n Ere\u011fli \u0130l\u00e7e Belediyesi ile Konya \u0130l K\u00fclt\u00fcr ve Turizm M\u00fcd\u00fcrl\u00fc\u011f\u00fc aras\u0131nda O\u011fuz Ata S\u00fcmer Tesisleri\u2019ne yap\u0131lacak olan \u00c7ocuk K\u00fct\u00fcphanesi protokol\u00fc imzaland\u0131. Ere\u011fli\u2019ye ilkleri ya\u015fatmaya devam ettiklerini ifade eden Ere\u011fli Belediye Ba\u015fkan\u0131 \u00d6zkan \u00d6zg\u00fcven,<\/p>\n","protected":false},"author":1,"featured_media":23000,"comment_status":"open","ping_status":"open","sticky":false,"template":"","format":"standard","meta":{"footnotes":""},"categories":[],"tags":[1439],"class_list":["post-22999","post","type-post","status-publish","format-standard","has-post-thumbnail","hentry","tag-cocuk-kutuphaneleri"],"_links":{"self":[{"href":"https:\/\/www.bbyhaber.com\/bby\/wp-json\/wp\/v2\/posts\/22999"}],"collection":[{"href":"https:\/\/www.bbyhaber.com\/bby\/wp-json\/wp\/v2\/posts"}],"about":[{"href":"https:\/\/www.bbyhaber.com\/bby\/wp-json\/wp\/v2\/types\/post"}],"author":[{"embeddable":true,"href":"https:\/\/www.bbyhaber.com\/bby\/wp-json\/wp\/v2\/users\/1"}],"replies":[{"embeddable":true,"href":"https:\/\/www.bbyhaber.com\/bby\/wp-json\/wp\/v2\/comments?post=22999"}],"version-history":[{"count":2,"href":"https:\/\/www.bbyhaber.com\/bby\/wp-json\/wp\/v2\/posts\/22999\/revisions"}],"predecessor-version":[{"id":23002,"href":"https:\/\/www.bbyhaber.com\/bby\/wp-json\/wp\/v2\/posts\/22999\/revisions\/23002"}],"wp:featuredmedia":[{"embeddable":true,"href":"https:\/\/www.bbyhaber.com\/bby\/wp-json\/wp\/v2\/media\/23000"}],"wp:attachment":[{"href":"https:\/\/www.bbyhaber.com\/bby\/wp-json\/wp\/v2\/media?parent=22999"}],"wp:term":[{"taxonomy":"category","embeddable":true,"href":"https:\/\/www.bbyhaber.com\/bby\/wp-json\/wp\/v2\/categories?post=22999"},{"taxonomy":"post_tag","embeddable":true,"href":"https:\/\/www.bbyhaber.com\/bby\/wp-json\/wp\/v2\/tags?post=22999"}],"curies":[{"name":"wp","href":"https:\/\/api.w.org\/{rel}","templated":true}]}}