{"id":22995,"date":"2017-11-16T11:53:26","date_gmt":"2017-11-16T08:53:26","guid":{"rendered":"http:\/\/www.bbyhaber.com\/bby\/?p=22995"},"modified":"2017-11-16T11:53:49","modified_gmt":"2017-11-16T08:53:49","slug":"ucak-okul-kutuphanesi-olacak","status":"publish","type":"post","link":"https:\/\/www.bbyhaber.com\/bby\/2017\/11\/16\/ucak-okul-kutuphanesi-olacak","title":{"rendered":"U\u00e7ak okul k\u00fct\u00fcphanesi olacak"},"content":{"rendered":"<p><a href=\"http:\/\/www.bbyhaber.com\/bby\/wp-content\/uploads\/2017\/11\/lise-bahcesinde-kutuphane-olacak-ucagin-parcalari-tirlarla-tasindi.jpg\"><img loading=\"lazy\" decoding=\"async\" class=\"alignleft size-full wp-image-22996\" src=\"http:\/\/www.bbyhaber.com\/bby\/wp-content\/uploads\/2017\/11\/lise-bahcesinde-kutuphane-olacak-ucagin-parcalari-tirlarla-tasindi.jpg\" alt=\"\" width=\"380\" height=\"190\" \/><\/a>2011 y\u0131l\u0131nda ini\u015f s\u0131ras\u0131ndaki kazan\u0131n ard\u0131ndan kullan\u0131lmaz hale gelmi\u015f ve y\u0131llard\u0131r\u00a0Antalya Havaliman\u0131&#8217;nda tutulan bir u\u00e7ak yeni rotas\u0131 olan\u00a0U\u00e7ak Bak\u0131m Teknolojisi Mesleki ve Teknik Anadolu Lisesi&#8217;ne geldi. Hay\u0131rseverlerin ve \u00e7e\u015fitli bakanl\u0131klar\u0131n deste\u011fi ile bir y\u0131ll\u0131k u\u011fra\u015f\u0131n ard\u0131ndan okul u\u00e7a\u011f\u0131 sat\u0131n ald\u0131. U\u00e7a\u011f\u0131n okula yolculu\u011fu gece saatlerinde ba\u015flad\u0131. <strong>Okulda k\u00fct\u00fcphane olarak kullan\u0131lacak u\u00e7a\u011f\u0131n ta\u015f\u0131nmas\u0131 kolay olmad\u0131.<\/strong><!--more--> B\u00f6ylesine b\u00fcy\u00fck bir u\u00e7a\u011f\u0131 TIR \u00fczerinde g\u00f6renler \u00f6z \u00e7ekim yapmay\u0131 ihmal etmedi. \u00a0U\u00e7a\u011f\u0131n karayolundaki zorlu ilerleyi\u015fi i\u00e7in yol trafi\u011fe kapat\u0131ld\u0131, Ana g\u00f6vdenin ve kanatlar\u0131n ta\u015f\u0131nd\u0131\u011f\u0131 TIR&#8217;lar eskortlar e\u015fli\u011finde ilerledi.\u00a0Yakla\u015f\u0131k \u00fc\u00e7 saatlik u\u011fra\u015f\u0131n ard\u0131ndan yolculu\u011fu tamamlanan par\u00e7alar, birle\u015ftirilerek lisenin bah\u00e7esine yerle\u015ftirilecek.<\/p>\n<p><strong>K\u00fct\u00fcphane olarak kullan\u0131lacak<\/strong><\/p>\n<p>Okul m\u00fcd\u00fcr\u00fc Haldun \u00c7evik, Antalya Havaliman\u0131&#8217;nda oldu\u011funu ge\u00e7en sene \u00f6\u011frendi\u011fi bu u\u00e7a\u011f\u0131n liseye kazand\u0131r\u0131lmas\u0131 i\u00e7in D\u0131\u015fi\u015fleri Bakan\u0131 Mevl\u00fct \u00c7avu\u015fo\u011flu&#8217;nun deste\u011fiyle \u00e7al\u0131\u015fma ba\u015flatt\u0131klar\u0131n\u0131 bildirdi. \u00c7evik, yakla\u015f\u0131k bir y\u0131ll\u0131k \u00e7abalar\u0131n ard\u0131ndan ama\u00e7lar\u0131na ula\u015ft\u0131klar\u0131n\u0131 belirterek, &#8220;<strong>Bir okulun bah\u00e7esinde yolcu <a href=\"http:\/\/www.bbyhaber.com\/bby\/tag\/ucak-kutuphane\" target=\"_blank\" rel=\"noopener\">u\u00e7a\u011f\u0131n\u0131n k\u00fct\u00fcphane<\/a> olarak hizmet vermesi d\u00fcnyada ilk olacak.<\/strong> Normalde bu u\u00e7ak hurdaya gidecekti. \u015eimdi ise okulumuzun bah\u00e7esinde \u00e7ocuklar\u0131m\u0131z\u0131n e\u011fitimine katk\u0131 sa\u011flayacak. Sadece k\u00fct\u00fcphane olarak da kalmayacak. Hem m\u00fcze hem de ders materyali olarak e\u011fitim hayat\u0131na okulumuzun bah\u00e7esinde katk\u0131 sa\u011flayacak.&#8221; dedi.<\/p>\n<p><strong>\u0130halelerde al\u0131c\u0131 \u00e7\u0131kmad\u0131<\/strong><\/p>\n<p>2011 y\u0131l\u0131nda Almanya&#8217;n\u0131n Baden Havaliman\u0131&#8217;ndan kalkan Sky Havayollar\u0131n\u0131n Boeing 737-400 Clasic tipi &#8220;ZY 8756&#8221; sefer say\u0131l\u0131 yolcu u\u00e7a\u011f\u0131, Antalya Havaliman\u0131&#8217;na ini\u015fi esnas\u0131nda sa\u011f ana ini\u015f tak\u0131m\u0131ndaki lasti\u011fin patlamas\u0131 sonucun kanad\u0131n\u0131n \u00fcst\u00fcne yatm\u0131\u015ft\u0131. Kaza s\u0131ras\u0131nda i\u00e7inde 156 yolcu ve 6 ki\u015filik m\u00fcrettebat bulunan u\u00e7ak daha sonra hurdaya ayr\u0131lm\u0131\u015ft\u0131. Sky Havayollar\u0131n\u0131n 2013 y\u0131l\u0131nda iflas\u0131n\u0131n ard\u0131ndan Antalya 6. \u0130cra M\u00fcd\u00fcrl\u00fc\u011f\u00fc taraf\u0131ndan 1,5 milyon lira muhammen bedelle sat\u0131\u015fa \u00e7\u0131kar\u0131lm\u0131\u015f ancak \u00fc\u00e7 ihalede de al\u0131c\u0131 \u00e7\u0131kmam\u0131\u015ft\u0131.<\/p>\n<p><a href=\"http:\/\/www.trthaber.com\" target=\"_blank\" rel=\"noopener\">Kaynak<\/a><\/p>\n","protected":false},"excerpt":{"rendered":"<p>2011 y\u0131l\u0131nda ini\u015f s\u0131ras\u0131ndaki kazan\u0131n ard\u0131ndan kullan\u0131lmaz hale gelmi\u015f ve y\u0131llard\u0131r\u00a0Antalya Havaliman\u0131&#8217;nda tutulan bir u\u00e7ak yeni rotas\u0131 olan\u00a0U\u00e7ak Bak\u0131m Teknolojisi Mesleki ve Teknik Anadolu Lisesi&#8217;ne geldi. Hay\u0131rseverlerin ve \u00e7e\u015fitli bakanl\u0131klar\u0131n deste\u011fi ile bir y\u0131ll\u0131k u\u011fra\u015f\u0131n ard\u0131ndan okul u\u00e7a\u011f\u0131 sat\u0131n ald\u0131. U\u00e7a\u011f\u0131n okula yolculu\u011fu gece saatlerinde ba\u015flad\u0131. Okulda k\u00fct\u00fcphane olarak kullan\u0131lacak u\u00e7a\u011f\u0131n ta\u015f\u0131nmas\u0131 kolay olmad\u0131.<\/p>\n","protected":false},"author":1,"featured_media":22996,"comment_status":"open","ping_status":"open","sticky":false,"template":"","format":"standard","meta":{"footnotes":""},"categories":[1],"tags":[395],"class_list":["post-22995","post","type-post","status-publish","format-standard","has-post-thumbnail","hentry","category-genel","tag-ucak-kutuphane"],"_links":{"self":[{"href":"https:\/\/www.bbyhaber.com\/bby\/wp-json\/wp\/v2\/posts\/22995"}],"collection":[{"href":"https:\/\/www.bbyhaber.com\/bby\/wp-json\/wp\/v2\/posts"}],"about":[{"href":"https:\/\/www.bbyhaber.com\/bby\/wp-json\/wp\/v2\/types\/post"}],"author":[{"embeddable":true,"href":"https:\/\/www.bbyhaber.com\/bby\/wp-json\/wp\/v2\/users\/1"}],"replies":[{"embeddable":true,"href":"https:\/\/www.bbyhaber.com\/bby\/wp-json\/wp\/v2\/comments?post=22995"}],"version-history":[{"count":2,"href":"https:\/\/www.bbyhaber.com\/bby\/wp-json\/wp\/v2\/posts\/22995\/revisions"}],"predecessor-version":[{"id":22998,"href":"https:\/\/www.bbyhaber.com\/bby\/wp-json\/wp\/v2\/posts\/22995\/revisions\/22998"}],"wp:featuredmedia":[{"embeddable":true,"href":"https:\/\/www.bbyhaber.com\/bby\/wp-json\/wp\/v2\/media\/22996"}],"wp:attachment":[{"href":"https:\/\/www.bbyhaber.com\/bby\/wp-json\/wp\/v2\/media?parent=22995"}],"wp:term":[{"taxonomy":"category","embeddable":true,"href":"https:\/\/www.bbyhaber.com\/bby\/wp-json\/wp\/v2\/categories?post=22995"},{"taxonomy":"post_tag","embeddable":true,"href":"https:\/\/www.bbyhaber.com\/bby\/wp-json\/wp\/v2\/tags?post=22995"}],"curies":[{"name":"wp","href":"https:\/\/api.w.org\/{rel}","templated":true}]}}