{"id":22985,"date":"2017-11-16T09:30:43","date_gmt":"2017-11-16T06:30:43","guid":{"rendered":"http:\/\/www.bbyhaber.com\/bby\/?p=22985"},"modified":"2017-11-16T10:05:28","modified_gmt":"2017-11-16T07:05:28","slug":"turkiyede-cocuk-kutuphanelerinin-durumu","status":"publish","type":"post","link":"https:\/\/www.bbyhaber.com\/bby\/2017\/11\/16\/turkiyede-cocuk-kutuphanelerinin-durumu","title":{"rendered":"T\u00fcrkiye&#8217;de \u00c7ocuk K\u00fct\u00fcphanelerinin Durumu"},"content":{"rendered":"<p><b><a href=\"http:\/\/www.bbyhaber.com\/bby\/wp-content\/uploads\/2017\/11\/cocuk-kutuphaneleri-durum-analizi.jpg\"><img loading=\"lazy\" decoding=\"async\" class=\"alignleft size-full wp-image-22987\" src=\"http:\/\/www.bbyhaber.com\/bby\/wp-content\/uploads\/2017\/11\/cocuk-kutuphaneleri-durum-analizi.jpg\" alt=\"\" width=\"390\" height=\"180\" \/><\/a>T.C. K\u00fclt\u00fcr ve Turizm Bakanl\u0131\u011f\u0131, K\u00fct\u00fcphaneler ve Yay\u0131mlar Genel M\u00fcd\u00fcrl\u00fc\u011f\u00fc&#8217;ne ba\u011fl\u0131 hizmet veren k\u00fct\u00fcphaneler incelendi\u011finde;<\/b><\/p>\n<p>-T\u00fcrkiye&#8217;nin 81&#8217;ilinin 35&#8217;inde \u0130l ve \u0130l\u00e7e Halk K\u00fct\u00fcphanesinden ba\u011f\u0131ms\u0131z, sadece \u00e7ocuklar i\u00e7in hizmet veren &#8220;M\u00fcstakil*&#8221; \u00e7ocuk k\u00fct\u00fcphanesi bulunmaktad\u0131r.<!--more--><\/p>\n<p>-35 \u0130lde bulunan k\u00fct\u00fcphane say\u0131s\u0131 49&#8217;dur.<\/p>\n<p>-49 K\u00fct\u00fcphanenin 5&#8217;i uzun zamand\u0131r &#8220;Ge\u00e7ici Kapal\u0131&#8221;d\u0131r. (5 y\u0131l ve \u00fczeri) (K\u00fct\u00fcphane kapatan bakanl\u0131k\/y\u00f6netim demesinler diye kapal\u0131 olan, i\u015flevsiz, personelsiz olan k\u00fct\u00fcphaneler i\u00e7in &#8220;Ge\u00e7ici Kapal\u0131&#8221; ibaresi kullan\u0131lmaktad\u0131r.<\/p>\n<p>-Ge\u00e7ici Kapal\u0131 k\u00fct\u00fcphaneler d\u00fc\u015f\u00fcld\u00fc\u011f\u00fcnde reel say\u0131 44&#8217;d\u00fcr.<\/p>\n<p>-Ge\u00e7ici kapal\u0131 k\u00fct\u00fcphaneler d\u00fc\u015f\u00fcld\u00fc\u011f\u00fcnde 81 ilin 32&#8217;sinde \u00e7ocuk k\u00fct\u00fcphanesi hizmet vermektedir.<\/p>\n<p>-49 ilde &#8220;M\u00fcstakil&#8221; \u00e7ocuk k\u00fct\u00fcphanesi hizmeti verilmemektedir.<\/p>\n<p>\u0130llere b\u00f6ld\u00fc\u011f\u00fcm\u00fczde<\/p>\n<p>-T\u00fcrkiye genelinin %39&#8217;unda &#8220;M\u00fcstakil \u00c7ocuk K\u00fct\u00fcphanesi&#8221; hizmeti verilmektedir.<\/p>\n<p>\u00dclkenin %61&#8217;inde &#8220;M\u00fcstakil \u00c7ocuk K\u00fct\u00fcphanesi&#8221; hizmetinden faydalanmamaktad\u0131r.<\/p>\n<p><strong>KYGM taraf\u0131ndan a\u00e7\u0131k oldu\u011fu beyan edilen k\u00fct\u00fcphanelerin illere g\u00f6re da\u011f\u0131l\u0131m\u0131:<\/strong><\/p>\n<p>\u0130stanbul&#8217;da 6, Adana&#8217;da 3, Manisa&#8217;da 3, Sivas&#8217;ta 3, \u0130zmir&#8217;de 2, \u00c7orum&#8217;da 2, Ankara&#8217;da 1, Ayd\u0131n&#8217;da 1, Bal\u0131kesir&#8217;de 1, Bursa&#8217;da 1, Diyarbak\u0131r&#8217;da 1, Elaz\u0131\u011f&#8217;da 1, Erzincan&#8217;da 1, Erzurum&#8217;da 1, Eski\u015fehir&#8217;de 1, Giresun&#8217;da 1, Hatay&#8217;da 1, Isparta&#8217;da 1, Kars&#8217;ta, 1, Kocaeli&#8217;de 1, K\u00fctahya&#8217;da 1, Kahramanmara\u015f&#8217;ta 1, Mu\u011fla&#8217;da 1, Mu\u015f&#8217;ta 1, Trabzon&#8217;da 1, Aksaray&#8217;da 1, Karaman&#8217;da 1, Yalova&#8217;da 1, Kilis&#8217;de 1 &#8216;dir.<\/p>\n<p><strong>Ge\u00e7ici Kapal\u0131 olan k\u00fct\u00fcphanelerin illere g\u00f6re da\u011f\u0131l\u0131m\u0131:<\/strong><\/p>\n<p>Burdur&#8217;da 1, Edirne&#8217;de 1, Mersin&#8217;de 1, Kayseri&#8217;de 1, U\u015fak&#8217;da 1&#8217;dir.<\/p>\n<p>*KYGM&#8217;nin k\u00fct\u00fcphane tarama sayfas\u0131nda Bursa&#8217;da 2 \u00e7ocuk k\u00fct\u00fcphanesi bildirilse de 2. k\u00fct\u00fcphane olan 2011 y\u0131l\u0131nda Bursa B\u00fcy\u00fck\u015fehir Belediyesi&#8217;ne devredilen Tophane \u00c7ocuk K\u00fct\u00fcphanesi onar\u0131m \u00e7al\u0131\u015fmalar\u0131n\u0131n ard\u0131ndan 21 \u015eubat 2012 tarihinde Lala \u015eahin Pa\u015fa \u00c7ocuk K\u00fct\u00fcphanesi ad\u0131yla Bursa B\u00fcy\u00fck\u015fehir Belediyesi taraf\u0131ndan hizmete sokulmu\u015ftur.<br \/>\n**<strong>KYGM&#8217;nin verilerinin g\u00fcncel ve g\u00fcvenilir olmas\u0131 gerekmektedir.<\/strong><\/p>\n<p>-\u00c7ocuk k\u00fct\u00fcphanelerinin genelinde k\u00fct\u00fcphanecilik\/bilgi ve belge y\u00f6netimi e\u011fitimi alm\u0131\u015f personel \u00e7al\u0131\u015fmamaktad\u0131r.<br \/>\n-\u00c7al\u0131\u015fan personelin \u00e7ocuk k\u00fct\u00fcphaneleri alan\u0131nda herhangi bir konu uzmanl\u0131\u011f\u0131 bulunmamaktad\u0131r.<\/p>\n<p>-Baz\u0131 k\u00fct\u00fcphaneler &#8220;M\u00fcstakil K\u00fct\u00fcphane&#8221; olarak de\u011ferlendirilse de \u0130l\u00e7e k\u00fct\u00fcphanelerinin i\u00e7inde, (\u00f6rne\u011fin Bursa \u0130neg\u00f6l \u00c7ocuk K\u00fct\u00fcphanesi \u0130neg\u00f6l \u0130l\u00e7e Halk K\u00fct\u00fcphanesi i\u00e7indedir.)<\/p>\n<p>-Baz\u0131 k\u00fct\u00fcphaneler kamu binalar\u0131n\u0131n i\u00e7inde, (\u00f6rne\u011fin Trabzon \u00c7ocuk K\u00fct\u00fcphanesi \u0130l K\u00fclt\u00fcr M\u00fcd\u00fcrl\u00fc\u011f\u00fc i\u00e7erisinde bir odadad\u0131r) Naz\u0131 k\u00fct\u00fcphaneler Milli E\u011fitime ba\u011fl\u0131 ilk\u00f6\u011fretim okullar\u0131 i\u00e7indedir. (\u00f6rne\u011fin \u0130stanbul Be\u015fikta\u015f Levent-Fatma Banat \u00c7ocuk K\u00fct\u00fcphanesi)<\/p>\n<p>KYGM&#8217;ye ba\u011fl\u0131 M\u00fcstakil \u00c7ocuk K\u00fct\u00fcphanelerinin %10 \u0130stanbul \u00dcsk\u00fcdar \u0130l\u00e7esinde bulunmaktad\u0131r.<\/p>\n<p>2013 y\u0131l\u0131na kadar 4 \u00c7ocuk K\u00fct\u00fcphanesi bulunan \u00dcsk\u00fcdar il\u00e7esinde &#8220;\u00dcsk\u00fcdar 23 Nisan \u00c7ocuk K\u00fct\u00fcphanesi&#8221; binas\u0131 2018 y\u0131l\u0131 sonuna belediyeden tahsis protokol\u00fc olmas\u0131na ra\u011fmen 27 Eyl\u00fcl 2013 tarihinde bakanl\u0131k onay\u0131 ile \u00dcsk\u00fcdar \u00c7ocuk \u00dcniversitesi&#8217;ne tesis olmas\u0131 i\u00e7in \u00c7ocuk K\u00fct\u00fcphanesi kapat\u0131lm\u0131\u015ft\u0131r. &#8221;<\/p>\n<p><strong><a href=\"http:\/\/www.bbyhaber.com\/bby\/tag\/halk-kutuphaneleri-bolge-seminerleri\" target=\"_blank\" rel=\"noopener\">HALK K\u00dcT\u00dcPHANELER\u0130 B\u00d6LGE SEM\u0130NERLER\u0130<\/a>: \u00c7OCUK K\u00dcT\u00dcPHANELER\u0130\/ \u00c7OCUK K\u00dcT\u00dcPHANEC\u0130L\u0130\u011e\u0130 E\u011e\u0130T\u0130MLER\u0130<\/strong><\/p>\n<p>KYGM, Goethe Enstit\u00fcs\u00fc, Hacettepe Bilgi ve Belge Y\u00f6netimi B\u00f6l\u00fcm\u00fc, T\u00fcrk K\u00fct\u00fcphaneciler Derne\u011fi ve \u00c7ocuk Edebiyat\u0131 Yay\u0131nc\u0131lar\u0131 ile Halk K\u00fct\u00fcphaneleri B\u00f6lge Seminerleri 6 y\u0131lda 20 kez ger\u00e7ekle\u015fti. Ger\u00e7ekle\u015fen b\u00f6lge seminerlerinde halk k\u00fct\u00fcphanecileri i\u00e7in hizmet i\u00e7i e\u011fitim olarak bilgi yenileme olana\u011f\u0131 oldu. Seminerlerin ana temalar\u0131ndan birisi &#8220;\u00c7ocuk K\u00fct\u00fcphaneleri ve \u00c7ocuk K\u00fct\u00fcphanecili\u011fi &#8220;idi.<\/p>\n<p>Yay\u0131nc\u0131lar, yazarlar, BBY akademisyenleri ve k\u00fct\u00fcphanecilerle Nitelikli \u00c7ocuk K\u00fct\u00fcphaneleri i\u00e7in seminerlerde yap\u0131lan sunumlar, d\u00fcnya \u00e7ocuk k\u00fct\u00fcphanelerinden iyi \u00f6rneklerin sunumu, \u00fclkemizdeki \u00e7ocuk k\u00fct\u00fcphanelerinden iyi \u00f6rneklerin sunumu, deneyim payla\u015f\u0131mlar\u0131, k\u00fct\u00fcphanelerin \u00e7ocuk b\u00f6l\u00fcmlerinde yaplan incelemelerle yerinde incelemeler yap\u0131larak mesleta\u015flar\u0131m\u0131z i\u00e7in fark\u0131ndal\u0131k olu\u015fturulmu\u015ftur.<\/p>\n<p>Prof. Dr. B\u00fclent Y\u0131lmaz&#8217;\u0131n, b\u00f6lge seminerleri kat\u0131l\u0131mc\u0131lar\u0131 ile seminerin ger\u00e7ekle\u015fti\u011fi ildeki k\u00fct\u00fcphanelerin \u00e7ocuk b\u00f6l\u00fcmlerinde ger\u00e7ekle\u015ftirdi\u011fi interaktif olarak ger\u00e7ekle\u015fen k\u00fct\u00fcphane incelemeleri seminerleri de\u011ferli k\u0131lm\u0131\u015ft\u0131r. Seminerler sonras\u0131 d\u00fcnyadaki ve \u00fclkemizdeki iyi \u00f6rnekler bir \u00e7ok ilde il\u00e7ede uygulanarak Halk ve \u00c7ocuk K\u00fct\u00fcphanelerinin de\u011fi\u015fimine neden olmu\u015ftur.<\/p>\n<p><strong>SONU\u00c7 ve \u00d6NER\u0130LER<\/strong><\/p>\n<p>-K\u00fclt\u00fcr ve Turizm Bakanl\u0131\u011f\u0131n\u0131n ve K\u00fct\u00fcphaneler ve Yay\u0131mlar Genel M\u00fcd\u00fcr\u00fcl\u00fc\u011f\u00fcn\u00fcn yenileme \u00e7al\u0131\u015fmalar\u0131na verdi\u011fi \u00f6nem, fiziksel de\u011fi\u015fimler, koleksiyon yenilemeleri, yeni yap\u0131lan k\u00fct\u00fcphane yap\u0131lar\u0131, yeni a\u00e7\u0131lan halk k\u00fct\u00fcphanelerinin \u00e7ocuk b\u00f6l\u00fcmleri \u00fclkemiz k\u00fct\u00fcphanecili\u011fi i\u00e7in bir vizyon de\u011fi\u015fimi ger\u00e7ekle\u015fti\u011fi g\u00f6zlemlenmi\u015ftir. Yeni k\u00fct\u00fcphanecilik vizyonu k\u00fct\u00fcphaneciler taraf\u0131ndan heyecanla kar\u015f\u0131lanmakta ve takdir edilmektedir. Bu vizyon s\u00fcrd\u00fcr\u00fclebilir olarak duraksamadan devam ettirilmelidir.<\/p>\n<p>-Yeni vizyon de\u011fi\u015fikli\u011finin t\u00fcm k\u00fct\u00fcphanelere yans\u0131mas\u0131 ayn\u0131 h\u0131zda de\u011fildir. Bu de\u011fi\u015fimin h\u0131zla ilerlemesi \u00fclke geneline yay\u0131lmas\u0131 dile\u011fimizdir. <strong>Halk K\u00fct\u00fcphaneleri \u00c7ocuk B\u00f6l\u00fcmlerinde ve M\u00fcstakil \u00c7ocuk K\u00fct\u00fcphanelerinde K\u00fct\u00fcphanecilik \/ Bilgi ve Belge Y\u00f6netimi alan\u0131ndan mezun \u00e7al\u0131\u015fan say\u0131s\u0131 yetersizdir. K\u00fct\u00fcphanelerde, \u00e7ocuk k\u00fct\u00fcphanelerini daha \u00e7ekici k\u0131lacak \u00e7al\u0131\u015fmalar yetersizdir. \u00c7ocuklar i\u00e7in yarat\u0131c\u0131 \u00e7al\u0131\u015fmalar yapacak farkl\u0131 disiplinlerden mezun personel say\u0131s\u0131 yok denecek kadar azd\u0131r.<\/strong><\/p>\n<p>-\u00d6ncelikle K\u00fct\u00fcphaneciler, Pedagog, \u00c7ocuk Geli\u015fimi Uzman\u0131, E\u011fitimciler, Sanat E\u011fiticileri istihdam edilmelidir.<\/p>\n<p>-\u00c7ocuk k\u00fct\u00fcphanecili\u011fi alan\u0131nda y\u00fcksek lisans ve doktora \u00e7al\u0131\u015fmalar\u0131 ba\u015flam\u0131\u015f olup bu alanda akademik \u00e7al\u0131\u015fmalar yap\u0131las\u0131 \u00f6zendirilmelidir. Bilgi ve Belge Y\u00f6netimi B\u00f6l\u00fcmlerinde &#8220;\u00c7ocuk K\u00fct\u00fcphaneleri\/\u00c7ocuk K\u00fct\u00fcphanecili\u011fi&#8221; konusunda zorunlu ve se\u00e7meli derslerin say\u0131s\u0131 artt\u0131r\u0131lmal\u0131d\u0131r.<\/p>\n<p>-\u00c7ocuk K\u00fct\u00fcphanecili\u011finin geli\u015fmesi i\u00e7in konu uzmanlar\u0131 ile, k\u00fct\u00fcphanecilik mesle\u011fi STK&#8217;lar\u0131 ile, \u00c7ocuk Yay\u0131nc\u0131lar\u0131, \u00c7ocuk kitab\u0131 yazarlar\u0131, \u00e7izerleri ve \u00e7evirmenleri STK&#8217;lar\u0131 ile i\u015fbirli\u011fi ile ortak \u00e7al\u0131\u015ftaylar, projeler ya\u015fama ge\u00e7irilmelidir.<\/p>\n<p>-K\u00fct\u00fcphanelerle sanat\u0131 birle\u015ftirecek i\u015fbirliklerine gidilmelidir.<\/p>\n<p>-T\u00fcm T\u00fcrkiye i\u00e7in Okuma K\u00fclt\u00fcr\u00fc seferberli\u011fi ba\u015flat\u0131lmal\u0131d\u0131r.<\/p>\n<p>-\u00c7ocuk K\u00fct\u00fcphanelerinin yan\u0131 s\u0131ra Okul K\u00fct\u00fcphanelerinin a\u00e7\u0131lmas\u0131, nitelikli personel \u00e7al\u0131\u015ft\u0131r\u0131lmas\u0131 i\u00e7in payda\u015f bakanl\u0131klarla i\u015fbirli\u011fi ile hayata ge\u00e7irilmelidir.<\/p>\n<p>-\u00c7ocuk K\u00fct\u00fcphanecili\u011fi ile e\u015f \u00e7al\u0131\u015fmalar yapan Okul K\u00fct\u00fcphanecilerinin deneyimlerinden faydalanacak i\u015fbirliklerine gidilmelidir.<\/p>\n<p>-\u00c7ocuk K\u00fct\u00fcphaneleri a\u00e7an yerel y\u00f6netimlerle i\u015fbirli\u011fine gidilerek ortak \u00e7al\u0131\u015fmalar, ortak programlar hayata ge\u00e7irilmelidir.<\/p>\n<p>-K\u00fct\u00fcphanelerde; oyun ara\u00e7lar\u0131, oyun etkinlikleri, okur yazar bulu\u015fmalar\u0131, yarat\u0131c\u0131 okuma, yarat\u0131c\u0131 drama vb. \u00e7al\u0131\u015fmalar\u0131 ger\u00e7ekle\u015ftirecek b\u00fct\u00e7e olanaklar\u0131 sa\u011flanmal\u0131d\u0131r.<\/p>\n<p>-\u00c7ocuk K\u00fct\u00fcphaneleri koleksiyonlar\u0131 yenilenmeli, Yeni Kitaplar (Edebiyat\/Resimli Kitap\/Oyunlu Kitap), \u00c7ocuk Dergileri, DVD, Oyuncak, Oyun Ara\u00e7lar\u0131 sat\u0131n al\u0131nmal\u0131d\u0131r.<\/p>\n<p>&#8211; \u00c7ocuk K\u00fct\u00fcphanelerinde oyun odalar\u0131, 0-6 ya\u015f gurubu, Okul \u00d6ncesi \u00e7ocuklar i\u00e7in yay\u0131nlar, oyun materyalleri al\u0131nmal\u0131.<\/p>\n<p>-K\u00fct\u00fcphane yap\u0131 tasar\u0131mlar\u0131nda &#8220;\u00c7ocu\u011fa G\u00f6re&#8221; fiziksel alanlar tasarlanmal\u0131, ekolojik ve organik yap\u0131 materyalleri kullan\u0131lmal\u0131d\u0131r.<\/p>\n<p>-\u00c7ocuk K\u00fct\u00fcphaneleri \/ K\u00fct\u00fcphaneler \u015fehirlerin ula\u015f\u0131labilir lokasyonlar\u0131nda in\u015fa edilmelidir.<\/p>\n<p><span style=\"color: #ff0000;\"><strong>Kaynak<\/strong><\/span><br \/>\nAyd\u0131n \u0130leri &#8211; K\u00fct\u00fcphaneci<br \/>\nOkul K\u00fct\u00fcphanecileri Derne\u011fi Ba\u015fkan\u0131<br \/>\nT\u00fcrk K\u00fct\u00fcphaneciler Derne\u011fi Y\u00f6netim Kurulu \u00dcyesi<br \/>\n\u00c7ocuk ve Gen\u00e7lik Yay\u0131nlar\u0131 Derne\u011fi Y\u00f6netim Kurulu \u00dcyesi<\/p>\n","protected":false},"excerpt":{"rendered":"<p>T.C. K\u00fclt\u00fcr ve Turizm Bakanl\u0131\u011f\u0131, K\u00fct\u00fcphaneler ve Yay\u0131mlar Genel M\u00fcd\u00fcrl\u00fc\u011f\u00fc&#8217;ne ba\u011fl\u0131 hizmet veren k\u00fct\u00fcphaneler incelendi\u011finde; -T\u00fcrkiye&#8217;nin 81&#8217;ilinin 35&#8217;inde \u0130l ve \u0130l\u00e7e Halk K\u00fct\u00fcphanesinden ba\u011f\u0131ms\u0131z, sadece \u00e7ocuklar i\u00e7in hizmet veren &#8220;M\u00fcstakil*&#8221; \u00e7ocuk k\u00fct\u00fcphanesi bulunmaktad\u0131r.<\/p>\n","protected":false},"author":1,"featured_media":22987,"comment_status":"open","ping_status":"open","sticky":false,"template":"","format":"standard","meta":{"footnotes":""},"categories":[1476],"tags":[1439],"class_list":["post-22985","post","type-post","status-publish","format-standard","has-post-thumbnail","hentry","category-aydin-ileri","tag-cocuk-kutuphaneleri"],"_links":{"self":[{"href":"https:\/\/www.bbyhaber.com\/bby\/wp-json\/wp\/v2\/posts\/22985"}],"collection":[{"href":"https:\/\/www.bbyhaber.com\/bby\/wp-json\/wp\/v2\/posts"}],"about":[{"href":"https:\/\/www.bbyhaber.com\/bby\/wp-json\/wp\/v2\/types\/post"}],"author":[{"embeddable":true,"href":"https:\/\/www.bbyhaber.com\/bby\/wp-json\/wp\/v2\/users\/1"}],"replies":[{"embeddable":true,"href":"https:\/\/www.bbyhaber.com\/bby\/wp-json\/wp\/v2\/comments?post=22985"}],"version-history":[{"count":8,"href":"https:\/\/www.bbyhaber.com\/bby\/wp-json\/wp\/v2\/posts\/22985\/revisions"}],"predecessor-version":[{"id":22994,"href":"https:\/\/www.bbyhaber.com\/bby\/wp-json\/wp\/v2\/posts\/22985\/revisions\/22994"}],"wp:featuredmedia":[{"embeddable":true,"href":"https:\/\/www.bbyhaber.com\/bby\/wp-json\/wp\/v2\/media\/22987"}],"wp:attachment":[{"href":"https:\/\/www.bbyhaber.com\/bby\/wp-json\/wp\/v2\/media?parent=22985"}],"wp:term":[{"taxonomy":"category","embeddable":true,"href":"https:\/\/www.bbyhaber.com\/bby\/wp-json\/wp\/v2\/categories?post=22985"},{"taxonomy":"post_tag","embeddable":true,"href":"https:\/\/www.bbyhaber.com\/bby\/wp-json\/wp\/v2\/tags?post=22985"}],"curies":[{"name":"wp","href":"https:\/\/api.w.org\/{rel}","templated":true}]}}