{"id":22977,"date":"2017-11-15T14:38:31","date_gmt":"2017-11-15T11:38:31","guid":{"rendered":"http:\/\/www.bbyhaber.com\/bby\/?p=22977"},"modified":"2017-11-15T14:38:48","modified_gmt":"2017-11-15T11:38:48","slug":"arsivlerdeki-39-milyon-belge-dijitallestirildi","status":"publish","type":"post","link":"https:\/\/www.bbyhaber.com\/bby\/2017\/11\/15\/arsivlerdeki-39-milyon-belge-dijitallestirildi","title":{"rendered":"Ar\u015fivlerdeki 39 milyon belge dijitalle\u015ftirildi"},"content":{"rendered":"<p class=\"selectionShareable\"><strong> <a href=\"http:\/\/www.bbyhaber.com\/bby\/wp-content\/uploads\/2017\/11\/arsivlerdeki-39-milyon-belge-dijitallestirildi.jpg\"><img loading=\"lazy\" decoding=\"async\" class=\"alignleft size-full wp-image-22978\" src=\"http:\/\/www.bbyhaber.com\/bby\/wp-content\/uploads\/2017\/11\/arsivlerdeki-39-milyon-belge-dijitallestirildi.jpg\" alt=\"\" width=\"390\" height=\"180\" \/><\/a>Devlet Ar\u015fivleri Genel M\u00fcd\u00fcr Yard\u0131mc\u0131s\u0131 Durali G\u00fcra\u011fa\u00e7<\/strong>, kurum olarak kendilerini s\u00fcrekli yenilediklerini belirtierek, &#8220;<strong>Cumhuriyet ve Osmanl\u0131 ar\u015fivlerinde<\/strong>\u00a0yer alan 39 milyon belge\u00a0<strong>dijitalle\u015ftirilerek<\/strong>\u00a0ara\u015ft\u0131rmac\u0131lar\u0131m\u0131z\u0131n hizmetine sunulmu\u015ftur. Art\u0131k ara\u015ft\u0131rmac\u0131lar tek bir merkezde \u00e7al\u0131\u015fma mecburiyetinde de\u011fil, art\u0131k internet \u00fczerinden evinden, \u00e7al\u0131\u015fma ofisinden istedikleri belgelere ula\u015fabiliyor.&#8221; dedi.<!--more--><\/p>\n<p class=\"selectionShareable\">Hazine-i Evrak\u2019\u0131n 171. kurulu\u015f y\u0131l d\u00f6n\u00fcm\u00fc ve 12. Ar\u015fivcilik G\u00fcn\u00fc dolay\u0131s\u0131yla Ba\u015fbakanl\u0131k Osmanl\u0131 Ar\u015fiv Daire Ba\u015fkanl\u0131\u011f\u0131&#8217;nda d\u00fczenlenen etkinlikte konu\u015fan G\u00fcra\u011fa\u00e7, kurumun d\u00fcnya ar\u015fivcili\u011fi a\u00e7\u0131s\u0131ndan \u00f6nemli bir yere geldi\u011fini s\u00f6yledi. Sosyal bilimler alan\u0131nda bilgiye eri\u015fimin en \u00f6nemli aya\u011f\u0131n\u0131n ar\u015fiv ve k\u00fct\u00fcphaneler oldu\u011funu aktaran G\u00fcra\u011fa\u00e7, \u015funlar\u0131 kaydetti: &#8220;Devlet Ar\u015fivleri Genel M\u00fcd\u00fcrl\u00fc\u011f\u00fc, modern ar\u015fiv binas\u0131na kavu\u015fmas\u0131na m\u00fcteakiben, dijitalle\u015ftirme, tasnif, restorasyon, ara\u015ft\u0131rma hizmetleri ve muhafaza-bak\u0131m gibi hizmetlerde yeni projeler ortaya koyarak devlet kurumlar\u0131 ve ara\u015ft\u0131rmac\u0131lar\u0131n belgeye olan ihtiyac\u0131n\u0131 h\u0131zl\u0131 bir bi\u00e7imde kar\u015f\u0131lamak i\u00e7in kendisini s\u00fcrekli yenilemektedir. Cumhuriyet ve Osmanl\u0131 ar\u015fivlerinde yer alan <strong>39 milyon belge<\/strong> <strong>dijitalle\u015ftirilerek<\/strong> ara\u015ft\u0131rmac\u0131lar\u0131m\u0131z\u0131n hizmetine sunulmu\u015ftur.&#8221;<\/p>\n<p class=\"selectionShareable\"><strong>&#8220;Sahip olduklar\u0131m\u0131z\u0131 gelece\u011fi aktarmakla m\u00fckellefiz&#8221;<\/strong><\/p>\n<p class=\"selectionShareable\">T\u00fcrk Ar\u015fivciler Derne\u011fi Genel Ba\u015fkan\u0131\u00a0<strong>Y\u00fcksel Baycar<\/strong>\u00a0ise, 30 y\u0131lda T\u00fcrkiye&#8217;de ar\u015fivcilik alan\u0131nda ciddi geli\u015fmeler oldu\u011funu belirtti. Baycar, en \u00f6nemli geli\u015fmenin, Osmanl\u0131 Ar\u015fivleri&#8217;nin tasnifinin tamamlanmas\u0131na h\u0131z verilmesi ve<strong> \u00fcniversitelerde ar\u015fivcilikle ilgili Bilgi ve Belge Y\u00f6netimi b\u00f6l\u00fcmlerinin a\u00e7\u0131lmas\u0131 oldu\u011funu ifade etti.<\/strong> Teknolojik geli\u015fmelerle birlikte ar\u015fivcilik sisteminin de de\u011fi\u015fti\u011fini dile getiren Baycar, &#8220;Teknoloji ile birlikte bilginin elektronik ortamda y\u00f6netilmesi ve biriktirilmesi bizleri farkl\u0131 bir d\u00fcnyan\u0131n e\u015fi\u011fine getirmi\u015ftir. Osmanl\u0131lar ge\u00e7mi\u015fte olu\u015fturup, toplayabildikleri b\u00fct\u00fcn evraklar\u0131 bize naklettikleri gibi, biz de bug\u00fcn sahip olduklar\u0131m\u0131z\u0131 gelece\u011fi aktarmakla m\u00fckellefiz ve bunu gelecek nesillere bor\u00e7luyuz.&#8221; ifadelerini kulland\u0131.<\/p>\n<p class=\"selectionShareable\"><span style=\"color: #0000ff;\"><strong>Ar\u015fivcilerin sorunlar\u0131<\/strong><\/span><\/p>\n<p class=\"selectionShareable\">T\u00fcrk K\u00fct\u00fcphaneciler Derne\u011fi \u0130stanbul \u015eube Ba\u015fkan\u0131\u00a0<strong>Mustafa \u00d6zy\u00fcrek<\/strong>\u00a0ise Bilgi ve Belge Y\u00f6netiminden mezun olanlar\u0131n, ar\u015fivci ve k\u00fct\u00fcphaneci olarak g\u00f6rev yapt\u0131\u011f\u0131n\u0131 aktararak, en b\u00fcy\u00fck sorunlar\u0131n\u0131n <strong>her iki mesle\u011fin de herhangi bir yasas\u0131n\u0131n bulunmamas\u0131<\/strong> oldu\u011funu belirtti. \u00d6zy\u00fcrek, meslekta\u015flar\u0131n\u0131n \u00e7al\u0131\u015fma \u015fartlar\u0131 ve \u00f6zl\u00fck haklar\u0131n\u0131n iyile\u015ftirilmesi gerekti\u011fini ifade ederek, kurumlara <strong>Bilgi ve Belge Y\u00f6netimi mezunlar\u0131n\u0131n al\u0131nmamas\u0131, KPSS&#8217;de \u00e7ok az say\u0131da kontenjan ayr\u0131lmas\u0131<\/strong> gibi sorunlar ya\u015fad\u0131klar\u0131n\u0131 kaydetti.<\/p>\n<p><a href=\"http:\/\/aa.com.tr\" target=\"_blank\" rel=\"noopener\">Kaynak<\/a><\/p>\n","protected":false},"excerpt":{"rendered":"<p>Devlet Ar\u015fivleri Genel M\u00fcd\u00fcr Yard\u0131mc\u0131s\u0131 Durali G\u00fcra\u011fa\u00e7, kurum olarak kendilerini s\u00fcrekli yenilediklerini belirtierek, &#8220;Cumhuriyet ve Osmanl\u0131 ar\u015fivlerinde\u00a0yer alan 39 milyon belge\u00a0dijitalle\u015ftirilerek\u00a0ara\u015ft\u0131rmac\u0131lar\u0131m\u0131z\u0131n hizmetine sunulmu\u015ftur. Art\u0131k ara\u015ft\u0131rmac\u0131lar tek bir merkezde \u00e7al\u0131\u015fma mecburiyetinde de\u011fil, art\u0131k internet \u00fczerinden evinden, \u00e7al\u0131\u015fma ofisinden istedikleri belgelere ula\u015fabiliyor.&#8221; dedi.<\/p>\n","protected":false},"author":1,"featured_media":22978,"comment_status":"open","ping_status":"open","sticky":false,"template":"","format":"standard","meta":{"footnotes":""},"categories":[299,1558,1482],"tags":[1096,1412],"class_list":["post-22977","post","type-post","status-publish","format-standard","has-post-thumbnail","hentry","category-bilgi-yonetimi-2","category-dijital-arsivleme","category-ebys","tag-arsivcilik","tag-belge-yonetimi"],"_links":{"self":[{"href":"https:\/\/www.bbyhaber.com\/bby\/wp-json\/wp\/v2\/posts\/22977"}],"collection":[{"href":"https:\/\/www.bbyhaber.com\/bby\/wp-json\/wp\/v2\/posts"}],"about":[{"href":"https:\/\/www.bbyhaber.com\/bby\/wp-json\/wp\/v2\/types\/post"}],"author":[{"embeddable":true,"href":"https:\/\/www.bbyhaber.com\/bby\/wp-json\/wp\/v2\/users\/1"}],"replies":[{"embeddable":true,"href":"https:\/\/www.bbyhaber.com\/bby\/wp-json\/wp\/v2\/comments?post=22977"}],"version-history":[{"count":2,"href":"https:\/\/www.bbyhaber.com\/bby\/wp-json\/wp\/v2\/posts\/22977\/revisions"}],"predecessor-version":[{"id":22980,"href":"https:\/\/www.bbyhaber.com\/bby\/wp-json\/wp\/v2\/posts\/22977\/revisions\/22980"}],"wp:featuredmedia":[{"embeddable":true,"href":"https:\/\/www.bbyhaber.com\/bby\/wp-json\/wp\/v2\/media\/22978"}],"wp:attachment":[{"href":"https:\/\/www.bbyhaber.com\/bby\/wp-json\/wp\/v2\/media?parent=22977"}],"wp:term":[{"taxonomy":"category","embeddable":true,"href":"https:\/\/www.bbyhaber.com\/bby\/wp-json\/wp\/v2\/categories?post=22977"},{"taxonomy":"post_tag","embeddable":true,"href":"https:\/\/www.bbyhaber.com\/bby\/wp-json\/wp\/v2\/tags?post=22977"}],"curies":[{"name":"wp","href":"https:\/\/api.w.org\/{rel}","templated":true}]}}