{"id":22965,"date":"2017-11-14T11:16:17","date_gmt":"2017-11-14T08:16:17","guid":{"rendered":"http:\/\/www.bbyhaber.com\/bby\/?p=22965"},"modified":"2017-11-14T11:32:58","modified_gmt":"2017-11-14T08:32:58","slug":"gezici-kutuphane-cocuklar-icin-koy-koy-geziyor","status":"publish","type":"post","link":"https:\/\/www.bbyhaber.com\/bby\/2017\/11\/14\/gezici-kutuphane-cocuklar-icin-koy-koy-geziyor","title":{"rendered":"Gezici k\u00fct\u00fcphane \u00e7ocuklar i\u00e7in k\u00f6y k\u00f6y geziyor"},"content":{"rendered":"<p><strong><a href=\"http:\/\/www.bbyhaber.com\/bby\/wp-content\/uploads\/2017\/11\/gezici-kutuphane-adiyaman1.jpg\"><img loading=\"lazy\" decoding=\"async\" class=\"alignleft size-full wp-image-22966\" src=\"http:\/\/www.bbyhaber.com\/bby\/wp-content\/uploads\/2017\/11\/gezici-kutuphane-adiyaman1.jpg\" alt=\"\" width=\"380\" height=\"190\" \/><\/a>Ad\u0131yaman \u0130l Halk K\u00fct\u00fcphanesi M\u00fcd\u00fcr\u00fc Filiz Karabulut<\/strong>, \u00e7ocuklara okuma al\u0131\u015fkanl\u0131\u011f\u0131 edindirme ve farkl\u0131 kitaplarla bulu\u015fmalar\u0131n\u0131 sa\u011flamak amac\u0131yla k\u00f6y k\u00f6y gezen gezici k\u00fct\u00fcphane hakk\u0131nda \u0130LKHA&#8217;ya bilgilendirmelerde bulundu. \u00d6\u011frencilere kitap okumay\u0131 sevdirmek amac\u0131yla k\u00f6ylere gittiklerini belirten Karabulut, \u00e7ocuklar\u0131n geli\u015fimi i\u00e7in okul idarecileri ve \u00f6\u011fretmenlerle birlikte \u00e7al\u0131\u015fma y\u00fcr\u00fctt\u00fcklerini s\u00f6yledi.<!--more--> \u015eu ana kadar kent merkezine ba\u011fl\u0131 k\u00f6ylere gittiklerini bildiren Karabulut, &#8220;<strong>\u015eu an 32 k\u00f6y okuluna gidip geliyoruz<\/strong>. Bu 32 k\u00f6y okulu i\u00e7erisinde de k\u00fct\u00fcphane olmayan okullar\u0131m\u0131za \u00f6ncelik veriyoruz. Kitap temin etme noktas\u0131nda s\u0131k\u0131nt\u0131m\u0131z yok. \u00d6\u011frencilerin \u00f6zel istedikleri kitaplar olursa bu noktada eklemeler yaparak, ihtiyac\u0131 kar\u015f\u0131lamaya \u00e7al\u0131\u015f\u0131yoruz.&#8221; dedi.<\/p>\n<p><a href=\"http:\/\/www.bbyhaber.com\/bby\/wp-content\/uploads\/2017\/11\/gezici-kutuphane-adiyaman2.jpg\"><img loading=\"lazy\" decoding=\"async\" class=\"alignleft size-full wp-image-22967\" src=\"http:\/\/www.bbyhaber.com\/bby\/wp-content\/uploads\/2017\/11\/gezici-kutuphane-adiyaman2.jpg\" alt=\"\" width=\"380\" height=\"190\" \/><\/a><\/p>\n<p>Ad\u0131yaman \u0130l Milli E\u011fitim M\u00fcd\u00fcrl\u00fc\u011f\u00fcyle birlikte koordineli bir \u015fekilde \u00e7al\u0131\u015farak, k\u00f6ylerin ve okullar\u0131n listesini \u00e7\u0131kard\u0131klar\u0131n\u0131 dile getiren Karabulut, \u015funlar\u0131 s\u00f6yledi: &#8220;K\u00f6y muhtarlar\u0131na yaz\u0131 yazd\u0131k. K\u00fct\u00fcphanemiz b\u00fcnyesinde \u00e7al\u0131\u015fan iki arkada\u015f\u0131m\u0131z her g\u00fcn iki k\u00f6ye giderek, oralara kitap ula\u015ft\u0131rmaya \u00e7al\u0131\u015f\u0131yor. Bir k\u00f6ye gitti\u011fimizde orada b\u0131rakt\u0131\u011f\u0131m\u0131z kitaplar\u0131 tekrar almak i\u00e7in 15 g\u00fcn sonra yine gidiyoruz. Daha \u00f6nce b\u0131rakt\u0131\u011f\u0131m\u0131z kitaplar\u0131 al\u0131p, yerine yenisini veriyoruz.&#8221;Ayr\u0131ca Karabulut, yeti\u015fkinlerin okumalar\u0131 i\u00e7in de kitap g\u00f6t\u00fcrme \u00e7al\u0131\u015fmalar\u0131n\u0131n oldu\u011funu ifade etti.<\/p>\n<p><a href=\"http:\/\/www.cinarinsesi.com\" target=\"_blank\" rel=\"noopener\">Kaynak<\/a><\/p>\n","protected":false},"excerpt":{"rendered":"<p>Ad\u0131yaman \u0130l Halk K\u00fct\u00fcphanesi M\u00fcd\u00fcr\u00fc Filiz Karabulut, \u00e7ocuklara okuma al\u0131\u015fkanl\u0131\u011f\u0131 edindirme ve farkl\u0131 kitaplarla bulu\u015fmalar\u0131n\u0131 sa\u011flamak amac\u0131yla k\u00f6y k\u00f6y gezen gezici k\u00fct\u00fcphane hakk\u0131nda \u0130LKHA&#8217;ya bilgilendirmelerde bulundu. \u00d6\u011frencilere kitap okumay\u0131 sevdirmek amac\u0131yla k\u00f6ylere gittiklerini belirten Karabulut, \u00e7ocuklar\u0131n geli\u015fimi i\u00e7in okul idarecileri ve \u00f6\u011fretmenlerle birlikte \u00e7al\u0131\u015fma y\u00fcr\u00fctt\u00fcklerini s\u00f6yledi.<\/p>\n","protected":false},"author":1,"featured_media":22966,"comment_status":"open","ping_status":"open","sticky":false,"template":"","format":"standard","meta":{"footnotes":""},"categories":[1486],"tags":[1440],"class_list":["post-22965","post","type-post","status-publish","format-standard","has-post-thumbnail","hentry","category-gezici-kutuphane","tag-gezici-kutuphaneler"],"_links":{"self":[{"href":"https:\/\/www.bbyhaber.com\/bby\/wp-json\/wp\/v2\/posts\/22965"}],"collection":[{"href":"https:\/\/www.bbyhaber.com\/bby\/wp-json\/wp\/v2\/posts"}],"about":[{"href":"https:\/\/www.bbyhaber.com\/bby\/wp-json\/wp\/v2\/types\/post"}],"author":[{"embeddable":true,"href":"https:\/\/www.bbyhaber.com\/bby\/wp-json\/wp\/v2\/users\/1"}],"replies":[{"embeddable":true,"href":"https:\/\/www.bbyhaber.com\/bby\/wp-json\/wp\/v2\/comments?post=22965"}],"version-history":[{"count":2,"href":"https:\/\/www.bbyhaber.com\/bby\/wp-json\/wp\/v2\/posts\/22965\/revisions"}],"predecessor-version":[{"id":22969,"href":"https:\/\/www.bbyhaber.com\/bby\/wp-json\/wp\/v2\/posts\/22965\/revisions\/22969"}],"wp:featuredmedia":[{"embeddable":true,"href":"https:\/\/www.bbyhaber.com\/bby\/wp-json\/wp\/v2\/media\/22966"}],"wp:attachment":[{"href":"https:\/\/www.bbyhaber.com\/bby\/wp-json\/wp\/v2\/media?parent=22965"}],"wp:term":[{"taxonomy":"category","embeddable":true,"href":"https:\/\/www.bbyhaber.com\/bby\/wp-json\/wp\/v2\/categories?post=22965"},{"taxonomy":"post_tag","embeddable":true,"href":"https:\/\/www.bbyhaber.com\/bby\/wp-json\/wp\/v2\/tags?post=22965"}],"curies":[{"name":"wp","href":"https:\/\/api.w.org\/{rel}","templated":true}]}}