{"id":22945,"date":"2017-11-13T13:32:37","date_gmt":"2017-11-13T10:32:37","guid":{"rendered":"http:\/\/www.bbyhaber.com\/bby\/?p=22945"},"modified":"2017-11-13T13:44:59","modified_gmt":"2017-11-13T10:44:59","slug":"cok-sukur-bu-yili-da-30-kadro-ile-kapattik","status":"publish","type":"post","link":"https:\/\/www.bbyhaber.com\/bby\/2017\/11\/13\/cok-sukur-bu-yili-da-30-kadro-ile-kapattik","title":{"rendered":"\u00c7ok \u015e\u00fck\u00fcr!!! Bu y\u0131l\u0131 da 30 kadro ile kapatt\u0131k!"},"content":{"rendered":"<p><a href=\"http:\/\/www.bbyhaber.com\/bby\/wp-content\/uploads\/2017\/11\/2012-2014-2016-kpss-atamalari.jpg\"><img loading=\"lazy\" decoding=\"async\" class=\"alignleft size-full wp-image-22948\" src=\"http:\/\/www.bbyhaber.com\/bby\/wp-content\/uploads\/2017\/11\/2012-2014-2016-kpss-atamalari.jpg\" alt=\"\" width=\"390\" height=\"180\" \/><\/a>De\u011ferli meslekta\u015flar\u0131m\u0131z; bu y\u0131l\u0131n son al\u0131m\u0131, <strong>2016 KPSS<\/strong>\u00a0s\u0131nav sonucunun ise\u00a0<strong>3.al\u0131m\u0131 olan <a href=\"http:\/\/www.bbyhaber.com\/bby\/2017\/11\/10\/2017-2-kpss-atama-yapilacak-bby-kadro-kurum-ve-unvan-listesi\" target=\"_blank\" rel=\"noopener\">2017\/2<\/a><\/strong> tercih d\u00f6nemi ile birlikte <strong>2017 y\u0131l\u0131nda Bilgi ve Belge Y\u00f6netimi alan\u0131m\u0131za a\u00e7\u0131lan toplam kadro say\u0131s\u0131 30<\/strong> olmu\u015ftur. Detayl\u0131 da\u011f\u0131l\u0131mlar yandaki tabloda yer almaktad\u0131r.\u00a0 Tabloda <strong>2012, 2014 ve 2016 KPSS s\u0131nav sonu\u00e7lar\u0131<\/strong>na g\u00f6re her y\u0131l yap\u0131lan al\u0131mlar\u0131n da\u011f\u0131l\u0131mlar\u0131 mevcuttur.<!--more--><\/p>\n<p>Tabloda da g\u00f6r\u00fcld\u00fc\u011f\u00fc ve <a href=\"http:\/\/www.bbyhaber.com\/bby\/2017\/06\/19\/20171-tercih-donemi-icin-bby-kpss-kadrolarinin-degerlendirilmesi\" target=\"_blank\" rel=\"noopener\">daha \u00f6nceki haberler<\/a>imizde de s\u00fcrekli dile getirdi\u011fimiz gibi, alan\u0131m\u0131za a\u00e7\u0131lan kadrolarda d\u00fc\u015f\u00fc\u015f ya\u015fanmaktad\u0131r.<\/p>\n<p>K\u00fclt\u00fcr ve Turizm Bakanl\u0131\u011f\u0131&#8217;n\u0131n s\u00f6zle\u015fmeli 200 K\u00fct\u00fcphaneci kadrosunu hari\u00e7 tutup, \u00d6SYM taraf\u0131ndan yap\u0131lan\u00a0<a href=\"http:\/\/www.bbyhaber.com\/bby\/2017\/04\/27\/son-10-yilda-bilgi-ve-belge-yonetimine-kpssden-acilan-kadrolar-ve-atama-sayilari\" target=\"_blank\" rel=\"noopener\">di\u011fer y\u0131llardaki kadro da\u011f\u0131l\u0131mlar\u0131<\/a>\u00a0incelendi\u011finde, 2017 y\u0131l\u0131 en az K\u00fct\u00fcphaneci kadrosunun (<strong>bir y\u0131lda 15 K\u00fct\u00fcphaneci<\/strong>) ve <strong>toplamda a\u00e7\u0131lan 30 kadro ile en az kadronun<\/strong>\u00a0a\u00e7\u0131ld\u0131\u011f\u0131 y\u0131l olmu\u015ftur.<\/p>\n<p>Daha \u00f6ncedeki haber i\u00e7eriklerinde bahsetti\u011fimiz konu \u015fu idi; umar\u0131z K\u00fclt\u00fcr ve Turizm Bakanl\u0131\u011f\u0131 yapt\u0131\u011f\u0131 son s\u00f6zle\u015fmeli atama ile al\u0131mlar\u0131n\u0131 durdurmaz ve her atama d\u00f6neminde kadro a\u00e7ar!!! <a href=\"http:\/\/www.bbyhaber.com\/bby\/2017\/06\/19\/20171-tercih-donemi-icin-bby-kpss-kadrolarinin-degerlendirilmesi\" target=\"_blank\" rel=\"noopener\">demi\u015ftik<\/a>; fakat durum malesef b\u00f6yle olmad\u0131 ve\u00a0 son iki atamada da s\u0131f\u0131r (0) \u00e7ekti! Zaten Okul K\u00fct\u00fcphaneleri tarihinde hi\u00e7 K\u00fct\u00fcphaneci kadrosu a\u00e7mad\u0131!<\/p>\n<p><span style=\"color: #0000ff;\"><strong>Sonu\u00e7<\/strong><\/span> olarak atama bekleyen binlerce meslekta\u015f\u0131m\u0131z diyor ki; t\u00fcm camiam\u0131z\u0131n bu gidi\u015fata bir dur demesi gerekti\u011fini ve herkesin elini ta\u015f\u0131n alt\u0131na koymas\u0131n\u0131, yetkili her ki\u015fiden yard\u0131m beklediklerini dile getirmektedirler!.<\/p>\n<p><strong><span style=\"color: #0000ff;\">NOT: 2017\/2 ATAMASI \u0130LE ALANIMIZA TOPLAM 3, EVET YANLI\u015e DUYMADINIZ SADECE 3 KADRO A\u00c7ILDI, B\u0130LG\u0130N\u0130ZE!<\/span><\/strong><\/p>\n","protected":false},"excerpt":{"rendered":"<p>De\u011ferli meslekta\u015flar\u0131m\u0131z; bu y\u0131l\u0131n son al\u0131m\u0131, 2016 KPSS\u00a0s\u0131nav sonucunun ise\u00a03.al\u0131m\u0131 olan 2017\/2 tercih d\u00f6nemi ile birlikte 2017 y\u0131l\u0131nda Bilgi ve Belge Y\u00f6netimi alan\u0131m\u0131za a\u00e7\u0131lan toplam kadro say\u0131s\u0131 30 olmu\u015ftur. Detayl\u0131 da\u011f\u0131l\u0131mlar yandaki tabloda yer almaktad\u0131r.\u00a0 Tabloda 2012, 2014 ve 2016 KPSS s\u0131nav sonu\u00e7lar\u0131na g\u00f6re her y\u0131l yap\u0131lan al\u0131mlar\u0131n da\u011f\u0131l\u0131mlar\u0131 mevcuttur.<\/p>\n","protected":false},"author":1,"featured_media":22948,"comment_status":"open","ping_status":"open","sticky":false,"template":"","format":"standard","meta":{"footnotes":""},"categories":[31],"tags":[977,998,1016],"class_list":["post-22945","post","type-post","status-publish","format-standard","has-post-thumbnail","hentry","category-bbykpss","tag-2017-1-bby-kpss-kadrolari","tag-2017-1-kpss-bby-max-min-puanlar","tag-2017-2-bby-kpss-kadrolari"],"_links":{"self":[{"href":"https:\/\/www.bbyhaber.com\/bby\/wp-json\/wp\/v2\/posts\/22945"}],"collection":[{"href":"https:\/\/www.bbyhaber.com\/bby\/wp-json\/wp\/v2\/posts"}],"about":[{"href":"https:\/\/www.bbyhaber.com\/bby\/wp-json\/wp\/v2\/types\/post"}],"author":[{"embeddable":true,"href":"https:\/\/www.bbyhaber.com\/bby\/wp-json\/wp\/v2\/users\/1"}],"replies":[{"embeddable":true,"href":"https:\/\/www.bbyhaber.com\/bby\/wp-json\/wp\/v2\/comments?post=22945"}],"version-history":[{"count":7,"href":"https:\/\/www.bbyhaber.com\/bby\/wp-json\/wp\/v2\/posts\/22945\/revisions"}],"predecessor-version":[{"id":22953,"href":"https:\/\/www.bbyhaber.com\/bby\/wp-json\/wp\/v2\/posts\/22945\/revisions\/22953"}],"wp:featuredmedia":[{"embeddable":true,"href":"https:\/\/www.bbyhaber.com\/bby\/wp-json\/wp\/v2\/media\/22948"}],"wp:attachment":[{"href":"https:\/\/www.bbyhaber.com\/bby\/wp-json\/wp\/v2\/media?parent=22945"}],"wp:term":[{"taxonomy":"category","embeddable":true,"href":"https:\/\/www.bbyhaber.com\/bby\/wp-json\/wp\/v2\/categories?post=22945"},{"taxonomy":"post_tag","embeddable":true,"href":"https:\/\/www.bbyhaber.com\/bby\/wp-json\/wp\/v2\/tags?post=22945"}],"curies":[{"name":"wp","href":"https:\/\/api.w.org\/{rel}","templated":true}]}}