{"id":2291,"date":"2012-01-25T16:39:07","date_gmt":"2012-01-25T16:39:07","guid":{"rendered":"http:\/\/www.bbyhaber.com\/bby\/?p=2291"},"modified":"2012-10-30T15:55:51","modified_gmt":"2012-10-30T12:55:51","slug":"bilgiyi-engelsiz-kilan-universite-antalya","status":"publish","type":"post","link":"https:\/\/www.bbyhaber.com\/bby\/2012\/01\/25\/bilgiyi-engelsiz-kilan-universite-antalya","title":{"rendered":"Bilgiyi Engelsiz K\u0131lan \u00dcniversite-Antalya"},"content":{"rendered":"<p style=\"text-align: justify;\">Akdeniz \u00dcniversitesi b\u00fcnyesinde 2 y\u0131l \u00f6nce hizmete giren ve 200 bine yak\u0131n elektronik kayna\u011fa eri\u015fim imkan\u0131 sa\u011flayan elektronik engelli k\u00fct\u00fcphanesine kay\u0131t kapt\u0131ran \u00f6\u011frenci say\u0131s\u0131 2009 y\u0131l\u0131nda 18 iken, 2012&#8217;de bu say\u0131 88&#8217;e y\u00fckseldi. Akdeniz \u00dcniversitesi Engelli \u00d6\u011frenci Destek Birimi 2006 y\u0131l\u0131nda kurulduktan sonra engelli \u00f6\u011frenciler i\u00e7in \u00e7al\u0131\u015fma ba\u015flat\u0131ld\u0131. \u0130lk \u00e7al\u0131\u015fma, \u00fcniversiteye elektronik engelli k\u00fct\u00fcphanesi kazand\u0131rmak i\u00e7in oldu.<!--more--> &#8216;Engelli \u00d6\u011frenci Birimi G\u00f6rme Engelliler Salonu&#8217; ad\u0131 alt\u0131nda kamp\u00fcs i\u00e7erisinde 2 y\u0131l \u00f6nce hizmete giren engelli k\u00fct\u00fcphanesi, \u00f6\u011frencilerden yo\u011fun ilgi g\u00f6rd\u00fc. Birime 2009 y\u0131l\u0131nda 18 engelli \u00f6\u011frenci kay\u0131tl\u0131yken, 2012&#8217;de bu say\u0131 88&#8217;e y\u00fckseldi. 43 bedensel engelli, 23 g\u00f6rme engelli, 7 i\u015fitme engelli ve 18&#8217;i sa\u011fl\u0131k sorunu ya\u015fayan gen\u00e7, engelli birimine kay\u0131t oldu ve k\u00fct\u00fcphaneyi kullanmaya ba\u015flad\u0131. Sadece engelli \u00f6\u011frenciler de\u011fil, \u00fcniversitede \u00e7al\u0131\u015fan 50 engelli personel de k\u00fct\u00fcphaneden faydalan\u0131yor. K\u00fct\u00fcphaneye gelen g\u00f6rme ve i\u015fitme engelliler bilgisayarda a\u00e7\u0131lan ekranda sesli ve okuma yaz\u0131l\u0131m\u0131 ile Windows ba\u015fta olmak \u00fczere internet, Office ve bir\u00e7ok ek uygulamay\u0131 rahatl\u0131kla kullanabiliyor.<\/p>\n<p style=\"text-align: justify;\">Hi\u00e7bir ticari ama\u00e7 g\u00fctmeyen Akdeniz \u00dcniversitesi&#8217;nin engelli k\u00fct\u00fcphanesi, T\u00fcrkiye&#8217;de ayn\u0131 alanda hizmet veren Bo\u011fazi\u00e7i \u00dcniversitesi G\u00f6rme Engelliler Teknoloji ve E\u011fitim Merkezi (GETEM), Milli K\u00fct\u00fcphane Konu\u015fan Kitapl\u0131k, Ankara Barosu G\u00f6rme Engelliler Hukuk Kitapl\u0131\u011f\u0131 gibi engelliler i\u00e7in olu\u015fturulan birimlerle ortak \u00e7al\u0131\u015fma y\u00fcr\u00fctmeye ba\u015flad\u0131. Ortak \u00e7al\u0131\u015fmalarla Akdeniz \u00dcniversitesi&#8217;nin engelli k\u00fct\u00fcphanesinde 200 bine yak\u0131n elektronik kayna\u011fa eri\u015fim imkan\u0131 sa\u011flan\u0131yor. G\u00f6rme engelli destek teknolojileri ve kullan\u0131m\u0131 konusunda engelli ve engelsiz \u00dcniversite \u00f6\u011frencilerine, yerel ve ulusal kurum ve kurulu\u015flara bilgi veriliyor.<\/p>\n<p style=\"text-align: justify;\">Kaynak: http:\/\/www.f5haber.com<\/p>\n","protected":false},"excerpt":{"rendered":"<p>Akdeniz \u00dcniversitesi b\u00fcnyesinde 2 y\u0131l \u00f6nce hizmete giren ve 200 bine yak\u0131n elektronik kayna\u011fa eri\u015fim imkan\u0131 sa\u011flayan elektronik engelli k\u00fct\u00fcphanesine kay\u0131t kapt\u0131ran \u00f6\u011frenci say\u0131s\u0131 2009 y\u0131l\u0131nda 18 iken, 2012&#8217;de bu say\u0131 88&#8217;e y\u00fckseldi. Akdeniz \u00dcniversitesi Engelli \u00d6\u011frenci Destek Birimi 2006 y\u0131l\u0131nda kurulduktan sonra engelli \u00f6\u011frenciler i\u00e7in \u00e7al\u0131\u015fma ba\u015flat\u0131ld\u0131. \u0130lk \u00e7al\u0131\u015fma, \u00fcniversiteye elektronik engelli k\u00fct\u00fcphanesi kazand\u0131rmak [&hellip;]<\/p>\n","protected":false},"author":1,"featured_media":0,"comment_status":"open","ping_status":"open","sticky":false,"template":"","format":"standard","meta":{"footnotes":""},"categories":[1484,1485,1,1487],"tags":[204],"class_list":["post-2291","post","type-post","status-publish","format-standard","hentry","category-engelliler-icin-bilgi-merkezleri","category-engelliler-icin-kutuphane","category-genel","category-gorme-engelli-kutuphane","tag-bilgiye-erisimde-engelli-degilsiniz-projesi"],"_links":{"self":[{"href":"https:\/\/www.bbyhaber.com\/bby\/wp-json\/wp\/v2\/posts\/2291"}],"collection":[{"href":"https:\/\/www.bbyhaber.com\/bby\/wp-json\/wp\/v2\/posts"}],"about":[{"href":"https:\/\/www.bbyhaber.com\/bby\/wp-json\/wp\/v2\/types\/post"}],"author":[{"embeddable":true,"href":"https:\/\/www.bbyhaber.com\/bby\/wp-json\/wp\/v2\/users\/1"}],"replies":[{"embeddable":true,"href":"https:\/\/www.bbyhaber.com\/bby\/wp-json\/wp\/v2\/comments?post=2291"}],"version-history":[{"count":0,"href":"https:\/\/www.bbyhaber.com\/bby\/wp-json\/wp\/v2\/posts\/2291\/revisions"}],"wp:attachment":[{"href":"https:\/\/www.bbyhaber.com\/bby\/wp-json\/wp\/v2\/media?parent=2291"}],"wp:term":[{"taxonomy":"category","embeddable":true,"href":"https:\/\/www.bbyhaber.com\/bby\/wp-json\/wp\/v2\/categories?post=2291"},{"taxonomy":"post_tag","embeddable":true,"href":"https:\/\/www.bbyhaber.com\/bby\/wp-json\/wp\/v2\/tags?post=2291"}],"curies":[{"name":"wp","href":"https:\/\/api.w.org\/{rel}","templated":true}]}}