{"id":22838,"date":"2017-10-19T12:28:10","date_gmt":"2017-10-19T09:28:10","guid":{"rendered":"http:\/\/www.bbyhaber.com\/bby\/?p=22838"},"modified":"2018-06-06T10:05:36","modified_gmt":"2018-06-06T07:05:36","slug":"kutuphane-binalari-hakkinda-guncel-egilimler-uzerine-bazi-notlar-prof-dr-bulent-yilmaz","status":"publish","type":"post","link":"https:\/\/www.bbyhaber.com\/bby\/2017\/10\/19\/kutuphane-binalari-hakkinda-guncel-egilimler-uzerine-bazi-notlar-prof-dr-bulent-yilmaz","title":{"rendered":"K\u00fct\u00fcphane Binalar\u0131 Hakk\u0131nda G\u00fcncel E\u011filimler \u00dczerine Baz\u0131 Notlar-Prof.Dr. B\u00fclent Y\u0131lmaz"},"content":{"rendered":"<p>[avatar user=&#8221;bulentyilmaz&#8221; \/]<a href=\"http:\/\/www.bbyhaber.com\/bby\/author\/bulentyilmaz\"><br \/>\nProf.Dr.B\u00fclent YILMAZ<\/a><br \/>\n<strong>Hacettepe \u00dcniversitesi BBY B\u00f6l\u00fcm\u00fc \u00d6\u011fretim \u00dcyesi<\/strong><\/p>\n<p><a href=\"http:\/\/www.bbyhaber.com\/bby\/wp-content\/uploads\/2017\/10\/kutuphane-binalari.jpg\"><img loading=\"lazy\" decoding=\"async\" class=\"alignleft size-full wp-image-22839\" src=\"http:\/\/www.bbyhaber.com\/bby\/wp-content\/uploads\/2017\/10\/kutuphane-binalari.jpg\" alt=\"\" width=\"390\" height=\"180\" \/><\/a>&#8220;K\u00fct\u00fcphane binalar\u0131 ya da k\u00fct\u00fcphanelerde mek\u00e2nsal organizasyon (d\u0131\u015f ve i\u00e7 mimari diyelim) konular\u0131, alan\u0131m\u0131zda g\u00fcndemden hi\u00e7 d\u00fc\u015fmeyen ve tart\u0131\u015f\u0131lan konular&#8221; ifadesiyle s\u00f6zlerine ba\u015flayan Prof.Dr. B\u00fclent Y\u0131lmaz k\u00fct\u00fcphane binalar\u0131 hakk\u0131nda d\u00fc\u015f\u00fcncelerini aktard\u0131.<!--more--><\/p>\n<p><strong>B\u00fcy\u00fck bina ekonomik ve s\u00fcrd\u00fcr\u00fclebilir de\u011fildir.<\/strong><\/p>\n<p>K\u00fct\u00fcphane binalar\u0131 ya da k\u00fct\u00fcphanelerde mek\u00e2nsal organizasyon (d\u0131\u015f ve i\u00e7 mimari diyelim) konular\u0131 alan\u0131m\u0131zda g\u00fcndemden hi\u00e7 d\u00fc\u015fmeyen ve tart\u0131\u015f\u0131lan konulard\u0131r. \u00d6zellikle Bilgi Toplumu parametreleri, teknoloji-k\u00fct\u00fcphane ili\u015fkisi, \u00fc\u00e7\u00fcnc\u00fc mekan, s\u00fcrd\u00fcr\u00fclebilir ye\u015fil (\u00e7evreci) k\u00fct\u00fcphaneler gibi yeni kavramlar k\u00fct\u00fcphane bina ve i\u00e7 mekan d\u00fczenlemelerinde de yeni yakla\u015f\u0131mlar\u0131 g\u00fcndeme getirmi\u015ftir. \u00d6zellikle yeni k\u00fct\u00fcphane planlar\u0131 olu\u015fturmak ya da k\u00fct\u00fcphanelerinde b\u00fcy\u00fck boyutlu de\u011fi\u015fiklikler\/onar\u0131mlar yapmak durumunda kalan meslekta\u015flar\u0131m\u0131z bu konuda doyurucu T\u00fcrk\u00e7e literat\u00fcr de olmad\u0131\u011f\u0131 i\u00e7in sorunlar ya\u015fayabilmektedir. Bu konuda ilkeler d\u00fczeyinde g\u00fcncel baz\u0131 yakla\u015f\u0131m noktalar\u0131n\u0131 bilgi ve yorumlar\u0131n\u0131za sunmak isterim.<\/p>\n<p>\u2022Ulusal (Milli) ve belki b\u00fcy\u00fck \u00fcniversite k\u00fct\u00fcphaneleri i\u00e7in farkl\u0131 ve gerekli olabilir ama \u00f6zellikle halk, \u00e7ocuk ve okul k\u00fct\u00fcphaneleri i\u00e7in \u00e7ok b\u00fcy\u00fck, devasa k\u00fct\u00fcphane binalar\u0131 istisnalar\u0131 d\u0131\u015f\u0131nda tercih edilmemektedir. \u00c7\u00fcnk\u00fc bunlar hem ekonomik, hem personel, hem \u00e7evre ve hem de nitelikli hizmetler a\u00e7\u0131lar\u0131ndan s\u00fcrd\u00fcr\u00fclebilir bulunmamaktad\u0131r. Onun yerine orta ve k\u00fc\u00e7\u00fck \u00f6l\u00e7ekli merkez k\u00fct\u00fcphane binalar\u0131 kente yay\u0131lm\u0131\u015f k\u00fc\u00e7\u00fck \u00f6l\u00e7ekli \u015fube k\u00fct\u00fcphaneleri yakla\u015f\u0131m\u0131 daha ak\u0131lc\u0131 bulunmaktad\u0131r. \u00d6zellikle k\u00fct\u00fcphaneci ve di\u011fer personel sorunu ya\u015fayan T\u00fcrkiye ekonomik ve personel a\u00e7\u0131lar\u0131ndan s\u00fcrd\u00fcr\u00fclebilirlik boyutunu hi\u00e7 unutmadan bu konuda dikkatli olmal\u0131d\u0131r.<\/p>\n<p>\u2022B\u00fcy\u00fck devasa k\u00fct\u00fcphane binalar\u0131n\u0131n \u00fc\u00e7\u00fcnc\u00fc mekan i\u015flevlerinde de yeterince etkili olamayaca\u011f\u0131, gelenlerin sosyalle\u015fmesi ve ileti\u015fimi konular\u0131nda istenen d\u00fczeyde ba\u015far\u0131 sa\u011flanamayaca\u011f\u0131 belirtilmektedir. B\u00fcy\u00fck k\u00fct\u00fcphanelerin kullan\u0131c\u0131lar\u0131 k\u00fct\u00fcphane i\u00e7inde da\u011f\u0131taca\u011f\u0131, birbirinden ay\u0131raca\u011f\u0131 s\u00f6ylenmektedir.<\/p>\n<p>\u2022K\u00fct\u00fcphane binas\u0131n\u0131n b\u00fcy\u00fckl\u00fc\u011f\u00fcn\u00fc ders \u00e7al\u0131\u015fma\/s\u0131navlara haz\u0131rlanma gibi \u00f6zellikle T\u00fcrkiye\u2019de k\u00fct\u00fcphanelerin ba\u015f\u0131n\u0131 a\u011fr\u0131tan konuya g\u00f6re belirlememek gerekmektedir. Elbette yok sayamayaca\u011f\u0131m\u0131z bir durumdur ancak ne kadar b\u00fcy\u00fck bina yaparsak yapal\u0131m bu konuda yetersiz kalaca\u011f\u0131m\u0131z a\u00e7\u0131kt\u0131r. Dolay\u0131s\u0131yla bu belirleyici bir \u00f6l\u00e7\u00fc olmamal\u0131d\u0131r.<\/p>\n<p>\u2022Do\u011fal \u0131\u015f\u0131\u011f\u0131 en fazla yapay \u0131\u015f\u0131\u011f\u0131 (elektrik) en az kullanacak bi\u00e7imde tasar\u0131mlar yapmal\u0131. Mekanlar ayd\u0131nl\u0131k olmal\u0131d\u0131r.<\/p>\n<p>\u2022\u00d6zellikle halk k\u00fct\u00fcphaneleri yerel k\u00fct\u00fcphaneler oldu\u011fundan k\u00fct\u00fcphane mekan tasar\u0131mlar\u0131 da yerel \u00f6zellikler ta\u015f\u0131mal\u0131d\u0131r. Ancak bu yerellik g\u00fcncel s\u00fcbjektif yerellik yakla\u015f\u0131m\u0131 de\u011fil o kentin t\u00fcm tarihini, k\u00fclt\u00fcr\u00fcn\u00fc ifade eden bir yerellik olmal\u0131d\u0131r.<\/p>\n<p>\u2022Elbette ayd\u0131nlatma, \u0131s\u0131tma, havaland\u0131rma, renk unsurlar\u0131 her zaman \u00f6nemli ve k\u00fct\u00fcphane t\u00fcr\u00fcne g\u00f6re de\u011fi\u015fiklik g\u00f6sterir.<\/p>\n<p>\u2022Binalar\u0131n en az enerji t\u00fcketecek bi\u00e7imde d\u00fc\u015f\u00fcn\u00fclmesi gerekiyor. Lambalardan, fotokopi makinalar\u0131na, \u0131s\u0131tmaya kadar bu a\u00e7\u0131dan duyarl\u0131 olunmal\u0131d\u0131r.<\/p>\n<p>\u2022Her a\u015famada k\u00fct\u00fcphaneci-mimar i\u015fbirli\u011fi mutlaka sa\u011flanmal\u0131d\u0131r.<\/p>\n<p>\u2022K\u00fct\u00fcphane mekanlar\u0131 bilgilenme, e\u011fitim, k\u00fclt\u00fcr, bo\u015f zamanlar\u0131 ge\u00e7irme, sesli-sessiz ortamlar yaratma, bireysel-grup \u00e7al\u0131\u015fmalar\u0131na olanak sa\u011flama, kafeterya gibi oturma-beslenme alanlar\u0131 sunma gibi noktalar\u0131 da dikkate almal\u0131d\u0131r.<\/p>\n<p>\u2022K\u00fct\u00fcphane i\u00e7inde \u00e7ok fazla duvar olmamal\u0131d\u0131r. M\u00fcmk\u00fcn oldu\u011funca cam kullan\u0131lmal\u0131d\u0131r.<\/p>\n<p>\u2022K\u00fct\u00fcphane binalar\u0131n\u0131n yukar\u0131 do\u011fru \u00e7ok katl\u0131 olmak yerine m\u00fcmk\u00fcnse enine geni\u015f olmas\u0131 tercih edilmelidir. Farkl\u0131 b\u00f6l\u00fcmlerin birbirine kom\u015fu olmas\u0131, personel ofislerinin kullan\u0131c\u0131 alanlar\u0131ndan kopuk olmamas\u0131 da \u00f6nemlidir.<\/p>\n<p>\u2022Kullan\u0131lmayan at\u0131l alanlar (koridor, merdiven bo\u015flu\u011fu vb.) en az olmal\u0131d\u0131r.<\/p>\n<p>\u2022B\u00f6l\u00fcmlerin yerle\u015ftirilmesi ak\u0131lc\u0131 ve i\u015flevsel olmal\u0131d\u0131r.<\/p>\n<p>\u2022K\u00fct\u00fcphane mekan\u0131 teknolojiyi k\u00fct\u00fcphane i\u00e7ine da\u011f\u0131t\u0131p yedirmeli, mekan-teknoloji b\u00fct\u00fcnle\u015fmesi sa\u011flanmal\u0131d\u0131r.<\/p>\n<p>Ana fikir: B\u00fcy\u00fck k\u00fct\u00fcphane binas\u0131 istisnalar\u0131 d\u0131\u015f\u0131nda ekonomik ve s\u00fcrd\u00fcr\u00fclebilir de\u011fildir.<\/p>\n","protected":false},"excerpt":{"rendered":"<p>[avatar user=&#8221;bulentyilmaz&#8221; \/] Prof.Dr.B\u00fclent YILMAZ Hacettepe \u00dcniversitesi BBY B\u00f6l\u00fcm\u00fc \u00d6\u011fretim \u00dcyesi &#8220;K\u00fct\u00fcphane binalar\u0131 ya da k\u00fct\u00fcphanelerde mek\u00e2nsal organizasyon (d\u0131\u015f ve i\u00e7 mimari diyelim) konular\u0131, alan\u0131m\u0131zda g\u00fcndemden hi\u00e7 d\u00fc\u015fmeyen ve tart\u0131\u015f\u0131lan konular&#8221; ifadesiyle s\u00f6zlerine ba\u015flayan Prof.Dr. B\u00fclent Y\u0131lmaz k\u00fct\u00fcphane binalar\u0131 hakk\u0131nda d\u00fc\u015f\u00fcncelerini aktard\u0131.<\/p>\n","protected":false},"author":146,"featured_media":22839,"comment_status":"open","ping_status":"open","sticky":false,"template":"","format":"standard","meta":{"footnotes":""},"categories":[1502],"tags":[1460,1014,1436],"class_list":["post-22838","post","type-post","status-publish","format-standard","has-post-thumbnail","hentry","category-prof-dr-bulent-yilmaz","tag-kose-yazarlari","tag-kutuphane-binalari","tag-kutuphaneler"],"_links":{"self":[{"href":"https:\/\/www.bbyhaber.com\/bby\/wp-json\/wp\/v2\/posts\/22838"}],"collection":[{"href":"https:\/\/www.bbyhaber.com\/bby\/wp-json\/wp\/v2\/posts"}],"about":[{"href":"https:\/\/www.bbyhaber.com\/bby\/wp-json\/wp\/v2\/types\/post"}],"author":[{"embeddable":true,"href":"https:\/\/www.bbyhaber.com\/bby\/wp-json\/wp\/v2\/users\/146"}],"replies":[{"embeddable":true,"href":"https:\/\/www.bbyhaber.com\/bby\/wp-json\/wp\/v2\/comments?post=22838"}],"version-history":[{"count":6,"href":"https:\/\/www.bbyhaber.com\/bby\/wp-json\/wp\/v2\/posts\/22838\/revisions"}],"predecessor-version":[{"id":24464,"href":"https:\/\/www.bbyhaber.com\/bby\/wp-json\/wp\/v2\/posts\/22838\/revisions\/24464"}],"wp:featuredmedia":[{"embeddable":true,"href":"https:\/\/www.bbyhaber.com\/bby\/wp-json\/wp\/v2\/media\/22839"}],"wp:attachment":[{"href":"https:\/\/www.bbyhaber.com\/bby\/wp-json\/wp\/v2\/media?parent=22838"}],"wp:term":[{"taxonomy":"category","embeddable":true,"href":"https:\/\/www.bbyhaber.com\/bby\/wp-json\/wp\/v2\/categories?post=22838"},{"taxonomy":"post_tag","embeddable":true,"href":"https:\/\/www.bbyhaber.com\/bby\/wp-json\/wp\/v2\/tags?post=22838"}],"curies":[{"name":"wp","href":"https:\/\/api.w.org\/{rel}","templated":true}]}}