{"id":22825,"date":"2017-10-18T15:26:01","date_gmt":"2017-10-18T12:26:01","guid":{"rendered":"http:\/\/www.bbyhaber.com\/bby\/?p=22825"},"modified":"2017-10-18T15:31:01","modified_gmt":"2017-10-18T12:31:01","slug":"bisikletli-kutuphaneci-komsu-ildeki-cocuklara-da-ulasiyor","status":"publish","type":"post","link":"https:\/\/www.bbyhaber.com\/bby\/2017\/10\/18\/bisikletli-kutuphaneci-komsu-ildeki-cocuklara-da-ulasiyor","title":{"rendered":"&#8216;Bisikletli k\u00fct\u00fcphaneci&#8217; kom\u015fu ildeki \u00e7ocuklara da ula\u015f\u0131yor"},"content":{"rendered":"<p class=\"selectionShareable\"><strong><a href=\"http:\/\/www.bbyhaber.com\/bby\/wp-content\/uploads\/2017\/10\/bisikletli-kutuphaneci-hakan-yucel.jpg\"><img loading=\"lazy\" decoding=\"async\" class=\"alignleft size-full wp-image-22826\" src=\"http:\/\/www.bbyhaber.com\/bby\/wp-content\/uploads\/2017\/10\/bisikletli-kutuphaneci-hakan-yucel.jpg\" alt=\"\" width=\"390\" height=\"180\" \/><\/a>Bitlis<\/strong>&#8216;te arkas\u0131na sepet takt\u0131\u011f\u0131 bisikletiyle kilometrelerce yol katedip k\u00f6y \u00e7ocuklar\u0131na kitap da\u011f\u0131tan Halk K\u00fct\u00fcphanesi M\u00fcd\u00fcr Vekili\u00a0<strong>Hakan Y\u00fccel<\/strong>, kom\u015fu il Mu\u015f&#8217;taki \u00e7ocuklar\u0131 da unutmad\u0131. K\u00f6y \u00e7ocuklar\u0131n\u0131n &#8220;<strong>bisikletli k\u00fct\u00fcphaneci<\/strong>&#8221; olarak tan\u0131d\u0131\u011f\u0131 Y\u00fccel, \u00f6\u011frencilere kitap da\u011f\u0131tmay\u0131 s\u00fcrd\u00fcr\u00fcyor. Bu kapsamda Mu\u015f&#8217;un Sungu beldesindeki Sungu Ortaokulu&#8217;nda g\u00f6rev yapan matematik \u00f6\u011fretmeni Ceyda \u00d6z\u015fim\u015fek, Y\u00fccel&#8217;e ula\u015farak \u00f6\u011frenciler i\u00e7in kitap talebinde bulundu.<!--more--><\/p>\n<p class=\"selectionShareable\">Talebi geri \u00e7evirmeyen Y\u00fccel, T\u00fcrk bayra\u011f\u0131 as\u0131l\u0131 bisikletinin arkas\u0131ndaki sepete Bitlis&#8217;te y\u00fckledi\u011fi <strong>200 kitab\u0131 80 kilometre uzaktaki okula getirdi<\/strong>. \u00d6\u011fretmen ve \u00f6\u011frenciler, balonla s\u00fcsledikleri bisikletleriyle belde giri\u015finde Y\u00fccel&#8217;i kar\u015f\u0131layarak &#8220;bisikletli k\u00fct\u00fcphaneci&#8221;ye okul bah\u00e7esine kadar e\u015flik etti.<\/p>\n<p><strong>&#8220;Hayat\u0131mda ilk defa b\u00f6yle bir gurur ya\u015fad\u0131m&#8221;<\/strong><\/p>\n<p class=\"selectionShareable\">\u00c7ocuklara kitaplar\u0131 da\u011f\u0131tan Y\u00fccel, AA muhabirine yapt\u0131\u011f\u0131 a\u00e7\u0131klamada, T\u00fcrkiye&#8217;nin d\u00f6rt bir yan\u0131ndan hediye gelen kitaplar\u0131 Bitlis&#8217;teki k\u00f6y \u00e7ocuklar\u0131na bisikletiyle ula\u015ft\u0131rd\u0131\u011f\u0131n\u0131 s\u00f6yledi.Kitap da\u011f\u0131tmak i\u00e7in ilk defa \u015fehir d\u0131\u015f\u0131na \u00e7\u0131kt\u0131\u011f\u0131n\u0131 anlatan Y\u00fccel, \u015f\u00f6yle konu\u015ftu: &#8220;Ceyda \u00f6\u011fretmen, g\u00f6zleri parlayan \u00f6\u011frencilerle beni bulu\u015fturdu. \u00c7ok b\u00fcy\u00fck s\u00fcrpriz yapt\u0131lar. Okulun bir kilometre gerisinde \u00f6n\u00fcme bisikletli kortej geldi. Beni alk\u0131\u015f ve tezah\u00fcratlarla kar\u015f\u0131lad\u0131lar. Hayat\u0131mda ilk defa b\u00f6yle bir gurur ya\u015fad\u0131m. Umar\u0131m \u00e7ocuklar\u0131m\u0131z getirdi\u011fim kitaplar\u0131 okurlar. Amac\u0131m\u0131z \u00f6\u011frencilerin gelece\u011fine bir katk\u0131 sunmak. \u0130n\u015fallah \u00f6\u011frencilere bir \u0131\u015f\u0131k katm\u0131\u015f ve yollar\u0131n\u0131 ayd\u0131nlatm\u0131\u015f\u0131md\u0131r.&#8221;<\/p>\n<p><strong>560 kilometre yol katedip 12 k\u00f6yde bin \u00e7ocu\u011fa ula\u015ft\u0131<\/strong><\/p>\n<p class=\"selectionShareable\">Bisikletiyle bir y\u0131lda 560 kilometre yol katetti\u011fini, 12 k\u00f6ydeki bin \u00f6\u011frenciye ula\u015ft\u0131\u011f\u0131n\u0131 dile getiren Y\u00fccel, &#8220;Bisikletle kitap da\u011f\u0131tmak her zaman ilgi \u00e7ekiyor. Amac\u0131m, fark\u0131ndal\u0131k yaratmak ve insanlar\u0131n ilgisini \u00e7ekip, daha \u00e7ok kitab\u0131n k\u00fct\u00fcphaneye hediye edilmesini sa\u011flamak.&#8221; dedi.<\/p>\n<p><strong>&#8220;\u00c7ocuklar\u0131n g\u00fcl\u00fc\u015f\u00fcn\u00fc g\u00f6r\u00fcnce g\u00fc\u00e7 geliyor&#8221;<\/strong><\/p>\n<p class=\"selectionShareable\">Kitap okuma al\u0131\u015fkanl\u0131\u011f\u0131n\u0131n \u00f6zellikle k\u00fc\u00e7\u00fck ya\u015flarda kazand\u0131r\u0131lmas\u0131 gerekti\u011fine i\u015faret eden Y\u00fccel, \u015funlar\u0131 kaydetti: &#8220;Hedefim yere kar d\u00fc\u015fmeden daha \u00e7ok k\u00f6ye ula\u015fmak. Elimde kitap ne kadar fazla olursa hedefim o kadar y\u00fcksek olacak. Ne kadar \u00e7ok kitap gelirse o kadar k\u00f6ye ula\u015fabilirim. \u00c7ocuklar\u0131n g\u00fcl\u00fc\u015f\u00fcn\u00fc g\u00f6rd\u00fckten sonra bacaklar\u0131mdaki g\u00fc\u00e7 bitmiyor, daha \u00e7ok g\u00fc\u00e7 geliyor. Sungu Ortaokulu&#8217;na gelmek i\u00e7in 80 kilometre yol ald\u0131m. \u00c7ocuklar\u0131n g\u00fcl\u00fc\u015flerini hep beraber g\u00f6rd\u00fck. Hayat\u0131mda ilk defa b\u00f6yle bir duygu ya\u015fad\u0131m.&#8221;<\/p>\n<p><a href=\"http:\/\/aa.com.tr\/tr\" target=\"_blank\" rel=\"noopener\">Kaynak<\/a><\/p>\n","protected":false},"excerpt":{"rendered":"<p>Bitlis&#8216;te arkas\u0131na sepet takt\u0131\u011f\u0131 bisikletiyle kilometrelerce yol katedip k\u00f6y \u00e7ocuklar\u0131na kitap da\u011f\u0131tan Halk K\u00fct\u00fcphanesi M\u00fcd\u00fcr Vekili\u00a0Hakan Y\u00fccel, kom\u015fu il Mu\u015f&#8217;taki \u00e7ocuklar\u0131 da unutmad\u0131. K\u00f6y \u00e7ocuklar\u0131n\u0131n &#8220;bisikletli k\u00fct\u00fcphaneci&#8221; olarak tan\u0131d\u0131\u011f\u0131 Y\u00fccel, \u00f6\u011frencilere kitap da\u011f\u0131tmay\u0131 s\u00fcrd\u00fcr\u00fcyor. Bu kapsamda Mu\u015f&#8217;un Sungu beldesindeki Sungu Ortaokulu&#8217;nda g\u00f6rev yapan matematik \u00f6\u011fretmeni Ceyda \u00d6z\u015fim\u015fek, Y\u00fccel&#8217;e ula\u015farak \u00f6\u011frenciler i\u00e7in kitap talebinde bulundu.<\/p>\n","protected":false},"author":1,"featured_media":22826,"comment_status":"open","ping_status":"open","sticky":false,"template":"","format":"standard","meta":{"footnotes":""},"categories":[1550,1],"tags":[],"class_list":["post-22825","post","type-post","status-publish","format-standard","has-post-thumbnail","hentry","category-bisikletli-kutuphaneci","category-genel"],"_links":{"self":[{"href":"https:\/\/www.bbyhaber.com\/bby\/wp-json\/wp\/v2\/posts\/22825"}],"collection":[{"href":"https:\/\/www.bbyhaber.com\/bby\/wp-json\/wp\/v2\/posts"}],"about":[{"href":"https:\/\/www.bbyhaber.com\/bby\/wp-json\/wp\/v2\/types\/post"}],"author":[{"embeddable":true,"href":"https:\/\/www.bbyhaber.com\/bby\/wp-json\/wp\/v2\/users\/1"}],"replies":[{"embeddable":true,"href":"https:\/\/www.bbyhaber.com\/bby\/wp-json\/wp\/v2\/comments?post=22825"}],"version-history":[{"count":5,"href":"https:\/\/www.bbyhaber.com\/bby\/wp-json\/wp\/v2\/posts\/22825\/revisions"}],"predecessor-version":[{"id":22831,"href":"https:\/\/www.bbyhaber.com\/bby\/wp-json\/wp\/v2\/posts\/22825\/revisions\/22831"}],"wp:featuredmedia":[{"embeddable":true,"href":"https:\/\/www.bbyhaber.com\/bby\/wp-json\/wp\/v2\/media\/22826"}],"wp:attachment":[{"href":"https:\/\/www.bbyhaber.com\/bby\/wp-json\/wp\/v2\/media?parent=22825"}],"wp:term":[{"taxonomy":"category","embeddable":true,"href":"https:\/\/www.bbyhaber.com\/bby\/wp-json\/wp\/v2\/categories?post=22825"},{"taxonomy":"post_tag","embeddable":true,"href":"https:\/\/www.bbyhaber.com\/bby\/wp-json\/wp\/v2\/tags?post=22825"}],"curies":[{"name":"wp","href":"https:\/\/api.w.org\/{rel}","templated":true}]}}