{"id":2276,"date":"2012-01-24T18:02:24","date_gmt":"2012-01-24T18:02:24","guid":{"rendered":"http:\/\/www.bbyhaber.com\/bby\/?p=2276"},"modified":"2012-01-24T18:37:45","modified_gmt":"2012-01-24T18:37:45","slug":"van-il-halk-kutuphanesi-kapilarini-kapatti","status":"publish","type":"post","link":"https:\/\/www.bbyhaber.com\/bby\/2012\/01\/24\/van-il-halk-kutuphanesi-kapilarini-kapatti","title":{"rendered":"Van \u0130l Halk K\u00fct\u00fcphanesi Kap\u0131lar\u0131n\u0131 Kapatt\u0131"},"content":{"rendered":"<div style=\"text-align: justify;\">\n<p>Van&#8217;da ya\u015fanan deprem felaketinin ard\u0131ndan \u0130l Halk K\u00fct\u00fcphanesi de kap\u0131lar\u0131n\u0131 kapatt\u0131. Ya\u015fanan 7.2 ve 5.6 \u015fiddetindeki depremlerin ard\u0131ndan yap\u0131lan teknik inceleme sonucu az hasarl\u0131 \u00e7\u0131kan \u0130l Halk K\u00fct\u00fcphanesi, okuyucu kabul etmiyor. Yetkililer, risk almamak i\u00e7in k\u00fct\u00fcphanenin kap\u0131lar\u0131n\u0131 kapat\u0131rken, olu\u015fturulan \u00e7ad\u0131r ve konteyn\u0131r kentlerde k\u00fct\u00fcphane kurmaya ba\u015flad\u0131lar. \u015eimdiye kadar 8 b\u00f6lgede kurulan \u00e7ad\u0131r veya konteyn\u0131r k\u00fct\u00fcphanelere \u00f6\u011frenciler y\u00f6nlendiriliyor. \u00dcniversite s\u0131nav\u0131na haz\u0131rlanan veya k\u00fct\u00fcphanenin \u00fcyesi olan okuyucular, k\u00fct\u00fcphane ortam\u0131 gibi olmasa bile olu\u015fturulan \u00e7ad\u0131r veya konteyn\u0131rlar i\u00e7in yetkilileri te\u015fekk\u00fcr ettiler.<\/p>\n<p>Kaynak: http:\/\/www.gazetevan.com<\/p>\n<\/div>\n","protected":false},"excerpt":{"rendered":"<p>Van&#8217;da ya\u015fanan deprem felaketinin ard\u0131ndan \u0130l Halk K\u00fct\u00fcphanesi de kap\u0131lar\u0131n\u0131 kapatt\u0131. Ya\u015fanan 7.2 ve 5.6 \u015fiddetindeki depremlerin ard\u0131ndan yap\u0131lan teknik inceleme sonucu az hasarl\u0131 \u00e7\u0131kan \u0130l Halk K\u00fct\u00fcphanesi, okuyucu kabul etmiyor. Yetkililer, risk almamak i\u00e7in k\u00fct\u00fcphanenin kap\u0131lar\u0131n\u0131 kapat\u0131rken, olu\u015fturulan \u00e7ad\u0131r ve konteyn\u0131r kentlerde k\u00fct\u00fcphane kurmaya ba\u015flad\u0131lar. \u015eimdiye kadar 8 b\u00f6lgede kurulan \u00e7ad\u0131r veya konteyn\u0131r k\u00fct\u00fcphanelere [&hellip;]<\/p>\n","protected":false},"author":1,"featured_media":0,"comment_status":"open","ping_status":"open","sticky":false,"template":"","format":"standard","meta":{"footnotes":""},"categories":[1],"tags":[],"class_list":["post-2276","post","type-post","status-publish","format-standard","hentry","category-genel"],"_links":{"self":[{"href":"https:\/\/www.bbyhaber.com\/bby\/wp-json\/wp\/v2\/posts\/2276"}],"collection":[{"href":"https:\/\/www.bbyhaber.com\/bby\/wp-json\/wp\/v2\/posts"}],"about":[{"href":"https:\/\/www.bbyhaber.com\/bby\/wp-json\/wp\/v2\/types\/post"}],"author":[{"embeddable":true,"href":"https:\/\/www.bbyhaber.com\/bby\/wp-json\/wp\/v2\/users\/1"}],"replies":[{"embeddable":true,"href":"https:\/\/www.bbyhaber.com\/bby\/wp-json\/wp\/v2\/comments?post=2276"}],"version-history":[{"count":0,"href":"https:\/\/www.bbyhaber.com\/bby\/wp-json\/wp\/v2\/posts\/2276\/revisions"}],"wp:attachment":[{"href":"https:\/\/www.bbyhaber.com\/bby\/wp-json\/wp\/v2\/media?parent=2276"}],"wp:term":[{"taxonomy":"category","embeddable":true,"href":"https:\/\/www.bbyhaber.com\/bby\/wp-json\/wp\/v2\/categories?post=2276"},{"taxonomy":"post_tag","embeddable":true,"href":"https:\/\/www.bbyhaber.com\/bby\/wp-json\/wp\/v2\/tags?post=2276"}],"curies":[{"name":"wp","href":"https:\/\/api.w.org\/{rel}","templated":true}]}}