{"id":22754,"date":"2017-10-06T15:32:03","date_gmt":"2017-10-06T12:32:03","guid":{"rendered":"http:\/\/www.bbyhaber.com\/bby\/?p=22754"},"modified":"2017-10-18T23:55:05","modified_gmt":"2017-10-18T20:55:05","slug":"istanbul-universitesi-uzman-is-ilani-son-basvuru-18-10-2017","status":"publish","type":"post","link":"https:\/\/www.bbyhaber.com\/bby\/2017\/10\/06\/istanbul-universitesi-uzman-is-ilani-son-basvuru-18-10-2017","title":{"rendered":"\u0130stanbul \u00dcniversitesi UZMAN \u0130\u015f \u0130lan\u0131-Son Ba\u015fvuru-18.10.2017"},"content":{"rendered":"<p class=\"m_-3732665463638293653gmail-MsoNoSpacing\"><a href=\"http:\/\/www.bbyhaber.com\/bby\/wp-content\/uploads\/2017\/09\/ist-bby-is-ilani.jpg\"><img loading=\"lazy\" decoding=\"async\" class=\"alignleft size-full wp-image-22747\" src=\"http:\/\/www.bbyhaber.com\/bby\/wp-content\/uploads\/2017\/09\/ist-bby-is-ilani.jpg\" alt=\"\" width=\"319\" height=\"180\" \/><\/a>\u0130STANBUL \u00dcN\u0130VERS\u0130TES\u0130&#8212;&gt;EDEB\u0130YAT FAK\u00dcLTES\u0130&#8212;&gt;B\u0130LG\u0130 VE BELGE Y\u00d6NET\u0130M\u0130 B\u00d6L\u00dcM\u00dc&#8212;&gt;AR\u015e\u0130VC\u0130L\u0130K ANAB\u0130L\u0130M DALI&#8217;na; &#8220;<strong>Bilgi ve Belge Y\u00f6netimi lisans mezunu olup, Bilgi ve Belge Y\u00f6netimi Anabilim Dal\u0131nda Tezli Y\u00fcksek Lisans E\u011fitimi yapm\u0131\u015f olmak.<\/strong>&#8221; \u00f6zel \u015fart\u0131 ile <span style=\"color: #ff0000;\"><strong>1<\/strong>\u00a0<\/span><strong>UZMAN\u00a0<\/strong>al\u0131nacakt\u0131r.<br \/>\n<!--more--><\/p>\n<table style=\"color: #000000; font-family: Arial, Tahoma, Verdana; font-size: 15px; line-height: 18px;\" border=\"1\" width=\"344\" cellspacing=\"0\" cellpadding=\"0\">\n<colgroup>\n<col width=\"233\" \/>\n<col width=\"111\" \/> <\/colgroup>\n<tbody>\n<tr>\n<td width=\"233\" height=\"20\">Kadro Unvan<\/td>\n<td width=\"111\"><strong>UZMAN<\/strong><\/td>\n<\/tr>\n<tr>\n<td height=\"20\">ALES<\/td>\n<td><strong>70<\/strong><\/td>\n<\/tr>\n<tr>\n<td height=\"20\">YDS\/Dengi<\/td>\n<td><b>50<\/b><\/td>\n<\/tr>\n<tr>\n<td height=\"20\">Kadro Say\u0131s\u0131<\/td>\n<td><span style=\"color: #ff0000;\"><b>1<\/b><\/span><\/td>\n<\/tr>\n<tr>\n<td height=\"20\">Kadro Derecesi<\/td>\n<td>1<\/td>\n<\/tr>\n<tr>\n<td height=\"20\">Ba\u015fvuru Tipi<\/td>\n<td><strong>Posta, \u015eahsen<\/strong><\/td>\n<\/tr>\n<tr>\n<td height=\"20\"><strong><span style=\"color: #0000ff;\">\u00d6zel \u015eart<\/span><\/strong><\/td>\n<td style=\"text-align: justify;\"><strong><strong>Bilgi ve Belge Y\u00f6netimi lisans mezunu olup, Bilgi ve Belge Y\u00f6netimi Anabilim Dal\u0131nda Tezli Y\u00fcksek Lisans E\u011fitimi yapm\u0131\u015f olmak.<\/strong><\/strong><\/td>\n<\/tr>\n<tr>\n<td height=\"20\">Ba\u015fvuru Yeri<\/td>\n<td><strong>EDEB\u0130YAT FAK\u00dcLTES\u0130 DEKANLI\u011eI<\/strong><\/td>\n<\/tr>\n<tr>\n<td height=\"20\"><strong style=\"color: #ff0000; font-family: Arial, Tahoma, Verdana; font-size: 15px; line-height: 18px;\">Son Ba\u015fvuru Tarihi<\/strong><\/td>\n<td><span style=\"font-family: Arial, Tahoma, Verdana;\"><span style=\"font-size: 15px;\"><strong>18.10.2017<\/strong><\/span><\/span><\/td>\n<\/tr>\n<tr>\n<td height=\"20\">\u00d6n De\u011ferlendirme Tarihi<\/td>\n<td>24.10.2017<\/td>\n<\/tr>\n<tr>\n<td height=\"20\">S\u0131nav Giri\u015f Tarihi<\/td>\n<td>01.11.2017<\/td>\n<\/tr>\n<tr>\n<td height=\"20\"><span style=\"color: #0000ff;\"><strong>Sonu\u00e7 A\u00e7\u0131klama Tarihi<\/strong><\/span><\/td>\n<td><strong>06.11.2017<\/strong><\/td>\n<\/tr>\n<\/tbody>\n<\/table>\n<p><a href=\"https:\/\/yoksis.yok.gov.tr\/ilansayfa\/?sessionid=61207\" target=\"_blank\" rel=\"noopener noreferrer\"><span style=\"color: #0000ff;\"><strong><span style=\"color: #0000ff;\">Daha fazla bilgi ve belge i\u00e7in t\u0131klay\u0131n\u0131z<\/span><\/strong><\/span><\/a><\/p>\n","protected":false},"excerpt":{"rendered":"<p>\u0130STANBUL \u00dcN\u0130VERS\u0130TES\u0130&#8212;&gt;EDEB\u0130YAT FAK\u00dcLTES\u0130&#8212;&gt;B\u0130LG\u0130 VE BELGE Y\u00d6NET\u0130M\u0130 B\u00d6L\u00dcM\u00dc&#8212;&gt;AR\u015e\u0130VC\u0130L\u0130K ANAB\u0130L\u0130M DALI&#8217;na; &#8220;Bilgi ve Belge Y\u00f6netimi lisans mezunu olup, Bilgi ve Belge Y\u00f6netimi Anabilim Dal\u0131nda Tezli Y\u00fcksek Lisans E\u011fitimi yapm\u0131\u015f olmak.&#8221; \u00f6zel \u015fart\u0131 ile 1\u00a0UZMAN\u00a0al\u0131nacakt\u0131r.<\/p>\n","protected":false},"author":1,"featured_media":22747,"comment_status":"open","ping_status":"open","sticky":false,"template":"","format":"standard","meta":{"footnotes":""},"categories":[],"tags":[1393],"class_list":["post-22754","post","type-post","status-publish","format-standard","has-post-thumbnail","hentry","tag-bby-is-ilanlari-arsivi"],"_links":{"self":[{"href":"https:\/\/www.bbyhaber.com\/bby\/wp-json\/wp\/v2\/posts\/22754"}],"collection":[{"href":"https:\/\/www.bbyhaber.com\/bby\/wp-json\/wp\/v2\/posts"}],"about":[{"href":"https:\/\/www.bbyhaber.com\/bby\/wp-json\/wp\/v2\/types\/post"}],"author":[{"embeddable":true,"href":"https:\/\/www.bbyhaber.com\/bby\/wp-json\/wp\/v2\/users\/1"}],"replies":[{"embeddable":true,"href":"https:\/\/www.bbyhaber.com\/bby\/wp-json\/wp\/v2\/comments?post=22754"}],"version-history":[{"count":1,"href":"https:\/\/www.bbyhaber.com\/bby\/wp-json\/wp\/v2\/posts\/22754\/revisions"}],"predecessor-version":[{"id":22755,"href":"https:\/\/www.bbyhaber.com\/bby\/wp-json\/wp\/v2\/posts\/22754\/revisions\/22755"}],"wp:featuredmedia":[{"embeddable":true,"href":"https:\/\/www.bbyhaber.com\/bby\/wp-json\/wp\/v2\/media\/22747"}],"wp:attachment":[{"href":"https:\/\/www.bbyhaber.com\/bby\/wp-json\/wp\/v2\/media?parent=22754"}],"wp:term":[{"taxonomy":"category","embeddable":true,"href":"https:\/\/www.bbyhaber.com\/bby\/wp-json\/wp\/v2\/categories?post=22754"},{"taxonomy":"post_tag","embeddable":true,"href":"https:\/\/www.bbyhaber.com\/bby\/wp-json\/wp\/v2\/tags?post=22754"}],"curies":[{"name":"wp","href":"https:\/\/api.w.org\/{rel}","templated":true}]}}