{"id":22714,"date":"2017-09-28T14:26:34","date_gmt":"2017-09-28T11:26:34","guid":{"rendered":"http:\/\/www.bbyhaber.com\/bby\/?p=22714"},"modified":"2018-06-06T10:05:42","modified_gmt":"2018-06-06T07:05:42","slug":"turkiyede-70-bin-kisiye-bir-halk-kutuphanesi-dusuyor","status":"publish","type":"post","link":"https:\/\/www.bbyhaber.com\/bby\/2017\/09\/28\/turkiyede-70-bin-kisiye-bir-halk-kutuphanesi-dusuyor","title":{"rendered":"T\u00fcrkiye&#8217;de 70 bin ki\u015fiye bir halk k\u00fct\u00fcphanesi d\u00fc\u015f\u00fcyor"},"content":{"rendered":"<p>[avatar user=&#8221;bulentyilmaz&#8221; \/]<a href=\"http:\/\/www.bbyhaber.com\/bby\/author\/bulentyilmaz\"><br \/>\nProf.Dr.B\u00fclent YILMAZ<\/a><br \/>\n<strong>Hacettepe \u00dcniversitesi BBY B\u00f6l\u00fcm\u00fc \u00d6\u011fretim \u00dcyesi<\/strong><\/p>\n<p><a href=\"http:\/\/www.bbyhaber.com\/bby\/wp-content\/uploads\/2017\/09\/turkiyede-70-bin-kisiye-bir-halk-kutuphanesi-dusuyor.jpg\"><img loading=\"lazy\" decoding=\"async\" class=\"alignleft size-full wp-image-22715\" src=\"http:\/\/www.bbyhaber.com\/bby\/wp-content\/uploads\/2017\/09\/turkiyede-70-bin-kisiye-bir-halk-kutuphanesi-dusuyor.jpg\" alt=\"\" width=\"390\" height=\"180\" \/><\/a>Uluslararas\u0131 K\u00fct\u00fcphane Dernekleri Federasyonu&#8217;nun (IFLA) yay\u0131mlad\u0131\u011f\u0131\u00a0&#8220;D\u00fcnya K\u00fct\u00fcphane Haritas\u0131&#8221;na g\u00f6re, 2016 itibar\u0131yla Avrupa Birli\u011fi (AB) \u00fclkelerinde yakla\u015f\u0131k 6 bin 300 ki\u015fiye,\u00a0T\u00fcrkiye&#8217;de ise\u00a070 bin ki\u015fiye bir halk k\u00fct\u00fcphanesi\u00a0d\u00fc\u015f\u00fcyor. <strong>Hacettepe \u00dcniversitesi Bilgi ve Belge Y\u00f6netimi \u00d6\u011fretim \u00dcyesi Prof. Dr.\u00a0B\u00fclent Y\u0131lmaz,<\/strong> Uluslararas\u0131 K\u00fct\u00fcphane Dernekleri Federasyonunun (IFLA) yay\u0131mlad\u0131\u011f\u0131 &#8220;D\u00fcnya K\u00fct\u00fcphane Haritas\u0131&#8221; verileri ve T\u00fcrkiye&#8217;deki k\u00fct\u00fcphanelerin durumu hakk\u0131nda bilgi verdi.<!--more--><\/p>\n<p>Y\u0131lmaz, bu tabloyla T\u00fcrkiye&#8217;de modern bir halk k\u00fct\u00fcphanesi hizmeti verilmesinin m\u00fcmk\u00fcn olamayaca\u011f\u0131n\u0131 s\u00f6yledi.<\/p>\n<p>T\u00fcrkiye&#8217;de 2016 sonu itibar\u0131yla K\u00fclt\u00fcr ve Turizm Bakanl\u0131\u011f\u0131na ba\u011fl\u0131 bin 137 halk k\u00fct\u00fcphanesi hizmet verirken, T\u00fcrkiye ile yak\u0131n n\u00fcfuslara sahip Fransa&#8217;da 16 bin 100, \u0130talya&#8217;da 6 bin 42 ve Almanya&#8217;da ise 5 bin 21 halk k\u00fct\u00fcphanesi oldu\u011funu ifade eden Y\u0131lmaz, T\u00fcrkiye&#8217;den \u00e7ok daha az n\u00fcfuslu Polonya&#8217;da 8 bin 50, Romanya&#8217;da 2 bin 406 ve \u00c7ekya&#8217;da 6 bin 245 halk k\u00fct\u00fcphanesi bulundu\u011funu aktard\u0131.<\/p>\n<p>&#8220;Halk k\u00fct\u00fcphanelerinde \u00e7al\u0131\u015fan personel say\u0131s\u0131 itibar\u0131yla T\u00fcrkiye, \u00e7ok olumsuz bir tabloya sahip. Halk k\u00fct\u00fcphanelerinde <strong>2017&#8217;de toplam 3 bin 490 personel, bunun da sadece <span style=\"color: #ff0000;\">584&#8217;\u00fc k\u00fct\u00fcphaneci<\/span> olarak \u00e7al\u0131\u015f\u0131rken<\/strong>, Fransa&#8217;da yakla\u015f\u0131k 30 bin, Almanya&#8217;da 11 bin, Polonya&#8217;da 14 bin ve \u0130spanya&#8217;da 13 bin personel bulunuyor.&#8221; diyen Y\u0131lmaz, T\u00fcrkiye&#8217;nin, halk k\u00fct\u00fcphanelerini geli\u015ftirmek i\u00e7in \u00f6zen g\u00f6stermesi gerekti\u011fini kaydetti.<\/p>\n<p>T\u00fcrkiye&#8217;de 2016&#8217;da \u00f6d\u00fcn\u00e7 al\u0131nan kitap say\u0131s\u0131 9 milyon<\/p>\n<p>K\u00fct\u00fcphanelerden bir y\u0131lda \u00f6d\u00fcn\u00e7 al\u0131nan kitap say\u0131lar\u0131na ili\u015fkin AB ile T\u00fcrkiye aras\u0131ndaki farka i\u015faret eden Y\u0131lmaz, bu say\u0131n\u0131n 2016&#8217;da Almanya&#8217;da yakla\u015f\u0131k 315, T\u00fcrkiye&#8217;de ise 9 milyon oldu\u011funu aktard\u0131.<\/p>\n<p>AB baz al\u0131nd\u0131\u011f\u0131nda n\u00fcfusa g\u00f6re T\u00fcrkiye&#8217;de 12 bin 693 halk k\u00fct\u00fcphanesi olmas\u0131 gerekirken, bug\u00fcn bu say\u0131n\u0131n bin 137 oldu\u011funu s\u00f6yleyen Y\u0131lmaz, &#8220;AB&#8217;de ortalama 6 bin 300 ki\u015fiye, T\u00fcrkiye&#8217;de yakla\u015f\u0131k 70 bin ki\u015fiye bir halk k\u00fct\u00fcphanesi d\u00fc\u015f\u00fcyor. Arada 10 kat fark vard\u0131r. Bu fark olduk\u00e7a b\u00fcy\u00fck.&#8221; diye konu\u015ftu.<\/p>\n<p>Prof. Dr. B\u00fclent Y\u0131lmaz, k\u0131sa, orta ve uzun vadeli bir strateji ve politika belirlemek gerekti\u011fini ifade ederek, \u015funlar\u0131 kaydetti:<\/p>\n<p>&#8220;T\u00fcrkiye&#8217;nin halk k\u00fct\u00fcphaneleri konusunda 10, 25 ve 50 y\u0131ll\u0131k stratejilere ve bak\u0131\u015f a\u00e7\u0131lar\u0131na ihtiyac\u0131 vard\u0131r. G\u00fcnl\u00fck ve ki\u015filere ba\u011fl\u0131 yakla\u015f\u0131mlar sorunlar\u0131 \u00e7\u00f6zmez, art\u0131r\u0131r. \u00d6zellikle k\u00fct\u00fcphane ve personel say\u0131s\u0131 en kritik sorundur. Halk k\u00fct\u00fcphaneleri i\u00e7lerinde \u00e7ok iyi hizmet verenlerin olmas\u0131na ve b\u00fct\u00fcn iyi niyetli \u00e7abalar\u0131na kar\u015f\u0131n, bu haliyle halk\u0131n e\u011fitim ve k\u00fclt\u00fcr hayat\u0131na anlaml\u0131 katk\u0131lar veremez. B\u00f6yle giderse k\u00fct\u00fcphaneler gelecekte yok olma tehlikesiyle kar\u015f\u0131 kar\u015f\u0131ya kalacakt\u0131r.\u201d<\/p>\n","protected":false},"excerpt":{"rendered":"<p>[avatar user=&#8221;bulentyilmaz&#8221; \/] Prof.Dr.B\u00fclent YILMAZ Hacettepe \u00dcniversitesi BBY B\u00f6l\u00fcm\u00fc \u00d6\u011fretim \u00dcyesi Uluslararas\u0131 K\u00fct\u00fcphane Dernekleri Federasyonu&#8217;nun (IFLA) yay\u0131mlad\u0131\u011f\u0131\u00a0&#8220;D\u00fcnya K\u00fct\u00fcphane Haritas\u0131&#8221;na g\u00f6re, 2016 itibar\u0131yla Avrupa Birli\u011fi (AB) \u00fclkelerinde yakla\u015f\u0131k 6 bin 300 ki\u015fiye,\u00a0T\u00fcrkiye&#8217;de ise\u00a070 bin ki\u015fiye bir halk k\u00fct\u00fcphanesi\u00a0d\u00fc\u015f\u00fcyor. Hacettepe \u00dcniversitesi Bilgi ve Belge Y\u00f6netimi \u00d6\u011fretim \u00dcyesi Prof. Dr.\u00a0B\u00fclent Y\u0131lmaz, Uluslararas\u0131 K\u00fct\u00fcphane Dernekleri Federasyonunun (IFLA) yay\u0131mlad\u0131\u011f\u0131 &#8220;D\u00fcnya [&hellip;]<\/p>\n","protected":false},"author":146,"featured_media":22715,"comment_status":"open","ping_status":"open","sticky":false,"template":"","format":"standard","meta":{"footnotes":""},"categories":[1502],"tags":[1460],"class_list":["post-22714","post","type-post","status-publish","format-standard","has-post-thumbnail","hentry","category-prof-dr-bulent-yilmaz","tag-kose-yazarlari"],"_links":{"self":[{"href":"https:\/\/www.bbyhaber.com\/bby\/wp-json\/wp\/v2\/posts\/22714"}],"collection":[{"href":"https:\/\/www.bbyhaber.com\/bby\/wp-json\/wp\/v2\/posts"}],"about":[{"href":"https:\/\/www.bbyhaber.com\/bby\/wp-json\/wp\/v2\/types\/post"}],"author":[{"embeddable":true,"href":"https:\/\/www.bbyhaber.com\/bby\/wp-json\/wp\/v2\/users\/146"}],"replies":[{"embeddable":true,"href":"https:\/\/www.bbyhaber.com\/bby\/wp-json\/wp\/v2\/comments?post=22714"}],"version-history":[{"count":8,"href":"https:\/\/www.bbyhaber.com\/bby\/wp-json\/wp\/v2\/posts\/22714\/revisions"}],"predecessor-version":[{"id":24465,"href":"https:\/\/www.bbyhaber.com\/bby\/wp-json\/wp\/v2\/posts\/22714\/revisions\/24465"}],"wp:featuredmedia":[{"embeddable":true,"href":"https:\/\/www.bbyhaber.com\/bby\/wp-json\/wp\/v2\/media\/22715"}],"wp:attachment":[{"href":"https:\/\/www.bbyhaber.com\/bby\/wp-json\/wp\/v2\/media?parent=22714"}],"wp:term":[{"taxonomy":"category","embeddable":true,"href":"https:\/\/www.bbyhaber.com\/bby\/wp-json\/wp\/v2\/categories?post=22714"},{"taxonomy":"post_tag","embeddable":true,"href":"https:\/\/www.bbyhaber.com\/bby\/wp-json\/wp\/v2\/tags?post=22714"}],"curies":[{"name":"wp","href":"https:\/\/api.w.org\/{rel}","templated":true}]}}