{"id":22705,"date":"2017-09-26T13:57:43","date_gmt":"2017-09-26T10:57:43","guid":{"rendered":"http:\/\/www.bbyhaber.com\/bby\/?p=22705"},"modified":"2017-09-26T13:58:03","modified_gmt":"2017-09-26T10:58:03","slug":"turkiye-yardim-sevenler-dernegi-dijital-arsiv-sitesi-kullanima-acildi","status":"publish","type":"post","link":"https:\/\/www.bbyhaber.com\/bby\/2017\/09\/26\/turkiye-yardim-sevenler-dernegi-dijital-arsiv-sitesi-kullanima-acildi","title":{"rendered":"T\u00fcrkiye Yard\u0131m Sevenler Derne\u011fi Dijital Ar\u015fiv sitesi kullan\u0131ma a\u00e7\u0131ld\u0131"},"content":{"rendered":"<p><a href=\"http:\/\/www.bbyhaber.com\/bby\/wp-content\/uploads\/2017\/09\/tysdarsivi.jpg\"><img loading=\"lazy\" decoding=\"async\" class=\"alignleft size-full wp-image-22706\" src=\"http:\/\/www.bbyhaber.com\/bby\/wp-content\/uploads\/2017\/09\/tysdarsivi.jpg\" alt=\"\" width=\"390\" height=\"180\" \/><\/a>T\u00fcrkiye Yard\u0131m Sevenler Derne\u011fi (TYSD), ba\u015flang\u0131\u00e7ta yoksul kad\u0131nlara yard\u0131m etmek amac\u0131 ve Atat\u00fcrk&#8217;\u00fcn iste\u011fi ile 1928 y\u0131l\u0131nda kurulan T\u00fcrkiye&#8217;nin ilk ve en uzun soluklu sivil toplum kurulu\u015flar\u0131ndan birisidir. Gelecek y\u0131l 90. y\u0131l\u0131n\u0131 kutlamaya haz\u0131rlanan bu kurulu\u015f Cumhuriyet tarihi i\u00e7in \u00f6nemli bas\u0131l\u0131 ve g\u00f6rsel belgelere sahiptir.<!--more--><\/p>\n<p>TYSD i\u00e7in k\u00fc\u00e7\u00fck ve orta \u00f6l\u00e7ekli k\u00fclt\u00fcrel bellek kurumlar\u0131na (k\u00fct\u00fcphane, ar\u015fiv ve m\u00fczeler) da \u00f6rnek olabilecek ve bu t\u00fcrden giri\u015fimler i\u00e7in fikir v<span class=\"text_exposed_show\">erebilecek bir Dijital Ar\u015fiv sitesinin olu\u015fturuldu\u011fu a\u00e7\u0131kland\u0131. Dijital ar\u015fiv sitesinin, Hacettepe \u00dcniverisitesi Bilgi ve Belge Y\u00f6netimi Ara\u015f. G\u00f6r. Dr. Tolga \u00c7akmak (Proje Dan\u0131\u015fman\u0131) ve ayr\u0131ca Beg\u00fcm Ta\u015fdan, Yasemin Ayd\u0131n adl\u0131 \u00f6\u011frencilerin katk\u0131lar\u0131 ile haz\u0131rland\u0131\u011f\u0131 bildirildi.<\/span><\/p>\n<div class=\"text_exposed_show\">\n<p>TYSD Ar\u015fivi, T\u00fcrkiye&#8217;den 64 ar\u015fivin yer ald\u0131\u011f\u0131 Registry of Open Access Repositories (ROAR) adl\u0131 a\u00e7\u0131k eri\u015fim platformunda da yer almaya ba\u015flad\u0131.<\/p>\n<p>TYSD Dijital Ar\u015fivi&#8217;ne\u00a0<a href=\"https:\/\/l.facebook.com\/l.php?u=http%3A%2F%2Ftysdarsivi.hacettepe.edu.tr%2F&amp;h=ATObtb28NkSohJEKV4KylcHrBdLSliFvDjo3V6_Gp8JqFLVN1I6pGR9G2vEi_mkM-UxOgd4HLY8fAE07MxcbTNCfIdqFZ-IrS6ZJCUPGa10fIan97YNoFeY0FK6Bqw_STj4GubN1HeBBsL4uCqG0shV--0wqJW2Ze16jv_ZMjUSFP9PYcyopePbBQUmdlMEiT5g0sEI5JE9xKD0TtjRx6kk33XWleieuYafoS9lWI5Icrcbdz0gFTMf8gjAPmZZPRbqKV1yolDpXkboVI9GrdJtD6xL-\" target=\"_blank\" rel=\"noopener\" data-ft=\"{&quot;tn&quot;:&quot;-U&quot;}\" data-lynx-mode=\"async\">http:\/\/tysdarsivi.hacettepe.edu.tr<\/a>\u00a0adresinden eri\u015febilirsiniz.<\/p>\n<\/div>\n","protected":false},"excerpt":{"rendered":"<p>T\u00fcrkiye Yard\u0131m Sevenler Derne\u011fi (TYSD), ba\u015flang\u0131\u00e7ta yoksul kad\u0131nlara yard\u0131m etmek amac\u0131 ve Atat\u00fcrk&#8217;\u00fcn iste\u011fi ile 1928 y\u0131l\u0131nda kurulan T\u00fcrkiye&#8217;nin ilk ve en uzun soluklu sivil toplum kurulu\u015flar\u0131ndan birisidir. Gelecek y\u0131l 90. y\u0131l\u0131n\u0131 kutlamaya haz\u0131rlanan bu kurulu\u015f Cumhuriyet tarihi i\u00e7in \u00f6nemli bas\u0131l\u0131 ve g\u00f6rsel belgelere sahiptir.<\/p>\n","protected":false},"author":1,"featured_media":22706,"comment_status":"open","ping_status":"open","sticky":false,"template":"","format":"standard","meta":{"footnotes":""},"categories":[727],"tags":[1096],"class_list":["post-22705","post","type-post","status-publish","format-standard","has-post-thumbnail","hentry","category-kulturel-miras-2","tag-arsivcilik"],"_links":{"self":[{"href":"https:\/\/www.bbyhaber.com\/bby\/wp-json\/wp\/v2\/posts\/22705"}],"collection":[{"href":"https:\/\/www.bbyhaber.com\/bby\/wp-json\/wp\/v2\/posts"}],"about":[{"href":"https:\/\/www.bbyhaber.com\/bby\/wp-json\/wp\/v2\/types\/post"}],"author":[{"embeddable":true,"href":"https:\/\/www.bbyhaber.com\/bby\/wp-json\/wp\/v2\/users\/1"}],"replies":[{"embeddable":true,"href":"https:\/\/www.bbyhaber.com\/bby\/wp-json\/wp\/v2\/comments?post=22705"}],"version-history":[{"count":2,"href":"https:\/\/www.bbyhaber.com\/bby\/wp-json\/wp\/v2\/posts\/22705\/revisions"}],"predecessor-version":[{"id":22708,"href":"https:\/\/www.bbyhaber.com\/bby\/wp-json\/wp\/v2\/posts\/22705\/revisions\/22708"}],"wp:featuredmedia":[{"embeddable":true,"href":"https:\/\/www.bbyhaber.com\/bby\/wp-json\/wp\/v2\/media\/22706"}],"wp:attachment":[{"href":"https:\/\/www.bbyhaber.com\/bby\/wp-json\/wp\/v2\/media?parent=22705"}],"wp:term":[{"taxonomy":"category","embeddable":true,"href":"https:\/\/www.bbyhaber.com\/bby\/wp-json\/wp\/v2\/categories?post=22705"},{"taxonomy":"post_tag","embeddable":true,"href":"https:\/\/www.bbyhaber.com\/bby\/wp-json\/wp\/v2\/tags?post=22705"}],"curies":[{"name":"wp","href":"https:\/\/api.w.org\/{rel}","templated":true}]}}