{"id":22638,"date":"2017-09-14T16:49:23","date_gmt":"2017-09-14T13:49:23","guid":{"rendered":"http:\/\/www.bbyhaber.com\/bby\/?p=22638"},"modified":"2018-02-08T16:52:05","modified_gmt":"2018-02-08T13:52:05","slug":"osmaniye-korkut-ata-universitesi-arastirma-gorevlisi-is-ilani-son-basvuru-28-09-2017","status":"publish","type":"post","link":"https:\/\/www.bbyhaber.com\/bby\/2017\/09\/14\/osmaniye-korkut-ata-universitesi-arastirma-gorevlisi-is-ilani-son-basvuru-28-09-2017","title":{"rendered":"Osmaniye Korkut Ata \u00dcniversitesi ARA\u015eTIRMA G\u00d6REVL\u0130S\u0130 \u0130\u015f \u0130lan\u0131-Son Ba\u015fvuru-28.09.2017"},"content":{"rendered":"<p class=\"m_-3732665463638293653gmail-MsoNoSpacing\"><a href=\"http:\/\/www.bbyhaber.com\/bby\/wp-content\/uploads\/2017\/05\/osmaniye.jpg\"><img loading=\"lazy\" decoding=\"async\" class=\"alignleft wp-image-22002\" src=\"http:\/\/www.bbyhaber.com\/bby\/wp-content\/uploads\/2017\/05\/osmaniye.jpg\" alt=\"\" width=\"380\" height=\"190\" srcset=\"https:\/\/www.bbyhaber.com\/bby\/wp-content\/uploads\/2017\/05\/osmaniye.jpg 600w, https:\/\/www.bbyhaber.com\/bby\/wp-content\/uploads\/2017\/05\/osmaniye-300x150.jpg 300w\" sizes=\"(max-width: 380px) 100vw, 380px\" \/><\/a>OSMAN\u0130YE KORKUT ATA \u00dcN\u0130VERS\u0130TES\u0130&#8212;&gt;KAD\u0130RL\u0130 SOSYAL VE BE\u015eER\u0130 B\u0130L\u0130MLER FAK\u00dcLTES\u0130&#8212;&gt;B\u0130LG\u0130 VE BELGE Y\u00d6NET\u0130M\u0130 B\u00d6L\u00dcM\u00dc&#8212;&gt;B\u0130LG\u0130 VE BELGE Y\u00d6NET\u0130M\u0130 ANAB\u0130L\u0130M DALI&#8217;na; &#8220;<strong>Bilgi ve Belge Y\u00f6netimi b\u00f6l\u00fcm\u00fc lisans mezunu olmak.<\/strong>&#8221; \u00f6zel \u015fart\u0131 ile <span style=\"color: #ff0000;\"><strong>1<\/strong>\u00a0<\/span><strong>ARA\u015eTIRMA G\u00d6REVL\u0130S\u0130\u00a0<\/strong>al\u0131nacakt\u0131r.<br \/>\n<!--more--><\/p>\n<table style=\"color: #000000; font-family: Arial, Tahoma, Verdana; font-size: 15px; line-height: 18px;\" border=\"1\" width=\"344\" cellspacing=\"0\" cellpadding=\"0\">\n<colgroup>\n<col width=\"233\" \/>\n<col width=\"111\" \/> <\/colgroup>\n<tbody>\n<tr>\n<td width=\"233\" height=\"20\">Kadro Unvan<\/td>\n<td width=\"111\"><strong>ARA\u015eTIRMA G\u00d6REVL\u0130S\u0130<\/strong><\/td>\n<\/tr>\n<tr>\n<td height=\"20\">ALES<\/td>\n<td><strong>70<\/strong><\/td>\n<\/tr>\n<tr>\n<td height=\"20\">YDS\/Dengi<\/td>\n<td><b>50<\/b><\/td>\n<\/tr>\n<tr>\n<td height=\"20\">Kadro Say\u0131s\u0131<\/td>\n<td><span style=\"color: #ff0000;\"><b>1<\/b><\/span><\/td>\n<\/tr>\n<tr>\n<td height=\"20\">Kadro Derecesi<\/td>\n<td>7<\/td>\n<\/tr>\n<tr>\n<td height=\"20\">Ba\u015fvuru Tipi<\/td>\n<td><strong>Posta, \u015eahsen<\/strong><\/td>\n<\/tr>\n<tr>\n<td height=\"20\"><strong><span style=\"color: #0000ff;\">\u00d6zel \u015eart<\/span><\/strong><\/td>\n<td style=\"text-align: justify;\"><strong><strong>Bilgi ve Belge Y\u00f6netimi b\u00f6l\u00fcm\u00fc lisans mezunu olmak.<\/strong><\/strong><\/td>\n<\/tr>\n<tr>\n<td height=\"20\">Ba\u015fvuru Yeri<\/td>\n<td><strong>Kadirli Sosyal ve Be\u015feri Bilimler Fak\u00fcltesi Dekanl\u0131\u011f\u0131<\/strong><\/td>\n<\/tr>\n<tr>\n<td height=\"20\"><strong style=\"color: #ff0000; font-family: Arial, Tahoma, Verdana; font-size: 15px; line-height: 18px;\">Son Ba\u015fvuru Tarihi<\/strong><\/td>\n<td><span style=\"font-family: Arial, Tahoma, Verdana;\"><span style=\"font-size: 15px;\"><strong>28.09.2017<\/strong><\/span><\/span><\/td>\n<\/tr>\n<tr>\n<td height=\"20\">\u00d6n De\u011ferlendirme Tarihi<\/td>\n<td>02.10.2017<\/td>\n<\/tr>\n<tr>\n<td height=\"20\">S\u0131nav Giri\u015f Tarihi<\/td>\n<td>04.10.2017<\/td>\n<\/tr>\n<tr>\n<td height=\"20\"><span style=\"color: #0000ff;\"><strong>Sonu\u00e7 A\u00e7\u0131klama Tarihi<\/strong><\/span><\/td>\n<td><strong>06.10.2017<\/strong><\/td>\n<\/tr>\n<\/tbody>\n<\/table>\n<p><a href=\"https:\/\/yoksis.yok.gov.tr\/ilansayfa\/?sessionid=60813\" target=\"_blank\" rel=\"noopener noreferrer\"><span style=\"color: #0000ff;\"><strong><span style=\"color: #0000ff;\">Daha fazla bilgi ve belge i\u00e7in t\u0131klay\u0131n\u0131z<\/span><\/strong><\/span><\/a><\/p>\n","protected":false},"excerpt":{"rendered":"<p>OSMAN\u0130YE KORKUT ATA \u00dcN\u0130VERS\u0130TES\u0130&#8212;&gt;KAD\u0130RL\u0130 SOSYAL VE BE\u015eER\u0130 B\u0130L\u0130MLER FAK\u00dcLTES\u0130&#8212;&gt;B\u0130LG\u0130 VE BELGE Y\u00d6NET\u0130M\u0130 B\u00d6L\u00dcM\u00dc&#8212;&gt;B\u0130LG\u0130 VE BELGE Y\u00d6NET\u0130M\u0130 ANAB\u0130L\u0130M DALI&#8217;na; &#8220;Bilgi ve Belge Y\u00f6netimi b\u00f6l\u00fcm\u00fc lisans mezunu olmak.&#8221; \u00f6zel \u015fart\u0131 ile 1\u00a0ARA\u015eTIRMA G\u00d6REVL\u0130S\u0130\u00a0al\u0131nacakt\u0131r.<\/p>\n","protected":false},"author":1,"featured_media":22002,"comment_status":"open","ping_status":"open","sticky":false,"template":"","format":"standard","meta":{"footnotes":""},"categories":[],"tags":[1393],"class_list":["post-22638","post","type-post","status-publish","format-standard","has-post-thumbnail","hentry","tag-bby-is-ilanlari-arsivi"],"_links":{"self":[{"href":"https:\/\/www.bbyhaber.com\/bby\/wp-json\/wp\/v2\/posts\/22638"}],"collection":[{"href":"https:\/\/www.bbyhaber.com\/bby\/wp-json\/wp\/v2\/posts"}],"about":[{"href":"https:\/\/www.bbyhaber.com\/bby\/wp-json\/wp\/v2\/types\/post"}],"author":[{"embeddable":true,"href":"https:\/\/www.bbyhaber.com\/bby\/wp-json\/wp\/v2\/users\/1"}],"replies":[{"embeddable":true,"href":"https:\/\/www.bbyhaber.com\/bby\/wp-json\/wp\/v2\/comments?post=22638"}],"version-history":[{"count":7,"href":"https:\/\/www.bbyhaber.com\/bby\/wp-json\/wp\/v2\/posts\/22638\/revisions"}],"predecessor-version":[{"id":22752,"href":"https:\/\/www.bbyhaber.com\/bby\/wp-json\/wp\/v2\/posts\/22638\/revisions\/22752"}],"wp:featuredmedia":[{"embeddable":true,"href":"https:\/\/www.bbyhaber.com\/bby\/wp-json\/wp\/v2\/media\/22002"}],"wp:attachment":[{"href":"https:\/\/www.bbyhaber.com\/bby\/wp-json\/wp\/v2\/media?parent=22638"}],"wp:term":[{"taxonomy":"category","embeddable":true,"href":"https:\/\/www.bbyhaber.com\/bby\/wp-json\/wp\/v2\/categories?post=22638"},{"taxonomy":"post_tag","embeddable":true,"href":"https:\/\/www.bbyhaber.com\/bby\/wp-json\/wp\/v2\/tags?post=22638"}],"curies":[{"name":"wp","href":"https:\/\/api.w.org\/{rel}","templated":true}]}}