{"id":22631,"date":"2017-09-14T08:56:47","date_gmt":"2017-09-14T05:56:47","guid":{"rendered":"http:\/\/www.bbyhaber.com\/bby\/?p=22631"},"modified":"2019-02-19T13:16:00","modified_gmt":"2019-02-19T10:16:00","slug":"e-beyas-sempozyumu-bilgi-sistemleri-ve-bilisim-yonetimi19-20-ekim-2017ankara","status":"publish","type":"post","link":"https:\/\/www.bbyhaber.com\/bby\/2017\/09\/14\/e-beyas-sempozyumu-bilgi-sistemleri-ve-bilisim-yonetimi19-20-ekim-2017ankara","title":{"rendered":"e-BEYAS Sempozyumu-Bilgi Sistemleri ve Bili\u015fim Y\u00f6netimi,19-20 Ekim 2017,Ankara"},"content":{"rendered":"<p><a href=\"http:\/\/www.bbyhaber.com\/bby\/wp-content\/uploads\/2017\/09\/e-beyas2017.jpg\"><img loading=\"lazy\" decoding=\"async\" class=\"alignleft size-full wp-image-22632\" src=\"http:\/\/www.bbyhaber.com\/bby\/wp-content\/uploads\/2017\/09\/e-beyas2017.jpg\" alt=\"\" width=\"380\" height=\"190\" srcset=\"https:\/\/www.bbyhaber.com\/bby\/wp-content\/uploads\/2017\/09\/e-beyas2017.jpg 619w, https:\/\/www.bbyhaber.com\/bby\/wp-content\/uploads\/2017\/09\/e-beyas2017-300x151.jpg 300w\" sizes=\"(max-width: 380px) 100vw, 380px\" \/><\/a>e-BEYAS Sempozyumu\u2019nun \u00fc\u00e7\u00fcnc\u00fcs\u00fc bu y\u0131l <span style=\"color: #0000ff;\"><strong>19-20 Ekim\u00a02017<\/strong><\/span>\u00a0tarihleri aras\u0131nda Ankara\u2019da \u00a0\u201c<span style=\"color: #0000ff;\"><strong>Bilgi Sistemleri ve Bili\u015fim Y\u00f6netimi<\/strong><\/span>\u201d ana temas\u0131 ile d\u00fczenleniyor.\u00a0<strong>Ankara \u00dcniversitesi\u00a0<\/strong>ev sahipli\u011finde Ankara \u00dcniversitesi Belge Y\u00f6netimi ve Ar\u015fiv Sistemi<strong>\u00a0(BEYAS)\u00a0<\/strong>Koordinat\u00f6rl\u00fc\u011f\u00fc, Ankara \u00dcniversitesi Bilgi Y\u00f6netim Sistemleri Belgelendirme Merkezi<strong>\u00a0(B\u0130L-BEM)\u00a0<\/strong>ve Ankara \u00dcniversitesi Bilgi \u0130\u015flem Daire Ba\u015fkanl\u0131\u011f\u0131 taraf\u0131ndan d\u00fczenlenen,<!--more--> T\u00fcrk Standardlar\u0131 Enstit\u00fcs\u00fc<strong>\u00a0(TSE)\u00a0<\/strong>taraf\u0131ndan desteklenen,<strong>\u00a0T\u00dcRKSAT\u00a0<\/strong>Uydu Haberle\u015fme Kablo TV ve \u0130\u015fletme A.\u015e.\u00a0ana sponsorlu\u011fu ve<strong>NetApp\u00a0<\/strong>Teknoloji Limited \u015eirketi platin sponsorlu\u011fu ve i\u015fbirli\u011fi ile ger\u00e7ekle\u015ftirilecek sempozyumun ana temas\u0131 \u201c<strong>Kurumsal Dinamikler \u00c7er\u00e7evesinde Bilgi Sistemleri ve Bili\u015fim Y\u00f6netimi: Beklentiler ve Yeni Yakla\u015f\u0131mlar<\/strong>\u201d olarak belirlenmi\u015ftir.<\/p>\n<p>Sempozyumda; e-Ar\u015fiv sistemleri, dijitalle\u015ftirme ve teknolojik altyap\u0131 gereklilikleri, EBYS\u2019 lerde teknik altyap\u0131, yeni teknolojiler ve felaket y\u00f6netimi, TS-13298 Standard\u0131n\u0131n getirdikleri ve KYS (Kurum Yeterlilik Sertifikas\u0131), bilgi y\u00f6netimi ve bili\u015fim sistemlerinde standartla\u015fma, istihbarat ve bilgi y\u00f6netimi, bilgi sistemleri ve uzaktan e\u011fitim, e-Kimlik, e-\u0130mza, m-\u0130mza, b-\u0130mza ve biyometrik veri y\u00f6netimi, kurumlararas\u0131 veri-bilgi-belge payla\u015f\u0131m\u0131 ve KEP, DETS\u0130S, KAYS\u0130S, \u0130YEM uygulamalar\u0131, a\u00e7\u0131k devlet uygulamalar\u0131 ve \u00e7\u0131k devlet verisi, mobil uygulamalar ve bilgi y\u00f6netimi, bilgi ve bili\u015fim g\u00fcvenli\u011fi i\u00e7in g\u00fcvenli a\u011flar ve bulut sistemler, siber g\u00fcvenlik ve siber g\u00fcvenlik stratejileri, bilgi sistemleri entegrasyonu, e-Ar\u015fiv ve EBYS entegrasyonu, bilgi sistemleri ve bili\u015fim y\u00f6netiminin hukuki boyutlar\u0131 ve gereksinimler ve benzeri konular, alanlar\u0131nda uzman akademisyen ve uygulamac\u0131lar taraf\u0131ndan ayr\u0131nt\u0131l\u0131 olarak ele al\u0131nacakt\u0131r.<\/p>\n<p>Bilgi ve belge y\u00f6netimi alan\u0131n\u0131n her ge\u00e7en g\u00fcn disiplinleraras\u0131 boyutu daha fazla alg\u0131lanmakta ve anla\u015f\u0131lmaktad\u0131r. Yeni ufuklara yelken a\u00e7an bilgi ve belge y\u00f6netimi alan\u0131, bu yolculu\u011funda hangi disiplinlerle birlikte olaca\u011f\u0131n\u0131, olmas\u0131 gerekti\u011fini \u00f6\u011frenmek zorundad\u0131r. Gelecek, yeni bak\u0131\u015f a\u00e7\u0131lar\u0131na, yeni yakla\u015f\u0131mlara, yeni uygulamalara sahip bilgi ve belge y\u00f6netimi disiplinin zirvede olaca\u011f\u0131n\u0131 g\u00f6steriyor. \u00a0Bu sempozyumda ele al\u0131nacak, tart\u0131\u015f\u0131lacak konular, yeni yakla\u015f\u0131mlar, sunulacak uygulama \u00f6rnekleri vb. hepimizin ufkunu a\u00e7acakt\u0131r.<\/p>\n<p>Bilgi teknolojilerinin h\u0131zl\u0131 geli\u015fimi kurumlar\u0131n i\u015f ve i\u015flemlerinde de\u011fi\u015fiklikler yapmas\u0131n\u0131 zorunlu k\u0131lm\u0131\u015f, ger\u00e7ekle\u015ftirilmekte olan ve ger\u00e7ekle\u015ftirilmi\u015f olan i\u015flemler elektronik ortama ta\u015f\u0131nm\u0131\u015ft\u0131r. Bilgi ve belge y\u00f6netimi ile bili\u015fim sistemlerindeki yenilik\u00e7i yakla\u015f\u0131mlar sayesinde bilgi y\u00f6netim sistemleri, bili\u015fim sistemleri, elektronik belge y\u00f6netim sistemleri, dijitalle\u015ftirme ve e-ar\u015fiv sistemleri kurumlara kolayl\u0131k sa\u011flaman\u0131n yan\u0131nda, i\u015f ve i\u015flemlerini h\u0131zl\u0131 ekonomik ve verimli \u015fekilde ger\u00e7ekle\u015ftirmelerini sa\u011flamaktad\u0131r. S\u00f6z konusu sistemlerin kurumsal yap\u0131larda s\u00fcrd\u00fcr\u00fclebilir bir platformda b\u00fct\u00fcnl\u00fck i\u00e7erisinde y\u00fcr\u00fct\u00fclmesini gerektirmektedir. Kurumsal bilgi sistemlerinin omurgas\u0131n\u0131 olu\u015fturan EBYS uygulamalar\u0131 ile kurumsal bellekleri olu\u015fturan e-ar\u015fiv sistemi ve veri merkezi sistemi uygulamalar\u0131 ana ekseninde kurumsal bilgi sistemlerinin geli\u015ftirilmesi gerekmektedir. Bu ba\u011flamda gereksinim duyulan t\u00fcm kurumsal bilgi sistemini bir b\u00fct\u00fcnl\u00fck i\u00e7erisinde birlikte \u00e7al\u0131\u015fabilirlik boyutunu olu\u015fturan yaz\u0131l\u0131mlar\u0131n geli\u015ftirilmesi\/kurumsalla\u015ft\u0131r\u0131lmas\u0131 ve s\u00fcrd\u00fcr\u00fclebilirliklerinin sa\u011flanmas\u0131 i\u00e7in de\u011fi\u015fen kurumsal dinamikler \u00e7er\u00e7evesinde \u201c<strong>Bilgi Sistemleri ve Bili\u015fim Y\u00f6netimi<\/strong>\u201d nin gelece\u011fi ise \u00fczerinde durulmas\u0131 gereken \u00f6nemli bir boyutu olu\u015fturmaktad\u0131r.<\/p>\n<p>Kurumlarda bilgi sistemleri ve bili\u015fim y\u00f6netimi \u00e7al\u0131\u015fmalar\u0131 bilgi\/belge\/verilerin e-ortama ta\u015f\u0131nmas\u0131ndan ve yaz\u0131l\u0131m\/donan\u0131m sa\u011flanmas\u0131ndan ibaret de\u011fildir. Bilgi sistemleri ve bili\u015fim y\u00f6netimi, bilgi\/belge\/verilerin sa\u011flanmas\u0131, tan\u0131mlanmas\u0131, d\u00fczenlenmesi, ili\u015fkisel b\u00fct\u00fcnl\u00fc\u011f\u00fcn\u00fcn korunmas\u0131, \u00fcstverilerinin belirlenmesi, eri\u015fim ilkeleri, bilgi\/belge\/veri de\u011ferlendirme-ay\u0131klama-saklama-imha ve uzun s\u00fcreli koruma \u00e7al\u0131\u015fmalar\u0131n\u0131, felaket y\u00f6netimini, g\u00fcvenli ve yetkilendirilmi\u015f eri\u015fimi, di\u011fer sistemlerle entegrasyonu i\u00e7eren s\u00fcrecin y\u00f6netimini gerektirmektedir.<\/p>\n<p>Bu ba\u011flamda Sempozyum, kurum ve kurulu\u015flar\u0131n gereksinimlerini kar\u015f\u0131layacak bilgi sistemleri ve bili\u015fim y\u00f6netiminde izlenecek y\u00f6ntemlerin belirlenmesi ve kurumlar\u0131n gereksinimlerini kar\u015f\u0131layacak bilgi y\u00f6netimi ve bili\u015fim sistemi yap\u0131s\u0131n\u0131n ve bile\u015fenlerinin belirlenerek kurum ve kurulu\u015flarda ger\u00e7ekle\u015ftirilecek bilgi sistemi ve bili\u015fim y\u00f6netimi \u00e7al\u0131\u015fmalar\u0131 i\u00e7in fark\u0131ndal\u0131k olu\u015fturmay\u0131 ve bu alanda yol g\u00f6sterici olmay\u0131, kurumsal bilgi sistemleri ve bili\u015fim y\u00f6netiminin gelece\u011fini belirlemeyi ve g\u00fcvence alt\u0131na almay\u0131 hedeflemektedir.<\/p>\n<p>Sempozyuma kamu kurum ve kurulu\u015flar\u0131 ile t\u00fcm \u00fcniversiteler davet edilmektedir. Nitekim ilgili \u00e7al\u0131\u015fma yapan ara\u015ft\u0131rmac\u0131lar\u0131n, kamu kurum ve kurulu\u015flar\u0131 ile t\u00fcm \u00fcniversitelerin belge y\u00f6neticileri, ar\u015fivcileri, bilgi sistemleri ve bili\u015fim y\u00f6neticileri ve bilgi i\u015flem birimlerinin teknik personelinin kat\u0131l\u0131m\u0131 beklenmektedir.<\/p>\n<p><strong><a href=\"http:\/\/ebeyas.org\/wp-content\/uploads\/2017\/09\/logo_0_SON_Web_ici_e-BEYAS-Semp_TASLAK_Prog-%C3%87al%C4%B1%C5%9Fmas%C4%B1_12.09.2017-Zeynep.pdf\" target=\"_blank\" rel=\"noopener\">TASLAK PROGRAM \u0130\u00c7\u0130N TIKLAYINIZ<\/a><\/strong><\/p>\n<p><strong><a href=\"http:\/\/ebeyas.org\/kayit\" target=\"_blank\" rel=\"noopener\">KAYIT \u0130\u00c7\u0130N TIKLAYINIZ (KATILIM \u0130\u00c7\u0130N ZORUNLUDUR)<\/a><\/strong><\/p>\n<p><span style=\"color: #0000ff;\"><b>Sempozyumun Ana Konular\u0131:<\/b><\/span><\/p>\n<ul>\n<li>e-Ar\u015fiv Sistemleri, Dijitalle\u015ftirme ve Teknolojik Altyap\u0131 Gereklilikleri<\/li>\n<li>EBYS\u2019 lerde \u00a0Teknik Altyap\u0131, Yeni Teknolojiler ve Felaket Y\u00f6netimi<\/li>\n<li>TS-13298 Standard\u0131n\u0131n Getirdikleri ve KYS (Kurum Yeterlilik Sertifikas\u0131)<\/li>\n<li>Bilgi Y\u00f6netimi ve Bili\u015fim Sistemlerinde Standartla\u015fma<\/li>\n<li>\u0130stihbarat ve Bilgi Y\u00f6netimi<\/li>\n<li>Bilgi ve Bili\u015fim G\u00fcvenli\u011fi i\u00e7in G\u00fcvenli A\u011flar ve Bulut Sistemler<\/li>\n<li>Siber G\u00fcvenlik ve Siber G\u00fcvenlik Stratejileri<\/li>\n<li>Bilgi Sistemleri ve Uzaktan E\u011fitim<\/li>\n<li>Mobil Uygulamalar ve Bilgi Y\u00f6netimi<\/li>\n<li>e-Kimlik, e-\u0130mza, m-\u0130mza, b-\u0130mza ve Biyometrik Veri Y\u00f6netimi<\/li>\n<li>Kurumlararas\u0131 Veri-Bilgi-Belge Payla\u015f\u0131m\u0131 ve KEP<\/li>\n<li>DETS\u0130S, KAYS\u0130S, \u0130YEM Uygulamalar\u0131<\/li>\n<li>A\u00e7\u0131k Devlet Uygulamalar\u0131 ve A\u00e7\u0131k Devlet Verisi<\/li>\n<li>Bilgi Sistemleri Entegrasyonu, e-Ar\u015fiv ve EBYS Entegrasyonu<\/li>\n<li>Bilgi Sistemleri ve Bili\u015fim Y\u00f6netiminin Hukuki Boyutlar\u0131 ve Gereksinimler<\/li>\n<\/ul>\n<p>konu ba\u015fl\u0131klar\u0131nda akademisyen ve uygulamac\u0131lar\u0131n bilgi birikimi ve deneyimlerini payla\u015fmay\u0131, kurumlar ve firmalar aras\u0131ndaki diyalo\u011fu geli\u015ftirmeyi, bilimsel ve sosyal etkile\u015fim ger\u00e7ekle\u015ftirmeyi ama\u00e7lamaktad\u0131r.<br \/>\n<b><\/b><\/p>\n<p><span style=\"color: #0000ff;\"><b>Alt Konular:<\/b><\/span><\/p>\n<ul>\n<li>e-Ar\u015fiv Sistemleri Ana Kavramlar<\/li>\n<li>e-Ar\u015fiv Yaz\u0131l\u0131mlar\u0131n\u0131n Geli\u015ftirilmesi<\/li>\n<li>e-Ar\u015fiv Yaz\u0131l\u0131mlar\u0131n\u0131n Kurumsalla\u015ft\u0131r\u0131lmas\u0131 ve S\u00fcrd\u00fcr\u00fclebilirli\u011fi<\/li>\n<li>e-Ar\u015fivleme \u00dcstveri Tan\u0131mlamalar\u0131, \u00dcst Veri Yap\u0131s\u0131 ve Modellemesi<\/li>\n<li>e-Ar\u015fivleme Formatlar\u0131<\/li>\n<li>e-Ar\u015fiv Sistemleri Teknik Altyap\u0131 Gereklilikleri<\/li>\n<li>e-Ar\u015fiv Depolama Donan\u0131mlar\u0131 ve Teknolojik Yakla\u015f\u0131mlar<\/li>\n<li>Bulut Tabanl\u0131 e-Ar\u015fiv \u00c7\u00f6z\u00fcmleri<\/li>\n<li>e-Ar\u015fiv Koruma Stratejileri-Politikalar\u0131 ve Uygulamalar\u0131<\/li>\n<li>e-Ar\u015fiv Sistemlerinde Felaket Y\u00f6netimi<\/li>\n<\/ul>\n<ul>\n<li>Dijitalle\u015ftirme Teknolojisi ve Donan\u0131m Se\u00e7imi<\/li>\n<li>Ar\u015fivlerde Dijitalle\u015ftirme Uygulamalar\u0131<\/li>\n<li>Ar\u015fiv Belgelerinin Dijitalle\u015ftirilmesi \u00d6ncesinde \u0130zlenecek Yol ve Y\u00f6ntemler<\/li>\n<li>Ar\u015fiv Belgelerinin Dijitalle\u015ftirilmesinde \u0130zlenecek Yol ve Y\u00f6ntemler<\/li>\n<li>Ar\u015fiv Belgeleri Dijitalle\u015ftirme S\u00fcre\u00e7leri ve Y\u00f6netimi<\/li>\n<li>Ar\u015fivlerde Dijitalle\u015ftirme Proje Y\u00f6netimi<\/li>\n<li>Hassas Belgelerin Dijitalle\u015ftirilmesi<\/li>\n<li>Medya Ar\u015fivleri ve Dijitalle\u015ftirme<\/li>\n<\/ul>\n<ul>\n<li>e-Ar\u015fiv Uygulamalar\u0131nda \u0130\u00e7erik Y\u00f6netimi<\/li>\n<li>K\u00fclt\u00fcrel Miras\u0131n Gelecek Nesillere Aktar\u0131lmas\u0131<\/li>\n<li>Dijitalle\u015ftirmenin Sosyo-K\u00fclt\u00fcrel Boyutlar\u0131<\/li>\n<li>e-Ar\u015fivlemede D\u00fcnya \u00d6rnekleri<\/li>\n<li>e-Ar\u015fiv Uygulamalar\u0131nda \u0130\u015fbirli\u011fi ve Uyum<\/li>\n<li>e-Ar\u015fiv Uygulamalar\u0131nda Ulusal\/ Uluslararas\u0131 \u0130\u015fbirli\u011fi \u00c7al\u0131\u015fmalar\u0131<\/li>\n<\/ul>\n<ul>\n<li>EBYS Yaz\u0131l\u0131mlar\u0131n\u0131n Geli\u015ftirilmesi<\/li>\n<li>EBYS Yaz\u0131l\u0131mlar\u0131n\u0131n Kurumsalla\u015ft\u0131r\u0131lmas\u0131 ve S\u00fcrd\u00fcr\u00fclebilirli\u011fi<\/li>\n<li>EBYS Uygulamalar\u0131 Y\u00f6netimi<\/li>\n<li>EBYS\u2019lerde S\u00fcre\u00e7 Y\u00f6netimi ve Belge Y\u00f6neticilerinin Rol\u00fc<\/li>\n<li>EBYS Yaz\u0131l\u0131mlar\u0131 Geli\u015ftirmede Belge Y\u00f6neticilerinin Rol\u00fc<\/li>\n<li>e-Belgelerin \u00d6zg\u00fcnl\u00fck ve B\u00fct\u00fcnl\u00fc\u011f\u00fc<\/li>\n<li>Elektronik Belgelerin Uzun S\u00fcreli Korunmas\u0131 (EBYS\u2019lerde)<\/li>\n<li>EBYS\u2019lerde Kullan\u0131labilirlik ve \u0130nsan Makine Etkile\u015fimi<\/li>\n<li>EBYS Donan\u0131mlar\u0131 ve Teknolojik Yakla\u015f\u0131mlar<\/li>\n<li>EBYS\u2019lerde Felaket Y\u00f6netimi<\/li>\n<\/ul>\n<ul>\n<li>EBYS\u2019lerde Standartla\u015fma ve Standartlar<\/li>\n<li>e-Ar\u015fiv Sistemlerinde Standartla\u015fma ve Standartlar<\/li>\n<li>Dijitalle\u015ftirmede Standartla\u015fma ve Standartlar<\/li>\n<li>Bilgi Y\u00f6netimi ve Bili\u015fim Sistemlerinde Standartla\u015fma ve Standartlar<\/li>\n<li>TS 13298 Standard\u0131n\u0131n Alg\u0131lanmas\u0131 ve Uygulanmas\u0131<\/li>\n<li>TS 13298 Standard\u0131n\u0131n Getirdikleri<\/li>\n<li>TS 13298 Standard\u0131n\u0131n Sa\u011flad\u0131\u011f\u0131 Avantajlar ve Dezavantajlar<\/li>\n<li>TS 13298 Standard\u0131 ve Kurum Yeterlilikleri (KYS)<\/li>\n<\/ul>\n<ul>\n<li>EBYS ve e-Ar\u015fiv Sistemlerinin Birlikte \u00c7al\u0131\u015fabilirli\u011fi<\/li>\n<li>EBYS ve e-Ar\u015fiv Sistemlerinin Birlikte \u00c7al\u0131\u015fabilirli\u011fi i\u00e7in Temel Gereksinimler<\/li>\n<\/ul>\n<ul>\n<li>Bilgi Sistemleri ve Uzaktan E\u011fitim<\/li>\n<li>Bilgi Sistemi Olarak Uzaktan E\u011fitim Uygulamalar\u0131<\/li>\n<li>Uzaktan E\u011fitim ve Bili\u015fim<\/li>\n<li>Uzaktan E\u011fitim Programlar\u0131 ve Bilgi Sistemleri<\/li>\n<li>Uzaktan E\u011fitim Teknik Altyap\u0131 Gereklilikleri<\/li>\n<li>Sa\u011fl\u0131kta Bilgi Sistemleri<\/li>\n<li>Dijital \u00c7a\u011fda T\u0131bbi Dok\u00fcmantasyon<\/li>\n<\/ul>\n<ul>\n<li>e-Kimlik ve e-\u0130mza<\/li>\n<li>e-\u0130mza<\/li>\n<li>m-\u0130mza<\/li>\n<li>b-\u0130mza ve Biyometrik Veri Y\u00f6netimi<\/li>\n<li>A\u00e7\u0131k Devlet Verisi<\/li>\n<li>A\u00e7\u0131k Devlet Uygulamalar\u0131<\/li>\n<li>A\u00e7\u0131k Devlet Uygulamalar\u0131nda Belge Y\u00f6neticilerinin Rol\u00fc<\/li>\n<li>Kurumlararas\u0131 Veri-Bilgi-Belge Payla\u015f\u0131m\u0131<\/li>\n<li>Veri-Bilgi-Belge Payla\u015f\u0131m\u0131 ve KEP (Kay\u0131tl\u0131 Elektronik Posta)<\/li>\n<li>DETS\u0130S-KAYS\u0130S-\u0130YEM Uygulamalar\u0131<\/li>\n<\/ul>\n<ul>\n<li>\u0130stihbarat ve Bi,lgi Y\u00f6netimi<\/li>\n<li>Bilgi ve Bili\u015fim G\u00fcvenli\u011fi<\/li>\n<li>G\u00fcvenli A\u011flar<\/li>\n<li>Bulut Bili\u015fim<\/li>\n<li>Siber G\u00fcvenlik<\/li>\n<li>Siber G\u00fcvenlik Stratejileri<\/li>\n<li>Bulut Tabanl\u0131 Ar\u015fivlemede Siber Tehditler<\/li>\n<li>Bulut Tabanl\u0131 Ar\u015fivlemede Yasal Konular ve Standartlar<\/li>\n<\/ul>\n<ul>\n<li>Bilgi Y\u00f6netiminde Mobil Uygulamalar<\/li>\n<li>Bilgi Sistemleri ve Bili\u015fim Y\u00f6netimin Hukuki Boyutlar\u0131 ve Gereksinimler<\/li>\n<li>e-\u0130mza ve Hukuki Boyutlar\u0131<\/li>\n<li>e-Belge ve Hukuki Boyutlar\u0131<\/li>\n<li>Ki\u015fisel Veriler ve Hukuki Boyutlar\u0131<\/li>\n<li>Kurumsal Veriler ve Hukuki Boyutlar\u0131<\/li>\n<li>Kamu Belgelerinde Dijitalle\u015ftirme ve Hukuksal Sonu\u00e7lar\u0131<\/li>\n<li>Dijitalle\u015ftirme ve Adli Bili\u015fim<\/li>\n<li>Entelekt\u00fcel M\u00fclkiyet \/ Telif Haklar\u0131<\/li>\n<li>Dijitalle\u015ftirmenin Yasal S\u00fcre\u00e7lere Etkileri<\/li>\n<li>Dijitalle\u015ftirmenin Y\u00f6netim S\u00fcre\u00e7lerine Etkileri<\/li>\n<\/ul>\n","protected":false},"excerpt":{"rendered":"<p>e-BEYAS Sempozyumu\u2019nun \u00fc\u00e7\u00fcnc\u00fcs\u00fc bu y\u0131l 19-20 Ekim\u00a02017\u00a0tarihleri aras\u0131nda Ankara\u2019da \u00a0\u201cBilgi Sistemleri ve Bili\u015fim Y\u00f6netimi\u201d ana temas\u0131 ile d\u00fczenleniyor.\u00a0Ankara \u00dcniversitesi\u00a0ev sahipli\u011finde Ankara \u00dcniversitesi Belge Y\u00f6netimi ve Ar\u015fiv Sistemi\u00a0(BEYAS)\u00a0Koordinat\u00f6rl\u00fc\u011f\u00fc, Ankara \u00dcniversitesi Bilgi Y\u00f6netim Sistemleri Belgelendirme Merkezi\u00a0(B\u0130L-BEM)\u00a0ve Ankara \u00dcniversitesi Bilgi \u0130\u015flem Daire Ba\u015fkanl\u0131\u011f\u0131 taraf\u0131ndan d\u00fczenlenen,<\/p>\n","protected":false},"author":1,"featured_media":22632,"comment_status":"open","ping_status":"open","sticky":false,"template":"","format":"standard","meta":{"footnotes":""},"categories":[299,1482,1483],"tags":[1395,1412,729],"class_list":["post-22631","post","type-post","status-publish","format-standard","has-post-thumbnail","hentry","category-bilgi-yonetimi-2","category-ebys","category-elektronik-belge-yonetim-sistemi","tag-bby-mesleki-etkinlikler-arsivi","tag-belge-yonetimi","tag-e-beyas"],"_links":{"self":[{"href":"https:\/\/www.bbyhaber.com\/bby\/wp-json\/wp\/v2\/posts\/22631"}],"collection":[{"href":"https:\/\/www.bbyhaber.com\/bby\/wp-json\/wp\/v2\/posts"}],"about":[{"href":"https:\/\/www.bbyhaber.com\/bby\/wp-json\/wp\/v2\/types\/post"}],"author":[{"embeddable":true,"href":"https:\/\/www.bbyhaber.com\/bby\/wp-json\/wp\/v2\/users\/1"}],"replies":[{"embeddable":true,"href":"https:\/\/www.bbyhaber.com\/bby\/wp-json\/wp\/v2\/comments?post=22631"}],"version-history":[{"count":3,"href":"https:\/\/www.bbyhaber.com\/bby\/wp-json\/wp\/v2\/posts\/22631\/revisions"}],"predecessor-version":[{"id":22637,"href":"https:\/\/www.bbyhaber.com\/bby\/wp-json\/wp\/v2\/posts\/22631\/revisions\/22637"}],"wp:featuredmedia":[{"embeddable":true,"href":"https:\/\/www.bbyhaber.com\/bby\/wp-json\/wp\/v2\/media\/22632"}],"wp:attachment":[{"href":"https:\/\/www.bbyhaber.com\/bby\/wp-json\/wp\/v2\/media?parent=22631"}],"wp:term":[{"taxonomy":"category","embeddable":true,"href":"https:\/\/www.bbyhaber.com\/bby\/wp-json\/wp\/v2\/categories?post=22631"},{"taxonomy":"post_tag","embeddable":true,"href":"https:\/\/www.bbyhaber.com\/bby\/wp-json\/wp\/v2\/tags?post=22631"}],"curies":[{"name":"wp","href":"https:\/\/api.w.org\/{rel}","templated":true}]}}