{"id":22605,"date":"2017-09-08T10:23:18","date_gmt":"2017-09-08T07:23:18","guid":{"rendered":"http:\/\/www.bbyhaber.com\/bby\/?p=22605"},"modified":"2017-09-08T10:23:31","modified_gmt":"2017-09-08T07:23:31","slug":"firat-universitesi-modern-kutuphaneye-kavusacak","status":"publish","type":"post","link":"https:\/\/www.bbyhaber.com\/bby\/2017\/09\/08\/firat-universitesi-modern-kutuphaneye-kavusacak","title":{"rendered":"F\u0131rat \u00dcniversitesi modern k\u00fct\u00fcphaneye kavu\u015facak"},"content":{"rendered":"<p><a href=\"http:\/\/www.bbyhaber.com\/bby\/wp-content\/uploads\/2017\/09\/fu-modern-kutuphaneye-kavusacak.jpg\"><img loading=\"lazy\" decoding=\"async\" class=\"alignleft size-full wp-image-22606\" src=\"http:\/\/www.bbyhaber.com\/bby\/wp-content\/uploads\/2017\/09\/fu-modern-kutuphaneye-kavusacak.jpg\" alt=\"\" width=\"380\" height=\"190\" \/><\/a>Elaz\u0131\u011f F\u0131rat \u00dcniversitesine (F\u00dc) Avrupa standartlar\u0131na uygun 13 bin 500 metrekare kapal\u0131 alanda modern k\u00fct\u00fcphane in\u015fa ediliyor. Rekt\u00f6rl\u00fck Kamp\u00fcs\u00fcnde in\u015faat\u0131na ba\u015flanan k\u00fct\u00fcphane binas\u0131n\u0131n 2019 y\u0131l\u0131na kadar tamamlanmas\u0131 hedefleniyor. F\u0131rat \u00dcniversitesi Rekt\u00f6r\u00fc Prof. Dr. Kutbeddin Demirda\u011f, yapt\u0131\u011f\u0131 a\u00e7\u0131klamada, k\u00fct\u00fcphanenin \u00f6\u011frencilere, \u00fcniversite personeline ve ara\u015ft\u0131rmac\u0131lara 24 saat a\u00e7\u0131k olaca\u011f\u0131n\u0131 s\u00f6yledi.<!--more--><\/p>\n<p>K\u00fct\u00fcphane binas\u0131n\u0131n en ince ayr\u0131nt\u0131s\u0131na kadar d\u00fc\u015f\u00fcn\u00fclerek in\u015fa edilece\u011fini anlatan Demirda\u011f, \u015funlar\u0131 kaydetti:<\/p>\n<p>&#8220;K\u00fct\u00fcphanenin in\u015fas\u0131 tamamland\u0131\u011f\u0131nda \u00fcniversite personelimiz, ara\u015ft\u0131rmac\u0131lar ve \u00f6\u011frenciler rahat ve nitelikli bir ortamda \u00e7al\u0131\u015fmalar\u0131n\u0131 yapabilecek. 3 katl\u0131 olacak modern k\u00fct\u00fcphane binas\u0131nda, 3 bin 500 metrekare genel \u00e7al\u0131\u015fma salonu, kitap, cafe, 24 saat a\u00e7\u0131k \u00e7ok ama\u00e7l\u0131 salonlar, tek ki\u015filik ve grup \u00e7al\u0131\u015fmalar\u0131n\u0131n yap\u0131labilece\u011fi odalar, bilgisayar salonlar\u0131 ile 250 ki\u015filik konferans salonu da bulanacak.&#8221;<\/p>\n<p>K\u00fct\u00fcphanede engelli \u00f6\u011frencileri de unutmad\u0131klar\u0131n\u0131 kaydeden Demirda\u011f, zemin ile 2 kat\u0131n yer alaca\u011f\u0131 k\u00fct\u00fcphanenin her kat\u0131nda engelli \u00f6\u011frencilere de yer ayr\u0131ld\u0131\u011f\u0131n\u0131 s\u00f6yledi.<\/p>\n<p>Demirda\u011f, konu\u015fmas\u0131n\u0131 \u015f\u00f6yle tamamlad\u0131:<\/p>\n<p>&#8220;K\u00fct\u00fcphane binas\u0131 24 saat \u00e7al\u0131\u015fma yap\u0131lacak bir e\u011fitim \u00f6\u011frenim alan\u0131 olacak. I\u015f\u0131klar\u0131n hi\u00e7 s\u00f6nmeyece\u011fi k\u00fct\u00fcphaneden, \u00f6\u011frenciler ve \u00fcniversite personeli d\u0131\u015f\u0131nda ara\u015ft\u0131rmac\u0131lar da yararlanabilecek. Bu yap\u0131n\u0131n \u00fcniversitemize, \u015fehrimize ve \u00fclkemize hay\u0131rl\u0131 olmas\u0131n\u0131 diliyorum.&#8221;<\/p>\n<p><a href=\"http:\/\/www.ulke.com.tr\" target=\"_blank\" rel=\"noopener\">Kaynak<\/a><\/p>\n","protected":false},"excerpt":{"rendered":"<p>Elaz\u0131\u011f F\u0131rat \u00dcniversitesine (F\u00dc) Avrupa standartlar\u0131na uygun 13 bin 500 metrekare kapal\u0131 alanda modern k\u00fct\u00fcphane in\u015fa ediliyor. Rekt\u00f6rl\u00fck Kamp\u00fcs\u00fcnde in\u015faat\u0131na ba\u015flanan k\u00fct\u00fcphane binas\u0131n\u0131n 2019 y\u0131l\u0131na kadar tamamlanmas\u0131 hedefleniyor. F\u0131rat \u00dcniversitesi Rekt\u00f6r\u00fc Prof. Dr. Kutbeddin Demirda\u011f, yapt\u0131\u011f\u0131 a\u00e7\u0131klamada, k\u00fct\u00fcphanenin \u00f6\u011frencilere, \u00fcniversite personeline ve ara\u015ft\u0131rmac\u0131lara 24 saat a\u00e7\u0131k olaca\u011f\u0131n\u0131 s\u00f6yledi.<\/p>\n","protected":false},"author":1,"featured_media":22606,"comment_status":"open","ping_status":"open","sticky":false,"template":"","format":"standard","meta":{"footnotes":""},"categories":[],"tags":[1437],"class_list":["post-22605","post","type-post","status-publish","format-standard","has-post-thumbnail","hentry","tag-univ-arastirma-kutuphaneleri"],"_links":{"self":[{"href":"https:\/\/www.bbyhaber.com\/bby\/wp-json\/wp\/v2\/posts\/22605"}],"collection":[{"href":"https:\/\/www.bbyhaber.com\/bby\/wp-json\/wp\/v2\/posts"}],"about":[{"href":"https:\/\/www.bbyhaber.com\/bby\/wp-json\/wp\/v2\/types\/post"}],"author":[{"embeddable":true,"href":"https:\/\/www.bbyhaber.com\/bby\/wp-json\/wp\/v2\/users\/1"}],"replies":[{"embeddable":true,"href":"https:\/\/www.bbyhaber.com\/bby\/wp-json\/wp\/v2\/comments?post=22605"}],"version-history":[{"count":2,"href":"https:\/\/www.bbyhaber.com\/bby\/wp-json\/wp\/v2\/posts\/22605\/revisions"}],"predecessor-version":[{"id":22608,"href":"https:\/\/www.bbyhaber.com\/bby\/wp-json\/wp\/v2\/posts\/22605\/revisions\/22608"}],"wp:featuredmedia":[{"embeddable":true,"href":"https:\/\/www.bbyhaber.com\/bby\/wp-json\/wp\/v2\/media\/22606"}],"wp:attachment":[{"href":"https:\/\/www.bbyhaber.com\/bby\/wp-json\/wp\/v2\/media?parent=22605"}],"wp:term":[{"taxonomy":"category","embeddable":true,"href":"https:\/\/www.bbyhaber.com\/bby\/wp-json\/wp\/v2\/categories?post=22605"},{"taxonomy":"post_tag","embeddable":true,"href":"https:\/\/www.bbyhaber.com\/bby\/wp-json\/wp\/v2\/tags?post=22605"}],"curies":[{"name":"wp","href":"https:\/\/api.w.org\/{rel}","templated":true}]}}